{"id":1859,"date":"2022-06-25T15:01:14","date_gmt":"2022-06-25T11:01:14","guid":{"rendered":"https:\/\/www.zotcar.com\/blog\/?p=1859"},"modified":"2023-07-25T15:11:55","modified_gmt":"2023-07-25T11:11:55","slug":"esclavage-tourisme-memoire-6-lieux-incontournables-martinique","status":"publish","type":"post","link":"https:\/\/www.zotcar.com\/blog\/esclavage-tourisme-memoire-6-lieux-incontournables-martinique\/","title":{"rendered":"Esclavage et tourisme de m\u00e9moire : 6 lieux incontournables en Martinique"},"content":{"rendered":"<p><span style=\"font-weight: 400;\">La Martinique, ce sont de <strong>superbes plages<\/strong>, de <strong>belles randonn\u00e9es<\/strong>, des d\u00e9lices culinaires <strong>\u00e0 ne pas rater<\/strong>, et bien s\u00fbr, de tr\u00e8s bons rhums\u2026 Mais c\u2019est aussi une \u00eele marqu\u00e9e par l\u2019esclavage et son pass\u00e9 <strong>intimement<\/strong> li\u00e9 \u00e0 la traite n\u00e9gri\u00e8re.<\/span><\/p>\n<p>&nbsp;<\/p>\n<p><span style=\"font-weight: 400;\">Vous apercevrez de nombreuses <strong>sculptures comm\u00e9moratives<\/strong> sur les routes de l\u2019\u00eele, mais s\u2019il y a bien des lieux qu\u2019il vous faut absolument d\u00e9couvrir, ce sont les <strong>6 lieux suivants<\/strong> :<\/span><\/p>\n<p><!--more--><\/p>\n<h2><span style=\"font-weight: 400;\">Le cap 110, au Diamant, e<\/span><span style=\"font-weight: 400;\">n m\u00e9moire des victimes de la traite<\/span><\/h2>\n<p>&nbsp;<\/p>\n<p><img decoding=\"async\" loading=\"lazy\" class=\"size-full wp-image-1860 aligncenter\" src=\"https:\/\/zc-blog.s3.eu-west-1.amazonaws.com\/blog\/wp-content\/uploads\/2020\/11\/06111113\/cap-110-diamant.jpg\" alt=\"cap-110-diamant\" width=\"1000\" height=\"500\" srcset=\"https:\/\/zc-blog.s3.eu-west-1.amazonaws.com\/blog\/wp-content\/uploads\/2020\/11\/06111113\/cap-110-diamant.jpg 1000w, https:\/\/zc-blog.s3.eu-west-1.amazonaws.com\/blog\/wp-content\/uploads\/2020\/11\/06111113\/cap-110-diamant-300x150.jpg 300w, https:\/\/zc-blog.s3.eu-west-1.amazonaws.com\/blog\/wp-content\/uploads\/2020\/11\/06111113\/cap-110-diamant-768x384.jpg 768w\" sizes=\"(max-width: 1000px) 100vw, 1000px\" \/><\/p>\n<p>&nbsp;<\/p>\n<p><span style=\"font-weight: 400;\">Au-dessus de la mer, en surplomb de l\u2019<strong>anse Caffard<\/strong> dans la commune du Diamant, se dressent <strong>15 imposantes statues<\/strong> blanches. <\/span><\/p>\n<p>&nbsp;<\/p>\n<p><span style=\"font-weight: 400;\">Il s\u2019agit du cap 110, une oeuvre cr\u00e9\u00e9e par l\u2019artiste martiniquais <strong>Laurent Val\u00e8re<\/strong>. La t\u00eate baiss\u00e9e, ces statues tourn\u00e9es vers le golfe de Guin\u00e9e, ont \u00e9t\u00e9 \u00e9rig\u00e9es <strong>en m\u00e9moire des victimes<\/strong> du naufrage d\u2019un bateau n\u00e9grier dans la baie du Diamant, mais \u00e9galement en m\u00e9moire de <strong>toutes les victimes de la traite<\/strong>.<\/span><\/p>\n<p>&nbsp;<\/p>\n<h2><span style=\"font-weight: 400;\">La savane des esclaves, aux Trois-Ilets, c<\/span><span style=\"font-weight: 400;\">omment vivaient les esclaves ?<\/span><\/h2>\n<p>&nbsp;<\/p>\n<p><img decoding=\"async\" loading=\"lazy\" class=\"size-full wp-image-1861 aligncenter\" src=\"https:\/\/zc-blog.s3.eu-west-1.amazonaws.com\/blog\/wp-content\/uploads\/2020\/11\/06111539\/savane-esclaves-trois-ilets.jpg\" alt=\"savane-esclaves-trois-ilets\" width=\"1000\" height=\"500\" srcset=\"https:\/\/zc-blog.s3.eu-west-1.amazonaws.com\/blog\/wp-content\/uploads\/2020\/11\/06111539\/savane-esclaves-trois-ilets.jpg 1000w, https:\/\/zc-blog.s3.eu-west-1.amazonaws.com\/blog\/wp-content\/uploads\/2020\/11\/06111539\/savane-esclaves-trois-ilets-300x150.jpg 300w, https:\/\/zc-blog.s3.eu-west-1.amazonaws.com\/blog\/wp-content\/uploads\/2020\/11\/06111539\/savane-esclaves-trois-ilets-768x384.jpg 768w\" sizes=\"(max-width: 1000px) 100vw, 1000px\" \/><\/p>\n<p>&nbsp;<\/p>\n<p><span style=\"font-weight: 400;\">Rien de mieux que de visiter la <strong>Savane des Esclaves<\/strong> pour le d\u00e9couvrir. Sur un grand parc de plusieurs hectares ont \u00e9t\u00e9 reconstruites les <strong>habitations<\/strong> des ann\u00e9es 1800 et <strong>des sc\u00e8nes de vie<\/strong> qui permettent de <strong>reconstituer<\/strong> la vie des esclaves, leur <strong>savoir-faire<\/strong> en terme de <strong>construction<\/strong>, de<strong> jardinage<\/strong> (vous y d\u00e9couvrirez le fameux jardin cr\u00e9ole), ou encore de <strong>cuisine<\/strong>.<\/span><\/p>\n<p>&nbsp;<\/p>\n<p><a class=\"btn btn-primary bg-main bold fs14 c-white h50 center block w400\" href=\"https:\/\/www.zotcar.com\/location-voiture-reunion\" target=\"_blank\" rel=\"noopener noreferrer\">Consulter le guide de la location en Martinique<\/a><\/p>\n<p>&nbsp;<\/p>\n<h2><span style=\"font-weight: 400;\">Lakou a, au Gros Morne, \u00e0\u00a0la d\u00e9couverte du b\u00e8l\u00e8, danse cr\u00e9\u00e9e par les esclaves<\/span><\/h2>\n<p><img decoding=\"async\" loading=\"lazy\" class=\"size-full wp-image-1862 aligncenter\" src=\"https:\/\/zc-blog.s3.eu-west-1.amazonaws.com\/blog\/wp-content\/uploads\/2020\/11\/06111954\/lakou-a-gros-morne.jpg\" alt=\"lakou-a-gros-morne\" width=\"1000\" height=\"500\" srcset=\"https:\/\/zc-blog.s3.eu-west-1.amazonaws.com\/blog\/wp-content\/uploads\/2020\/11\/06111954\/lakou-a-gros-morne.jpg 1000w, https:\/\/zc-blog.s3.eu-west-1.amazonaws.com\/blog\/wp-content\/uploads\/2020\/11\/06111954\/lakou-a-gros-morne-300x150.jpg 300w, https:\/\/zc-blog.s3.eu-west-1.amazonaws.com\/blog\/wp-content\/uploads\/2020\/11\/06111954\/lakou-a-gros-morne-768x384.jpg 768w\" sizes=\"(max-width: 1000px) 100vw, 1000px\" \/><\/p>\n<p>&nbsp;<\/p>\n<p><span style=\"font-weight: 400;\">Aujourd\u2019hui encore,<strong> le b\u00e8l\u00e8<\/strong> reste la <strong>danse traditionnelle martiniquaise<\/strong>. Aux sons de tambours et autres percussions, de chants et de contes chant\u00e9s, les danseurs encha\u00eenent des danses <strong>codifi\u00e9es<\/strong>.<\/span><\/p>\n<p>&nbsp;<\/p>\n<p><span style=\"font-weight: 400;\">Tous les vendredis, en plein air, Lakou a accueille les curieux pour des <strong>sessions b\u00e8l\u00e8<\/strong> dans la plus<strong> pure tradition<\/strong>, o\u00f9 <strong>tout le monde<\/strong> est invit\u00e9 \u00e0 danser. Pas de panique pour les d\u00e9butants, il y a toujours une <strong>session d\u2019initiation<\/strong> au d\u00e9but de la soir\u00e9e. Et de <strong>bonnes sp\u00e9cialit\u00e9s culinaires<\/strong> pour se r\u00e9galer.<\/span><\/p>\n<p><a href=\"https:\/\/www.facebook.com\/MadinnYoAnLakouTrankil\/\" target=\"_blank\" rel=\"noopener noreferrer\"><span style=\"font-weight: 400;\">Plus d\u2019informations sur Lakou Trankil<\/span><\/a><\/p>\n<p>&nbsp;<\/p>\n<h2><span style=\"font-weight: 400;\">Le canal des esclaves, au Carbet, dans les pas des esclaves<\/span><\/h2>\n<p>&nbsp;<\/p>\n<p><img decoding=\"async\" loading=\"lazy\" class=\"size-full wp-image-1863 aligncenter\" src=\"https:\/\/zc-blog.s3.eu-west-1.amazonaws.com\/blog\/wp-content\/uploads\/2020\/11\/06112706\/canal-esclaves-carbet.jpg\" alt=\"canal-esclaves-carbet\" width=\"1000\" height=\"500\" srcset=\"https:\/\/zc-blog.s3.eu-west-1.amazonaws.com\/blog\/wp-content\/uploads\/2020\/11\/06112706\/canal-esclaves-carbet.jpg 1000w, https:\/\/zc-blog.s3.eu-west-1.amazonaws.com\/blog\/wp-content\/uploads\/2020\/11\/06112706\/canal-esclaves-carbet-300x150.jpg 300w, https:\/\/zc-blog.s3.eu-west-1.amazonaws.com\/blog\/wp-content\/uploads\/2020\/11\/06112706\/canal-esclaves-carbet-768x384.jpg 768w\" sizes=\"(max-width: 1000px) 100vw, 1000px\" \/><\/p>\n<p>&nbsp;<\/p>\n<p><span style=\"font-weight: 400;\">Dit <a href=\"http:\/\/www.guidemartinique.com\/activites\/randonnee\/canal-beauregard.php\" target=\"_blank\" rel=\"noopener noreferrer\"><strong>canal de Beauregard<\/strong><\/a>, celui-ci a \u00e9t\u00e9 construit par les esclaves, afin d\u2019alimenter en eau <strong>la c\u00f4te Cara\u00efbes<\/strong>, plut\u00f4t s\u00e8che en p\u00e9riode de Car\u00eame. Il est aujourd\u2019hui possible de red\u00e9couvrir le canal, \u00e0 travers un <strong>parcours de randonn\u00e9e<\/strong> sur les murets du canal. <\/span><\/p>\n<p>&nbsp;<\/p>\n<p><span style=\"font-weight: 400;\">C\u2019est une marche <strong>plut\u00f4t facile<\/strong> en <strong>pleine for\u00eat tropicale<\/strong>, mais attention, on marche parfois au-dessus du vide\u2026<\/span><\/p>\n<p>&nbsp;<\/p>\n<h2><span style=\"font-weight: 400;\">L\u2019Eco mus\u00e9e de Rivi\u00e8re-Pilote, l\u2019histoire de la Martinique, depuis les am\u00e9rindiens<\/span><\/h2>\n<p><img decoding=\"async\" loading=\"lazy\" class=\"size-full wp-image-1864 aligncenter\" src=\"https:\/\/zc-blog.s3.eu-west-1.amazonaws.com\/blog\/wp-content\/uploads\/2020\/11\/06113049\/eco-muse%CC%81e-riviere-pilote.jpg\" alt=\"eco-muse\u0301e-riviere-pilote\" width=\"1000\" height=\"500\" srcset=\"https:\/\/zc-blog.s3.eu-west-1.amazonaws.com\/blog\/wp-content\/uploads\/2020\/11\/06113049\/eco-muse%CC%81e-riviere-pilote.jpg 1000w, https:\/\/zc-blog.s3.eu-west-1.amazonaws.com\/blog\/wp-content\/uploads\/2020\/11\/06113049\/eco-muse%CC%81e-riviere-pilote-300x150.jpg 300w, https:\/\/zc-blog.s3.eu-west-1.amazonaws.com\/blog\/wp-content\/uploads\/2020\/11\/06113049\/eco-muse%CC%81e-riviere-pilote-768x384.jpg 768w\" sizes=\"(max-width: 1000px) 100vw, 1000px\" \/><\/p>\n<p>&nbsp;<\/p>\n<p><span style=\"font-weight: 400;\">Construit sur un site o\u00f9 vivaient les indiens Cara\u00efbes et Arawaks, <a href=\"https:\/\/www.voyage-martinique.fr\/ecomusee-de-la-martinique.html\" target=\"_blank\" rel=\"noopener noreferrer\">le mus\u00e9e<\/a> <strong>retrace l\u2019histoire<\/strong> de la Martinique, de la p\u00e9riode<strong> pr\u00e9colombienne<\/strong>, \u00e0 la vie des Cara\u00efbes, en passant par leur d\u00e9cimation par les colons, l\u2019instauration de l\u2019esclavage, puis la vie domestique en Martinique<strong> jusqu\u2019au d\u00e9but du 20\u00e8me si\u00e8cle<\/strong>.<\/span><\/p>\n<p>&nbsp;<\/p>\n<h2><span style=\"font-weight: 400;\">La Maison de la canne, aux Trois-Ilets, d\u00e9couvrir les rouages de la culture de la canne<\/span><\/h2>\n<p><img decoding=\"async\" loading=\"lazy\" class=\"size-full wp-image-1866 aligncenter\" src=\"https:\/\/zc-blog.s3.eu-west-1.amazonaws.com\/blog\/wp-content\/uploads\/2020\/11\/06113754\/maison-de-la-canne-2.jpg\" alt=\"maison-de-la-canne\" width=\"1000\" height=\"500\" srcset=\"https:\/\/zc-blog.s3.eu-west-1.amazonaws.com\/blog\/wp-content\/uploads\/2020\/11\/06113754\/maison-de-la-canne-2.jpg 1000w, https:\/\/zc-blog.s3.eu-west-1.amazonaws.com\/blog\/wp-content\/uploads\/2020\/11\/06113754\/maison-de-la-canne-2-300x150.jpg 300w, https:\/\/zc-blog.s3.eu-west-1.amazonaws.com\/blog\/wp-content\/uploads\/2020\/11\/06113754\/maison-de-la-canne-2-768x384.jpg 768w\" sizes=\"(max-width: 1000px) 100vw, 1000px\" \/><\/p>\n<p>&nbsp;<\/p>\n<p><span style=\"font-weight: 400;\"><strong>L\u2019histoire<\/strong> de la culture de la canne en Martinique est <strong>intimement li\u00e9e<\/strong> \u00e0 l\u2019histoire de l\u2019esclavage. Situ\u00e9 dans une <strong>ancienne distillerie<\/strong>, <a href=\"https:\/\/www.martinique.org\/node\/24373\/PCUMAR972V50084M\/detail\/les-trois-ilets\/la-maison-de-la-canne\" target=\"_blank\" rel=\"noopener noreferrer\">le <strong>mus\u00e9e de la Maison de la canne<\/strong><\/a> retrace cette histoire, depuis l\u2019<strong>implantation des champs de canne<\/strong> et la <strong>traite n\u00e9gri\u00e8re<\/strong>, jusqu\u2019\u00e0 la crise sucri\u00e8re du <strong>19\u00e8me si\u00e8cle<\/strong>.<\/span><\/p>\n<p>&nbsp;<\/p>\n<hr \/>\n<p><span style=\"font-weight: 400;\">Partez \u00e0 la d\u00e9couverte des ces lieux de m\u00e9moire, <a href=\"https:\/\/www.zotcar.com\/location-voiture-martinique\" target=\"_blank\" rel=\"noopener noreferrer\">en louant la voiture d\u2019un particulier sur Zotcar<\/a> !<\/span><\/p>\n<p>&nbsp;<\/p>\n<p><a class=\"btn btn-primary bg-main bold fs14 c-white h50 center block w400\" href=\"https:\/\/www.zotcar.com\/location-voiture-martinique\" target=\"_blank\" rel=\"noopener noreferrer\">Louer une voiture sur Zotcar<\/a><\/p>\n","protected":false},"excerpt":{"rendered":"<p>La Martinique, ce sont de superbes plages, de belles randonn\u00e9es, des d\u00e9lices culinaires \u00e0 ne pas rater, et bien s\u00fbr, de tr\u00e8s bons rhums\u2026 Mais c\u2019est aussi une \u00eele marqu\u00e9e par l\u2019esclavage et son pass\u00e9 intimement li\u00e9 \u00e0 la traite n\u00e9gri\u00e8re. &nbsp; Vous apercevrez de nombreuses sculptures comm\u00e9moratives sur les routes de l\u2019\u00eele, mais s\u2019il [&hellip;]<\/p>\n","protected":false},"author":1,"featured_media":1868,"comment_status":"open","ping_status":"open","sticky":false,"template":"","format":"standard","meta":{"footnotes":"","_wpscppro_dont_share_socialmedia":false,"_wpscppro_custom_social_share_image":0},"categories":[22,29],"tags":[],"acf":[],"yoast_head":"<!-- This site is optimized with the Yoast SEO plugin v21.5 - https:\/\/yoast.com\/wordpress\/plugins\/seo\/ -->\n<title>Esclavage et tourisme de m\u00e9moire : 6 lieux incontournables en Martinique - Zotcar<\/title>\n<meta name=\"description\" content=\"Mus\u00e9es, randonn\u00e9es, sculptures... en voyage en Martinique, ne manquez pas ces 6 lieux pour en apprendre plus sur l&#039;esclavage !\" \/>\n<meta name=\"robots\" content=\"index, follow, max-snippet:-1, max-image-preview:large, max-video-preview:-1\" \/>\n<link rel=\"canonical\" href=\"https:\/\/www.zotcar.com\/blog\/esclavage-tourisme-memoire-6-lieux-incontournables-martinique\/\" \/>\n<meta property=\"og:locale\" content=\"fr_FR\" \/>\n<meta property=\"og:type\" content=\"article\" \/>\n<meta property=\"og:title\" content=\"Esclavage et tourisme de m\u00e9moire : 6 lieux incontournables en Martinique - Zotcar\" \/>\n<meta property=\"og:description\" content=\"Mus\u00e9es, randonn\u00e9es, sculptures... en voyage en Martinique, ne manquez pas ces 6 lieux pour en apprendre plus sur l&#039;esclavage !\" \/>\n<meta property=\"og:url\" content=\"https:\/\/www.zotcar.com\/blog\/esclavage-tourisme-memoire-6-lieux-incontournables-martinique\/\" \/>\n<meta property=\"og:site_name\" content=\"Zotcar\" \/>\n<meta property=\"article:publisher\" content=\"https:\/\/www.facebook.com\/zotcar\/\" \/>\n<meta property=\"article:author\" content=\"https:\/\/www.facebook.com\/zotcar\/\" \/>\n<meta property=\"article:published_time\" content=\"2022-06-25T11:01:14+00:00\" \/>\n<meta property=\"article:modified_time\" content=\"2023-07-25T11:11:55+00:00\" \/>\n<meta property=\"og:image\" content=\"https:\/\/zc-blog.s3.eu-west-1.amazonaws.com\/blog\/wp-content\/uploads\/2020\/11\/06114626\/ARTICLE-M-08.jpg\" \/>\n\t<meta property=\"og:image:width\" content=\"939\" \/>\n\t<meta property=\"og:image:height\" content=\"500\" \/>\n\t<meta property=\"og:image:type\" content=\"image\/jpeg\" \/>\n<meta name=\"author\" content=\"michel\" \/>\n<meta name=\"twitter:card\" content=\"summary_large_image\" \/>\n<meta name=\"twitter:creator\" content=\"@zotcar974\" \/>\n<meta name=\"twitter:site\" content=\"@zotcar974\" \/>\n<meta name=\"twitter:label1\" content=\"\u00c9crit par\" \/>\n\t<meta name=\"twitter:data1\" content=\"michel\" \/>\n\t<meta name=\"twitter:label2\" content=\"Dur\u00e9e de lecture estim\u00e9e\" \/>\n\t<meta name=\"twitter:data2\" content=\"3 minutes\" \/>\n<script type=\"application\/ld+json\" class=\"yoast-schema-graph\">{\"@context\":\"https:\/\/schema.org\",\"@graph\":[{\"@type\":\"WebPage\",\"@id\":\"https:\/\/www.zotcar.com\/blog\/esclavage-tourisme-memoire-6-lieux-incontournables-martinique\/\",\"url\":\"https:\/\/www.zotcar.com\/blog\/esclavage-tourisme-memoire-6-lieux-incontournables-martinique\/\",\"name\":\"Esclavage et tourisme de m\u00e9moire : 6 lieux incontournables en Martinique - Zotcar\",\"isPartOf\":{\"@id\":\"https:\/\/www.zotcar.com\/blog\/#website\"},\"datePublished\":\"2022-06-25T11:01:14+00:00\",\"dateModified\":\"2023-07-25T11:11:55+00:00\",\"author\":{\"@id\":\"https:\/\/www.zotcar.com\/blog\/#\/schema\/person\/e605c8a3aa6efa4eb7967d86e8a6a657\"},\"description\":\"Mus\u00e9es, randonn\u00e9es, sculptures... en voyage en Martinique, ne manquez pas ces 6 lieux pour en apprendre plus sur l'esclavage !\",\"breadcrumb\":{\"@id\":\"https:\/\/www.zotcar.com\/blog\/esclavage-tourisme-memoire-6-lieux-incontournables-martinique\/#breadcrumb\"},\"inLanguage\":\"fr-FR\",\"potentialAction\":[{\"@type\":\"ReadAction\",\"target\":[\"https:\/\/www.zotcar.com\/blog\/esclavage-tourisme-memoire-6-lieux-incontournables-martinique\/\"]}]},{\"@type\":\"BreadcrumbList\",\"@id\":\"https:\/\/www.zotcar.com\/blog\/esclavage-tourisme-memoire-6-lieux-incontournables-martinique\/#breadcrumb\",\"itemListElement\":[{\"@type\":\"ListItem\",\"position\":1,\"name\":\"Accueil\",\"item\":\"https:\/\/www.zotcar.com\/blog\/\"},{\"@type\":\"ListItem\",\"position\":2,\"name\":\"Esclavage et tourisme de m\u00e9moire : 6 lieux incontournables en Martinique\"}]},{\"@type\":\"WebSite\",\"@id\":\"https:\/\/www.zotcar.com\/blog\/#website\",\"url\":\"https:\/\/www.zotcar.com\/blog\/\",\"name\":\"Zotcar\",\"description\":\"Blog de Zotcar - Location de voiture entre particuliers \u00e0 La R\u00e9union, en Martinique et en Guadeloupe\",\"potentialAction\":[{\"@type\":\"SearchAction\",\"target\":{\"@type\":\"EntryPoint\",\"urlTemplate\":\"https:\/\/www.zotcar.com\/blog\/?s={search_term_string}\"},\"query-input\":\"required name=search_term_string\"}],\"inLanguage\":\"fr-FR\"},{\"@type\":\"Person\",\"@id\":\"https:\/\/www.zotcar.com\/blog\/#\/schema\/person\/e605c8a3aa6efa4eb7967d86e8a6a657\",\"name\":\"michel\",\"image\":{\"@type\":\"ImageObject\",\"inLanguage\":\"fr-FR\",\"@id\":\"https:\/\/www.zotcar.com\/blog\/#\/schema\/person\/image\/\",\"url\":\"https:\/\/secure.gravatar.com\/avatar\/cfc7629b21c96d13c82cc526e7cf0ea4?s=96&d=mm&r=g\",\"contentUrl\":\"https:\/\/secure.gravatar.com\/avatar\/cfc7629b21c96d13c82cc526e7cf0ea4?s=96&d=mm&r=g\",\"caption\":\"michel\"},\"description\":\"Michel, fondateur de Zotcar, est un entrepreneur de nature. Ses exp\u00e9riences professionnelles dans les start-up parisiennes l\u2019ont conduit \u00e0 d\u00e9velopper Zotcar, leader de la location de voiture entre particuliers \u00e0 La R\u00e9union. Passionn\u00e9 de trail, il adore parcourir les sentiers de notre belle \u00eele !\",\"sameAs\":[\"https:\/\/www.zotcar.com\",\"https:\/\/www.facebook.com\/zotcar\/\",\"https:\/\/www.instagram.com\/zotcar\/\",\"https:\/\/www.linkedin.com\/company\/10668298\",\"https:\/\/twitter.com\/zotcar974\"],\"url\":\"https:\/\/www.zotcar.com\/blog\/author\/michel\/\"}]}<\/script>\n<!-- \/ Yoast SEO plugin. -->","yoast_head_json":{"title":"Esclavage et tourisme de m\u00e9moire : 6 lieux incontournables en Martinique - Zotcar","description":"Mus\u00e9es, randonn\u00e9es, sculptures... en voyage en Martinique, ne manquez pas ces 6 lieux pour en apprendre plus sur l'esclavage !","robots":{"index":"index","follow":"follow","max-snippet":"max-snippet:-1","max-image-preview":"max-image-preview:large","max-video-preview":"max-video-preview:-1"},"canonical":"https:\/\/www.zotcar.com\/blog\/esclavage-tourisme-memoire-6-lieux-incontournables-martinique\/","og_locale":"fr_FR","og_type":"article","og_title":"Esclavage et tourisme de m\u00e9moire : 6 lieux incontournables en Martinique - Zotcar","og_description":"Mus\u00e9es, randonn\u00e9es, sculptures... en voyage en Martinique, ne manquez pas ces 6 lieux pour en apprendre plus sur l'esclavage !","og_url":"https:\/\/www.zotcar.com\/blog\/esclavage-tourisme-memoire-6-lieux-incontournables-martinique\/","og_site_name":"Zotcar","article_publisher":"https:\/\/www.facebook.com\/zotcar\/","article_author":"https:\/\/www.facebook.com\/zotcar\/","article_published_time":"2022-06-25T11:01:14+00:00","article_modified_time":"2023-07-25T11:11:55+00:00","og_image":[{"width":939,"height":500,"url":"https:\/\/zc-blog.s3.eu-west-1.amazonaws.com\/blog\/wp-content\/uploads\/2020\/11\/06114626\/ARTICLE-M-08.jpg","type":"image\/jpeg"}],"author":"michel","twitter_card":"summary_large_image","twitter_creator":"@zotcar974","twitter_site":"@zotcar974","twitter_misc":{"\u00c9crit par":"michel","Dur\u00e9e de lecture estim\u00e9e":"3 minutes"},"schema":{"@context":"https:\/\/schema.org","@graph":[{"@type":"WebPage","@id":"https:\/\/www.zotcar.com\/blog\/esclavage-tourisme-memoire-6-lieux-incontournables-martinique\/","url":"https:\/\/www.zotcar.com\/blog\/esclavage-tourisme-memoire-6-lieux-incontournables-martinique\/","name":"Esclavage et tourisme de m\u00e9moire : 6 lieux incontournables en Martinique - Zotcar","isPartOf":{"@id":"https:\/\/www.zotcar.com\/blog\/#website"},"datePublished":"2022-06-25T11:01:14+00:00","dateModified":"2023-07-25T11:11:55+00:00","author":{"@id":"https:\/\/www.zotcar.com\/blog\/#\/schema\/person\/e605c8a3aa6efa4eb7967d86e8a6a657"},"description":"Mus\u00e9es, randonn\u00e9es, sculptures... en voyage en Martinique, ne manquez pas ces 6 lieux pour en apprendre plus sur l'esclavage !","breadcrumb":{"@id":"https:\/\/www.zotcar.com\/blog\/esclavage-tourisme-memoire-6-lieux-incontournables-martinique\/#breadcrumb"},"inLanguage":"fr-FR","potentialAction":[{"@type":"ReadAction","target":["https:\/\/www.zotcar.com\/blog\/esclavage-tourisme-memoire-6-lieux-incontournables-martinique\/"]}]},{"@type":"BreadcrumbList","@id":"https:\/\/www.zotcar.com\/blog\/esclavage-tourisme-memoire-6-lieux-incontournables-martinique\/#breadcrumb","itemListElement":[{"@type":"ListItem","position":1,"name":"Accueil","item":"https:\/\/www.zotcar.com\/blog\/"},{"@type":"ListItem","position":2,"name":"Esclavage et tourisme de m\u00e9moire : 6 lieux incontournables en Martinique"}]},{"@type":"WebSite","@id":"https:\/\/www.zotcar.com\/blog\/#website","url":"https:\/\/www.zotcar.com\/blog\/","name":"Zotcar","description":"Blog de Zotcar - Location de voiture entre particuliers \u00e0 La R\u00e9union, en Martinique et en Guadeloupe","potentialAction":[{"@type":"SearchAction","target":{"@type":"EntryPoint","urlTemplate":"https:\/\/www.zotcar.com\/blog\/?s={search_term_string}"},"query-input":"required name=search_term_string"}],"inLanguage":"fr-FR"},{"@type":"Person","@id":"https:\/\/www.zotcar.com\/blog\/#\/schema\/person\/e605c8a3aa6efa4eb7967d86e8a6a657","name":"michel","image":{"@type":"ImageObject","inLanguage":"fr-FR","@id":"https:\/\/www.zotcar.com\/blog\/#\/schema\/person\/image\/","url":"https:\/\/secure.gravatar.com\/avatar\/cfc7629b21c96d13c82cc526e7cf0ea4?s=96&d=mm&r=g","contentUrl":"https:\/\/secure.gravatar.com\/avatar\/cfc7629b21c96d13c82cc526e7cf0ea4?s=96&d=mm&r=g","caption":"michel"},"description":"Michel, fondateur de Zotcar, est un entrepreneur de nature. Ses exp\u00e9riences professionnelles dans les start-up parisiennes l\u2019ont conduit \u00e0 d\u00e9velopper Zotcar, leader de la location de voiture entre particuliers \u00e0 La R\u00e9union. Passionn\u00e9 de trail, il adore parcourir les sentiers de notre belle \u00eele !","sameAs":["https:\/\/www.zotcar.com","https:\/\/www.facebook.com\/zotcar\/","https:\/\/www.instagram.com\/zotcar\/","https:\/\/www.linkedin.com\/company\/10668298","https:\/\/twitter.com\/zotcar974"],"url":"https:\/\/www.zotcar.com\/blog\/author\/michel\/"}]}},"_links":{"self":[{"href":"https:\/\/www.zotcar.com\/blog\/wp-json\/wp\/v2\/posts\/1859"}],"collection":[{"href":"https:\/\/www.zotcar.com\/blog\/wp-json\/wp\/v2\/posts"}],"about":[{"href":"https:\/\/www.zotcar.com\/blog\/wp-json\/wp\/v2\/types\/post"}],"author":[{"embeddable":true,"href":"https:\/\/www.zotcar.com\/blog\/wp-json\/wp\/v2\/users\/1"}],"replies":[{"embeddable":true,"href":"https:\/\/www.zotcar.com\/blog\/wp-json\/wp\/v2\/comments?post=1859"}],"version-history":[{"count":6,"href":"https:\/\/www.zotcar.com\/blog\/wp-json\/wp\/v2\/posts\/1859\/revisions"}],"predecessor-version":[{"id":1871,"href":"https:\/\/www.zotcar.com\/blog\/wp-json\/wp\/v2\/posts\/1859\/revisions\/1871"}],"wp:featuredmedia":[{"embeddable":true,"href":"https:\/\/www.zotcar.com\/blog\/wp-json\/wp\/v2\/media\/1868"}],"wp:attachment":[{"href":"https:\/\/www.zotcar.com\/blog\/wp-json\/wp\/v2\/media?parent=1859"}],"wp:term":[{"taxonomy":"category","embeddable":true,"href":"https:\/\/www.zotcar.com\/blog\/wp-json\/wp\/v2\/categories?post=1859"},{"taxonomy":"post_tag","embeddable":true,"href":"https:\/\/www.zotcar.com\/blog\/wp-json\/wp\/v2\/tags?post=1859"}],"curies":[{"name":"wp","href":"https:\/\/api.w.org\/{rel}","templated":true}]}}