{"id":2323,"date":"2021-02-12T17:20:49","date_gmt":"2021-02-12T13:20:49","guid":{"rendered":"https:\/\/www.zotcar.com\/blog\/?p=2323"},"modified":"2023-07-19T09:09:21","modified_gmt":"2023-07-19T05:09:21","slug":"leila-recrue-zotcar-antilles","status":"publish","type":"post","link":"https:\/\/www.zotcar.com\/blog\/leila-recrue-zotcar-antilles\/","title":{"rendered":"D\u00e9couvrez Leila, nouvelle recrue chez Zotcar Antilles !"},"content":{"rendered":"<p><b>Nouvelle recrue chez Zotcar Cara\u00efbes, Leila Huyghues-Despointes ne manque pas de panache ! Son exp\u00e9rience du voyage, ses rencontres autour du monde ont forg\u00e9 le caract\u00e8re joyeux et \u00e9panoui de notre nouvelle recrue martiniquaise.<\/b><\/p>\n<p>&nbsp;<\/p>\n<p><b>Portrait dans cet article.<\/b><\/p>\n<p><!--more--><\/p>\n<h2><strong>Peux-tu nous d\u00e9crire qui tu es en quelques mots : ton parcours, tes activit\u00e9s, tes valeurs, tes objectifs, tes challenges ?<\/strong><\/h2>\n<p>&nbsp;<\/p>\n<p><span style=\"font-weight: 400;\">C\u2019est une vaste question ! \ud83d\ude42 Qui je suis&#8230; c\u2019est toujours une question difficile, parce qu&rsquo;on se d\u00e9finit selon plusieurs crit\u00e8res.\u00a0<\/span><\/p>\n<p>&nbsp;<\/p>\n<p><span style=\"font-weight: 400;\">Je suis une personne d\u2019origine martiniquaise, toute ma famille est ici, en Martinique. Et j\u2019ai eu la chance, de part le travail de ma m\u00e8re, de grandir en Afrique Sub-Saharienne, en Afrique de l\u2019Ouest et Centrale.\u00a0<\/span><\/p>\n<p>&nbsp;<\/p>\n<p><span style=\"font-weight: 400;\">J\u2019ai fait toute ma scolarit\u00e9 \u00e0 l\u2019\u00e9tranger, en Guyane et en Afrique.\u00a0<\/span><\/p>\n<p><span style=\"font-weight: 400;\">Lorsque j\u2019ai eu mon bac, j\u2019\u00e9tais \u00e0 l&rsquo;\u00e9cole fran\u00e7aise, je suis rentr\u00e9e dans l\u2019Hexagone pour faire mes \u00e9tudes.<\/span><\/p>\n<p><span style=\"font-weight: 400;\">Cela a \u00e9t\u00e9 mon premier vrai choc culturel ! \ud83d\ude42<\/span><\/p>\n<p>&nbsp;<\/p>\n<p><span style=\"font-weight: 400;\">Suite \u00e0 cela, j\u2019avais un peu attrap\u00e9 le virus du voyage, et j\u2019ai profit\u00e9 pendant mes \u00e9tudes de continuer de visiter le monde. Je suis all\u00e9e en Cal\u00e9donie, en Asie.<\/span><\/p>\n<p>&nbsp;<\/p>\n<p><a class=\"btn btn-primary bg-main bold fs14 c-white h50 center block w400\" href=\"https:\/\/www.zotcar.com\/team\">D\u00e9couvrez l&rsquo;\u00e9quipe<\/a><\/p>\n<p>&nbsp;<\/p>\n<h3><b>Leila, la globe-trotteuse\u00a0<\/b><\/h3>\n<p>&nbsp;<\/p>\n<p><span style=\"font-weight: 400;\">En 2016, j\u2019ai eu un gros choc \u00e9motionnel car j\u2019ai perdu mon papa des suites du cancer du sang.\u00a0\u00a0<\/span><\/p>\n<p><span style=\"font-weight: 400;\">A la suite de cet \u00e9v\u00e9nement, je suis partie avec mon sac \u00e0 dos en Am\u00e9rique du Sud. Je suis all\u00e9e au P\u00e9rou, au Br\u00e9sil, en Colombie pendant 8, 9 mois, quasiment un an.<\/span><\/p>\n<p>&nbsp;<\/p>\n<p><span style=\"font-weight: 400;\">Je suis ensuite all\u00e9e en Nouvelle Z\u00e9lande parce que honn\u00eatement, apr\u00e8s l\u2019Am\u00e9rique du Sud, je ne savais pas ce que je voulais faire de ma vie, j\u2019avais fini mes \u00e9tudes, et en m\u00eame temps, je ne savais pas si ce que j\u2019avais fait correspondait \u00e0 ce que je recherchais dans la vie.<\/span><\/p>\n<p>&nbsp;<\/p>\n<p><span style=\"font-weight: 400;\">Je suis partie en Nouvelle Z\u00e9lande avec ma meilleure amie, et j\u2019ai fait ce qu\u2019on voit souvent sur les photos de backpackers, le tour de la Nouvelle Z\u00e9lande en van.<\/span><\/p>\n<p><span style=\"font-weight: 400;\">Je l\u2019ai fait plusieurs fois et de fa\u00e7on diff\u00e9rente\u2026:-)<\/p>\n<p><\/span><\/p>\n<blockquote>\n<h3><em><b>\u201cApr\u00e8s avoir fait le tour du monde, il n\u2019y a jamais plus beau que chez soi\u201d<\/b><\/em><\/h3>\n<\/blockquote>\n<p>&nbsp;<\/p>\n<p><span style=\"font-weight: 400;\">Et au bout d\u2019un moment, j\u2019ai commenc\u00e9 \u00e0 en avoir assez et j\u2019ai eu envie de rentrer pour d\u00e9velopper mon pays.<\/span><\/p>\n<p>&nbsp;<\/p>\n<p><span style=\"font-weight: 400;\">Je me suis dit qu\u2019apr\u00e8s avoir fait le tour du monde, il n\u2019y a jamais plus beau que chez soi, qu\u2019on d\u00e9nigre souvent ce qu\u2019il y a chez soi, alors que l\u2019herbe n\u2019est pas forc\u00e9ment plus verte ailleurs.<\/span><\/p>\n<p>&nbsp;<\/p>\n<p><span style=\"font-weight: 400;\">Il y a un dicton qui repr\u00e9sente assez ce que j\u2019ai ressenti :\u00a0 \u201con pense toujours que l\u2019herbe est plus verte ailleurs, jusqu\u2019\u00e0 ce qu\u2019on se rende compte qu\u2019en fait c\u2019est du synth\u00e9tique\u201d \ud83d\ude42 C\u2019est ce que j\u2019ai ressenti. Quel que soit le pays dans lequel on va, quel que soit ce qu\u2019on va faire, il y aura toujours des probl\u00e8mes, toujours quelque chose qui n\u2019ira pas.<\/p>\n<p><\/span><\/p>\n<blockquote>\n<h3><em><b>\u201cRetour en Martinique pour d\u00e9velopper mon pays\u201d\u00a0<\/b><\/em><\/h3>\n<\/blockquote>\n<p>&nbsp;<\/p>\n<p><span style=\"font-weight: 400;\">Je me suis dit, autant rentrer chez moi et essayer de d\u00e9velopper mon pays. Je suis rentr\u00e9e en Martinique, il y a un an. J\u2019ai fait plusieurs boulots : dans les assurances, au Club Med o\u00f9 j\u2019ai \u00e9t\u00e9 responsable du planning pendant un moment.<\/span><\/p>\n<p>&nbsp;<\/p>\n<p><span style=\"font-weight: 400;\">A la suite du confinement, je n\u2019avais plus de boulot et j\u2019en cherchais un nouveau.<\/span><\/p>\n<p>&nbsp;<\/p>\n<p><span style=\"font-weight: 400;\">Je suis tomb\u00e9e sur une annonce qui avait l\u2019air plut\u00f4t sympa\u2026 \ud83d\ude42 qui parlait d\u2019une petite boite, une start\u2019up, un univers que je ne connaissais pas tr\u00e8s bien.\u00a0<\/span><\/p>\n<p><span style=\"font-weight: 400;\">Mais l\u2019annonce \u00e9tait tr\u00e8s int\u00e9ressante, dans le sens o\u00f9 elle \u00e9tait diversifi\u00e9e : de la cr\u00e9ativit\u00e9, de la recherche.\u00a0<\/span><\/p>\n<p><span style=\"font-weight: 400;\">L\u2019annonce promettait un emploi qui me permettrait de toucher \u00e0 beaucoup de choses diff\u00e9rentes. Et c\u2019est ce que je recherche dans ma vie de tous les jours.\u00a0<\/span><\/p>\n<p><span style=\"font-weight: 400;\">Je ne voulais pas entrer dans la routine.\u00a0<\/p>\n<p><\/span><\/p>\n<blockquote>\n<h3><em><b>\u201cAvec Zotcar, c\u2019est jamais la routine !\u201d<\/b><\/em><\/h3>\n<\/blockquote>\n<p>&nbsp;<\/p>\n<p><span style=\"font-weight: 400;\">Ce qui est bien, c\u2019est que depuis que je suis rentr\u00e9e dans la boite &#8211; je ne le regrette pas du tout d\u2019ailleurs &#8211; on est en perp\u00e9tuelle \u00e9volution, on est tout le temps en train d\u2019essayer de s\u2019am\u00e9liorer, de trouver de nouveaux axes de d\u00e9veloppement, et je trouve \u00e7a super, je trouve \u00e7a absolument g\u00e9nial ! \ud83d\ude42 Je me sens tr\u00e8s \u00e0 l\u2019aise.<\/span><\/p>\n<p>&nbsp;<\/p>\n<h2><strong>Leila, concr\u00e8tement, que fais-tu chez Zotcar, quel est ton poste ?<\/strong><\/h2>\n<p>&nbsp;<\/p>\n<p><span style=\"font-weight: 400;\">L\u2019intitul\u00e9 de mon poste est \u201cCharg\u00e9 de relation client et administratif\u201d donc mon poste comprend le service \u00e0 la client\u00e8le : je r\u00e9ponds aux appels, je g\u00e8re les tickets, je m\u2019occupe des probl\u00e8mes de r\u00e9servation. Je g\u00e8re les validations de permis, les pi\u00e8ces d\u2019identit\u00e9, les cartes grises.<\/span><\/p>\n<p>&nbsp;<\/p>\n<p><span style=\"font-weight: 400;\">Dans l\u2019administratif, il y a un aspect comptabilit\u00e9, je v\u00e9rifie que les paiements partent correctement. Je fais les remboursements, je m\u2019occupe du courrier.<\/span><\/p>\n<p>&nbsp;<\/p>\n<p><span style=\"font-weight: 400;\">Je d\u00e9veloppe aussi des partenariats avec des entreprises d\u2019entretien de v\u00e9hicules, des centres de contr\u00f4le technique sur les deux territoires, la Martinique et la Guadeloupe. Je fais de la prospection aupr\u00e8s de professionnels \u00e9galement.<\/span><\/p>\n<p>&nbsp;<\/p>\n<p><span style=\"font-weight: 400;\">Mon poste a un titre, et derri\u00e8re ce titre, je fais beaucoup de choses diff\u00e9rentes, qui ne se refl\u00e8tent pas forc\u00e9ment dans l\u2019intitul\u00e9, mais qui sont tr\u00e8s int\u00e9ressantes.<\/span><\/p>\n<p>&nbsp;<\/p>\n<p><span style=\"font-weight: 400;\">Je fais \u00e9galement un peu de marketing, du marketing Inbound aussi, dans la r\u00e9daction des parcours.<\/span><\/p>\n<p>&nbsp;<\/p>\n<h2><strong>Pourquoi avoir choisi de travailler avec Zotcar\u00a0 ?<\/strong><\/h2>\n<p>&nbsp;<\/p>\n<p><span style=\"font-weight: 400;\">Il y a plusieurs aspects qui m\u2019ont attir\u00e9s.\u00a0<\/span><\/p>\n<p>&nbsp;<\/p>\n<p><span style=\"font-weight: 400;\">Il y a une premi\u00e8re approche quand on lit une annonce, c\u2019est :\u00a0<\/span><\/p>\n<p><span style=\"font-weight: 400;\">Est-ce que je sens que je suis capable de r\u00e9pondre positivement aux demandes de cette annonce ?<\/span><\/p>\n<p><span style=\"font-weight: 400;\">Est-ce que j\u2019ai les comp\u00e9tences pour pouvoir le faire?<\/span><\/p>\n<p><span style=\"font-weight: 400;\">Quand je l\u2019ai lue, ma r\u00e9ponse a \u00e9t\u00e9 oui.\u00a0<\/span><\/p>\n<p><span style=\"font-weight: 400;\">J\u2019ai donc postul\u00e9.<\/span><\/p>\n<p>&nbsp;<\/p>\n<p><span style=\"font-weight: 400;\">J\u2019ai d\u2019abord rencontr\u00e9 une bo\u00eete RH, un monsieur qui s\u2019est charg\u00e9 du recrutement et qui m\u2019a expliqu\u00e9, parce que je ne savais pas pour quelle bo\u00eete j\u2019allais travailler au d\u00e9part.<\/span><\/p>\n<p><span style=\"font-weight: 400;\">Il n\u2019y avait pas le nom de Zotcar et je ne savais pas exactement ce que Zotcar faisait. Il y avait uniquement la description du poste.<\/span><\/p>\n<p>&nbsp;<\/p>\n<p><span style=\"font-weight: 400;\">Donc quand je me suis\u00a0 pr\u00e9sent\u00e9e, on m\u2019a expliqu\u00e9 ce qui en d\u00e9coulait et j\u2019ai d\u00e9couvert Zotcar en allant faire un tour sur le site Internet, en lisant tout ce qui \u00e9tait possible de trouver sur le site.\u00a0<\/span><\/p>\n<p>&nbsp;<\/p>\n<p><span style=\"font-weight: 400;\">Je ne savais pas du tout qu\u2019il y avait une entreprise comme Zotcar dans les DOM. Cela a \u00e9t\u00e9 une agr\u00e9able surprise.\u00a0<\/p>\n<p><\/span><\/p>\n<blockquote>\n<h3><em><b>\u201cJ\u2019ai trouv\u00e9 l\u2019id\u00e9e vraiment chouette, dans le sens o\u00f9 on a tous des probl\u00e8mes d\u2019embouteillages dans les \u00eeles\u201d<\/b><\/em><\/h3>\n<p>&nbsp;<\/p>\n<\/blockquote>\n<p><span style=\"font-weight: 400;\">C\u2019est aussi de l\u2019\u00e9conomie participative. C\u2019est de particulier \u00e0 particulier.\u00a0<\/span><\/p>\n<p><span style=\"font-weight: 400;\">Cela permet de ne pas entrer dans un syst\u00e8me de type \u201cgros capitalisme\u201d, ce \u00e0 quoi j\u2019adh\u00e8re, ayant une fibre \u00e9colo.\u00a0<\/span><\/p>\n<p>&nbsp;<\/p>\n<p><span style=\"font-weight: 400;\">Cela correspond \u00e0 ce que je recherche.\u00a0 Qu\u2019on puisse \u00e9viter d\u2019importer trop de voitures en Martinique et Guadeloupe.\u00a0<\/span><\/p>\n<p>&nbsp;<\/p>\n<p><span style=\"font-weight: 400;\">On est un petit territoire, on n\u2019a pas beaucoup de routes et on est tr\u00e8s vite satur\u00e9, notamment dans tout ce qui est zone du centre.<\/span><\/p>\n<p><span style=\"font-weight: 400;\">Quand les touristes sont l\u00e0 et que toutes les agences de location louent leurs voitures, on est tr\u00e8s tr\u00e8s vite satur\u00e9.<\/span><\/p>\n<p>&nbsp;<\/p>\n<p><span style=\"font-weight: 400;\">J\u2019ai trouv\u00e9 l\u2019id\u00e9e bien \u00e9galement car on a un taux de ch\u00f4mage qui est tr\u00e8s important, une \u00e9conomie qui a ses probl\u00e8mes.\u00a0<\/span><\/p>\n<p><span style=\"font-weight: 400;\">Si permettre aux gens de se faire un revenu compl\u00e9mentaire en louant leur voiture peut aider, je pense que c\u2019est une excellente id\u00e9e.\u00a0<\/span><\/p>\n<p><span style=\"font-weight: 400;\">C\u2019est un business d\u2019appoint. Cela permet \u00e0 des personnes de se faire un revenu qu\u2019ils n\u2019auraient pas forc\u00e9ment facilement dans la vie de tous les jours.<\/span><\/p>\n<p>&nbsp;<\/p>\n<p><a class=\"btn btn-primary bg-main bold fs14 c-white h50 center block w400\" href=\"https:\/\/www.zotcar.com\/team\">D\u00e9couvrez l&rsquo;\u00e9quipe<\/a><\/p>\n<p>&nbsp;<\/p>\n<h2><strong>As-tu des mentors ou des personnes qui t&rsquo;inspirent dans ta vie ?<\/strong><\/h2>\n<p>&nbsp;<\/p>\n<p><span style=\"font-weight: 400;\">Je vais \u00eatre tr\u00e8s classique.\u00a0<\/p>\n<p><\/span><\/p>\n<blockquote>\n<h3><em><b>\u201cBien s\u00fbr, il y a ma m\u00e8re qui m\u2019inspire \u00e9norm\u00e9ment\u201d<\/b><span style=\"font-weight: 400;\">\u00a0<\/span><\/em><\/h3>\n<\/blockquote>\n<p>&nbsp;<\/p>\n<p><span style=\"font-weight: 400;\">Parce que c\u2019est une femme qui \u00e0 l\u2019\u00e9poque o\u00f9 ce n\u2019\u00e9tait pas forc\u00e9ment \u00e9vident, a pris son courage \u00e0 deux mains et a accept\u00e9 d\u2019\u00eatre mut\u00e9e en Afrique de l\u2019Ouest, c\u2019\u00e9tait en 1998.<\/span><\/p>\n<p><span style=\"font-weight: 400;\">La famille autour, ne comprenait pas forc\u00e9ment.\u00a0<\/span><\/p>\n<p>&nbsp;<\/p>\n<p><span style=\"font-weight: 400;\">C\u2019est quelqu\u2019un qui est tr\u00e8s courageux et qui est tr\u00e8s fort et j\u2019admire beaucoup les qualit\u00e9s de ma maman, et surtout, je la remercie pour toutes les chances qu\u2019elle a pu nous donner dans la vie et de son support.\u00a0<\/span><\/p>\n<p>&nbsp;<\/p>\n<p><span style=\"font-weight: 400;\">Elle a toujours \u00e9t\u00e9 l\u00e0 avec nous, elle a toujours \u00e9t\u00e9 tr\u00e8s pr\u00e9sente et \u00e0 chaque fois qu\u2019on lui soumet une id\u00e9e, c\u2019est quelqu\u2019un qui va toujours positiver , qui va toujours nous dire \u201cje pense que c\u2019est bien\u201d, ou \u201cje ne sais pas mais je vais y r\u00e9fl\u00e9chir\u201d. Voil\u00e0, \u00e7a n\u2019a jamais \u00e9t\u00e9 non directement, il y a toujours une r\u00e9flexion derri\u00e8re.<\/span><\/p>\n<p>&nbsp;<\/p>\n<blockquote>\n<h3><em><b>\u201cThomas Sankara est quelqu\u2019un qui est au fond de mon coeur\u201d<\/b><\/em><\/h3>\n<\/blockquote>\n<p>&nbsp;<\/p>\n<p><span style=\"font-weight: 400;\">J\u2019admire aussi pas mal de personnes, en r\u00e8gle g\u00e9n\u00e9rale. Nelson Mandela, typiquement :-).<\/span><\/p>\n<p>&nbsp;<\/p>\n<p><span style=\"font-weight: 400;\">J\u2019ai \u00e9t\u00e9 tr\u00e8s influenc\u00e9e forc\u00e9ment par tout ce qui est culture afro, par les grands hommes politiques afros aussi comme Nelson Mandela.\u00a0<\/span><\/p>\n<p>&nbsp;<\/p>\n<p><span style=\"font-weight: 400;\">Thomas Sankara est quelqu\u2019un qui est au fond de mon c\u0153ur, car j\u2019ai pass\u00e9 8 ans de mon enfance au Burkina Faso et que l\u00e0-bas, la pr\u00e9sence et l\u2019esprit de Sankara est tr\u00e8s pr\u00e9sent.\u00a0<\/span><\/p>\n<p><span style=\"font-weight: 400;\">La fa\u00e7on dont il a voulu d\u00e9velopper son pays, le fait qu\u2019il ait voulu absolument s\u2019affranchir des puissances autour.\u00a0<\/span><\/p>\n<p><span style=\"font-weight: 400;\">Tout ce qu\u2019il a fait en quatre petites ann\u00e9es est absolument magnifique et il a repr\u00e9sent\u00e9 finalement ce mouvement et cette envie des gens de s\u2019en sortir et de vouloir faire mieux tous les jours.\u00a0<\/span><\/p>\n<p><span style=\"font-weight: 400;\">Et il a \u00e9t\u00e9 l\u2019un des premiers grands f\u00e9ministes pr\u00e9sidents.<\/span><\/p>\n<p>&nbsp;<\/p>\n<p><span style=\"font-weight: 400;\">Dans la vie de tous les jours, j\u2019admire aussi les personnes qui ont le courage de faire ce qu\u2019elles ont envie de faire, qui ont le courage de dire non, j\u2019admire toutes les personnes qui s\u2019affirment \ud83d\ude42<\/span><\/p>\n<p>&nbsp;<\/p>\n<h2><strong>Quelle a \u00e9t\u00e9 la plus grande le\u00e7on tir\u00e9e de tes voyages \u00e0 l\u2019\u00e9tranger ?\u00a0<\/strong><\/h2>\n<p>&nbsp;<\/p>\n<p><span style=\"font-weight: 400;\">D\u2019arr\u00eater d\u2019allumer la t\u00e9l\u00e9 et de regarder les nouvelles.\u00a0<\/span><\/p>\n<p>&nbsp;<\/p>\n<blockquote>\n<h3><em><b>\u201cLe monde est bien plus beau, il n\u2019y a pas autant de m\u00e9chants qu\u2019on le croit ou qu\u2019on veut nous le faire croire ou qu\u2019on nous le fasse transpara\u00eetre dans les nouvelles\u201d<\/b><\/em><\/h3>\n<\/blockquote>\n<p>&nbsp;<\/p>\n<p><span style=\"font-weight: 400;\">Moi ce qui m\u2019a marqu\u00e9 c\u2019est qu\u2019au P\u00e9rou, je voyageais toute seule avec un sac \u00e0 dos et je n\u2019ai jamais eu de probl\u00e8mes.\u00a0<\/span><\/p>\n<p>&nbsp;<\/p>\n<p><span style=\"font-weight: 400;\">Apr\u00e8s bien s\u00fbr, c\u2019est tr\u00e8s important lorsqu\u2019on est en voyage de ne pas arriver avec ses gros sabots et de dire je connais tout, je sais comment \u00e7a fonctionne.\u00a0<\/span><\/p>\n<p><span style=\"font-weight: 400;\">Non, il faut toujours avoir un peu d\u2019humilit\u00e9 quand on arrive dans une culture que l\u2019on ne conna\u00eet pas, dans un pays que l\u2019on ne conna\u00eet pas.<\/span><\/p>\n<p>&nbsp;<\/p>\n<p><span style=\"font-weight: 400;\">Il faut toujours se renseigner : les choses \u00e0 faire, \u00e0 ne pas faire, \u00e0 dire, \u00e0 ne pas dire, les endroits o\u00f9 aller et les endroits o\u00f9 ne pas aller.\u00a0<\/span><\/p>\n<p><span style=\"font-weight: 400;\">Et il faut accepter les conseils des locaux, \u00e7a, c\u2019est super important.\u00a0<\/span><\/p>\n<p><span style=\"font-weight: 400;\">J\u2019ai \u00e9t\u00e9 beaucoup, beaucoup accompagn\u00e9e par des personnes que je ne connaissais pas, que j\u2019ai rencontr\u00e9es dans un trajet de bus et qui m\u2019ont donn\u00e9 des conseils, qui m\u2019ont emmen\u00e9 dans un endroit.<\/span><\/p>\n<p>&nbsp;<\/p>\n<p><span style=\"font-weight: 400;\">Un soir, j\u2019\u00e9tais perdu en plein milieu d&rsquo;Arequipa \u00e0 2h00 du matin, je venais d\u2019arriver du bus, je ne savais pas o\u00f9 me loger. Avec mon gros sac \u00e0 dos, j\u2019ai rencontr\u00e9 un \u00e9tranger, quelqu\u2019un qui habitait l\u00e0, dans la rue et qui m\u2019a dit \u201cTu as l\u2019air perdue, est-ce que je peux t\u2019aider ?\u201d\u00a0<\/span><\/p>\n<p><span style=\"font-weight: 400;\">Et c\u2019est comme \u00e7a que je me suis retrouv\u00e9e \u00e0 avoir un logement, gr\u00e2ce \u00e0 cette personne, dont je ne me souviens m\u00eame pas du pr\u00e9nom aujourd&rsquo;hui pour tout dire, et que j\u2019ai crois\u00e9 peut-\u00eatre 4 heures dans mon voyage mais qui m\u2019a aid\u00e9 et gr\u00e2ce \u00e0 lui, j\u2019ai r\u00e9ussi \u00e0 trouver un logement, je ne suis pas rest\u00e9e perdue dans la rue jusqu\u2019\u00e0 6h du matin !<\/span><\/p>\n<p>&nbsp;<\/p>\n<p><span style=\"font-weight: 400;\">C\u2019est important de se rendre compte que le monde n\u2019est pas si m\u00e9chant qu\u2019on veut nous le faire croire !<\/span><\/p>\n<p>&nbsp;<\/p>\n<h2><strong>As-tu une anecdote \u00e0 nous raconter concernant une location de voiture \u00e0 l\u2019\u00e9tranger ou un voyage en voiture avec quelqu\u2019un ?<\/strong><\/h2>\n<p>&nbsp;<\/p>\n<p><span style=\"font-weight: 400;\">Je n\u2019ai pas eu l\u2019occasion de louer beaucoup de voitures, sauf en Nouvelle Z\u00e9lande o\u00f9 l\u00e0, pour la premi\u00e8re fois, je me suis retrouv\u00e9e \u00e0 louer des immenses campings car pour six, o\u00f9 il y a douche, toilette, cuisine&#8230;\u00a0<\/span><\/p>\n<p>&nbsp;<\/p>\n<p><span style=\"font-weight: 400;\">Et donc, je me suis retrouv\u00e9e \u00e0 conduire un camping-car dans un pays o\u00f9 on conduit \u00e0 gauche, pas \u00e0 droite !\u00a0<\/span><\/p>\n<p>&nbsp;<\/p>\n<p><span style=\"font-weight: 400;\">Avec un truc qui fait 6 m\u00e8tres de long et 3,5 m de large. Moi qui n\u2019avait pas conduit depuis plusieurs mois \ud83d\ude42 Au d\u00e9but, \u00e7a \u00e9t\u00e9 assez folklorique ! Il fallait toujours avoir quelqu\u2019un \u00e0 c\u00f4t\u00e9 pour me dire : \u201cReste sur la gauche\u201d !<\/span><\/p>\n<p>&nbsp;<\/p>\n<p><span style=\"font-weight: 400;\">Le plus dr\u00f4le c\u2019est de prendre les ronds-points.\u00a0<\/span><\/p>\n<p><span style=\"font-weight: 400;\">Nous, on a l\u2019habitude de prendre le rond-point dans un sens, on le prend par la droite, mais l\u00e0-bas, comme on conduit \u00e0 gauche, le rond-point se prend sur la gauche. Et l\u00e0, il faut faire toute une gymnastique mentale, pour pouvoir penser \u00e0 prendre le rond-point sur la gauche.\u00a0<\/span><\/p>\n<p><span style=\"font-weight: 400;\">Apr\u00e8s, on prend tr\u00e8s vite le pli et au bout de quatre jours, on s\u2019habitue.<\/span><\/p>\n<p>&nbsp;<\/p>\n<p><span style=\"font-weight: 400;\">Le plus dur apr\u00e8s, c\u2019est le retour \u00e0 la conduite \u00e0 droite !<\/span><\/p>\n<p>&nbsp;<\/p>\n<h2><strong>As-tu quelque chose \u00e0 rajouter pour conclure ?<\/strong><\/h2>\n<p>&nbsp;<\/p>\n<p><span style=\"font-weight: 400;\">Je pense que Zotcar a beaucoup d\u2019avenir aux Antilles \ud83d\ude42\u00a0 et j&rsquo;esp\u00e8re qu\u2019on va pouvoir s\u2019\u00e9tendre ! \ud83d\ude42<\/span><\/p>\n<p>&nbsp;<\/p>\n<p>&nbsp;<\/p>\n<p><a class=\"btn btn-primary bg-main bold fs14 c-white h50 center block w400\" href=\"https:\/\/www.zotcar.com\/team\">D\u00e9couvrez l&rsquo;\u00e9quipe<\/a><\/p>\n","protected":false},"excerpt":{"rendered":"<p>Nouvelle recrue chez Zotcar Cara\u00efbes, Leila Huyghues-Despointes ne manque pas de panache ! Son exp\u00e9rience du voyage, ses rencontres autour du monde ont forg\u00e9 le caract\u00e8re joyeux et \u00e9panoui de notre nouvelle recrue martiniquaise. &nbsp; Portrait dans cet article.<\/p>\n","protected":false},"author":7,"featured_media":2349,"comment_status":"open","ping_status":"open","sticky":false,"template":"","format":"standard","meta":{"footnotes":"","_wpscppro_dont_share_socialmedia":false,"_wpscppro_custom_social_share_image":0},"categories":[42,30,25,29],"tags":[],"acf":[],"yoast_head":"<!-- This site is optimized with the Yoast SEO plugin v21.5 - https:\/\/yoast.com\/wordpress\/plugins\/seo\/ -->\n<title>D\u00e9couvrez Leila, nouvelle recrue chez Zotcar Antilles ! - Zotcar<\/title>\n<meta name=\"description\" content=\"Nouvelle recrue chez Zotcar Antilles, d\u00e9couvrez le parcours de Leila Huygues-Despointes dans cette interview.\" \/>\n<meta name=\"robots\" content=\"index, follow, max-snippet:-1, max-image-preview:large, max-video-preview:-1\" \/>\n<link rel=\"canonical\" href=\"https:\/\/www.zotcar.com\/blog\/leila-recrue-zotcar-antilles\/\" \/>\n<meta property=\"og:locale\" content=\"fr_FR\" \/>\n<meta property=\"og:type\" content=\"article\" \/>\n<meta property=\"og:title\" content=\"D\u00e9couvrez Leila, nouvelle recrue chez Zotcar Antilles ! - Zotcar\" \/>\n<meta property=\"og:description\" content=\"Nouvelle recrue chez Zotcar Antilles, d\u00e9couvrez le parcours de Leila Huygues-Despointes dans cette interview.\" \/>\n<meta property=\"og:url\" content=\"https:\/\/www.zotcar.com\/blog\/leila-recrue-zotcar-antilles\/\" \/>\n<meta property=\"og:site_name\" content=\"Zotcar\" \/>\n<meta property=\"article:publisher\" content=\"https:\/\/www.facebook.com\/zotcar\/\" \/>\n<meta property=\"article:published_time\" content=\"2021-02-12T13:20:49+00:00\" \/>\n<meta property=\"article:modified_time\" content=\"2023-07-19T05:09:21+00:00\" \/>\n<meta property=\"og:image\" content=\"https:\/\/zc-blog.s3.eu-west-1.amazonaws.com\/blog\/wp-content\/uploads\/2021\/02\/12154556\/leila-recrue-zotcar-antilles.jpg\" \/>\n\t<meta property=\"og:image:width\" content=\"1000\" \/>\n\t<meta property=\"og:image:height\" content=\"500\" \/>\n\t<meta property=\"og:image:type\" content=\"image\/jpeg\" \/>\n<meta name=\"author\" content=\"Hilary\" \/>\n<meta name=\"twitter:card\" content=\"summary_large_image\" \/>\n<meta name=\"twitter:creator\" content=\"@zotcar974\" \/>\n<meta name=\"twitter:site\" content=\"@zotcar974\" \/>\n<meta name=\"twitter:label1\" content=\"\u00c9crit par\" \/>\n\t<meta name=\"twitter:data1\" content=\"Hilary\" \/>\n\t<meta name=\"twitter:label2\" content=\"Dur\u00e9e de lecture estim\u00e9e\" \/>\n\t<meta name=\"twitter:data2\" content=\"13 minutes\" \/>\n<script type=\"application\/ld+json\" class=\"yoast-schema-graph\">{\"@context\":\"https:\/\/schema.org\",\"@graph\":[{\"@type\":\"WebPage\",\"@id\":\"https:\/\/www.zotcar.com\/blog\/leila-recrue-zotcar-antilles\/\",\"url\":\"https:\/\/www.zotcar.com\/blog\/leila-recrue-zotcar-antilles\/\",\"name\":\"D\u00e9couvrez Leila, nouvelle recrue chez Zotcar Antilles ! - Zotcar\",\"isPartOf\":{\"@id\":\"https:\/\/www.zotcar.com\/blog\/#website\"},\"datePublished\":\"2021-02-12T13:20:49+00:00\",\"dateModified\":\"2023-07-19T05:09:21+00:00\",\"author\":{\"@id\":\"https:\/\/www.zotcar.com\/blog\/#\/schema\/person\/25ebc3890d9b53600c040019f67d1785\"},\"description\":\"Nouvelle recrue chez Zotcar Antilles, d\u00e9couvrez le parcours de Leila Huygues-Despointes dans cette interview.\",\"breadcrumb\":{\"@id\":\"https:\/\/www.zotcar.com\/blog\/leila-recrue-zotcar-antilles\/#breadcrumb\"},\"inLanguage\":\"fr-FR\",\"potentialAction\":[{\"@type\":\"ReadAction\",\"target\":[\"https:\/\/www.zotcar.com\/blog\/leila-recrue-zotcar-antilles\/\"]}]},{\"@type\":\"BreadcrumbList\",\"@id\":\"https:\/\/www.zotcar.com\/blog\/leila-recrue-zotcar-antilles\/#breadcrumb\",\"itemListElement\":[{\"@type\":\"ListItem\",\"position\":1,\"name\":\"Accueil\",\"item\":\"https:\/\/www.zotcar.com\/blog\/\"},{\"@type\":\"ListItem\",\"position\":2,\"name\":\"D\u00e9couvrez Leila, nouvelle recrue chez Zotcar Antilles !\"}]},{\"@type\":\"WebSite\",\"@id\":\"https:\/\/www.zotcar.com\/blog\/#website\",\"url\":\"https:\/\/www.zotcar.com\/blog\/\",\"name\":\"Zotcar\",\"description\":\"Blog de Zotcar - Location de voiture entre particuliers \u00e0 La R\u00e9union, en Martinique et en Guadeloupe\",\"potentialAction\":[{\"@type\":\"SearchAction\",\"target\":{\"@type\":\"EntryPoint\",\"urlTemplate\":\"https:\/\/www.zotcar.com\/blog\/?s={search_term_string}\"},\"query-input\":\"required name=search_term_string\"}],\"inLanguage\":\"fr-FR\"},{\"@type\":\"Person\",\"@id\":\"https:\/\/www.zotcar.com\/blog\/#\/schema\/person\/25ebc3890d9b53600c040019f67d1785\",\"name\":\"Hilary\",\"image\":{\"@type\":\"ImageObject\",\"inLanguage\":\"fr-FR\",\"@id\":\"https:\/\/www.zotcar.com\/blog\/#\/schema\/person\/image\/\",\"url\":\"https:\/\/secure.gravatar.com\/avatar\/1921c45d6b2dfa0a7700e10e25607fb7?s=96&d=mm&r=g\",\"contentUrl\":\"https:\/\/secure.gravatar.com\/avatar\/1921c45d6b2dfa0a7700e10e25607fb7?s=96&d=mm&r=g\",\"caption\":\"Hilary\"},\"sameAs\":[\"https:\/\/www.zotcar.com\"],\"url\":\"https:\/\/www.zotcar.com\/blog\/author\/hilary\/\"}]}<\/script>\n<!-- \/ Yoast SEO plugin. -->","yoast_head_json":{"title":"D\u00e9couvrez Leila, nouvelle recrue chez Zotcar Antilles ! - Zotcar","description":"Nouvelle recrue chez Zotcar Antilles, d\u00e9couvrez le parcours de Leila Huygues-Despointes dans cette interview.","robots":{"index":"index","follow":"follow","max-snippet":"max-snippet:-1","max-image-preview":"max-image-preview:large","max-video-preview":"max-video-preview:-1"},"canonical":"https:\/\/www.zotcar.com\/blog\/leila-recrue-zotcar-antilles\/","og_locale":"fr_FR","og_type":"article","og_title":"D\u00e9couvrez Leila, nouvelle recrue chez Zotcar Antilles ! - Zotcar","og_description":"Nouvelle recrue chez Zotcar Antilles, d\u00e9couvrez le parcours de Leila Huygues-Despointes dans cette interview.","og_url":"https:\/\/www.zotcar.com\/blog\/leila-recrue-zotcar-antilles\/","og_site_name":"Zotcar","article_publisher":"https:\/\/www.facebook.com\/zotcar\/","article_published_time":"2021-02-12T13:20:49+00:00","article_modified_time":"2023-07-19T05:09:21+00:00","og_image":[{"width":1000,"height":500,"url":"https:\/\/zc-blog.s3.eu-west-1.amazonaws.com\/blog\/wp-content\/uploads\/2021\/02\/12154556\/leila-recrue-zotcar-antilles.jpg","type":"image\/jpeg"}],"author":"Hilary","twitter_card":"summary_large_image","twitter_creator":"@zotcar974","twitter_site":"@zotcar974","twitter_misc":{"\u00c9crit par":"Hilary","Dur\u00e9e de lecture estim\u00e9e":"13 minutes"},"schema":{"@context":"https:\/\/schema.org","@graph":[{"@type":"WebPage","@id":"https:\/\/www.zotcar.com\/blog\/leila-recrue-zotcar-antilles\/","url":"https:\/\/www.zotcar.com\/blog\/leila-recrue-zotcar-antilles\/","name":"D\u00e9couvrez Leila, nouvelle recrue chez Zotcar Antilles ! - Zotcar","isPartOf":{"@id":"https:\/\/www.zotcar.com\/blog\/#website"},"datePublished":"2021-02-12T13:20:49+00:00","dateModified":"2023-07-19T05:09:21+00:00","author":{"@id":"https:\/\/www.zotcar.com\/blog\/#\/schema\/person\/25ebc3890d9b53600c040019f67d1785"},"description":"Nouvelle recrue chez Zotcar Antilles, d\u00e9couvrez le parcours de Leila Huygues-Despointes dans cette interview.","breadcrumb":{"@id":"https:\/\/www.zotcar.com\/blog\/leila-recrue-zotcar-antilles\/#breadcrumb"},"inLanguage":"fr-FR","potentialAction":[{"@type":"ReadAction","target":["https:\/\/www.zotcar.com\/blog\/leila-recrue-zotcar-antilles\/"]}]},{"@type":"BreadcrumbList","@id":"https:\/\/www.zotcar.com\/blog\/leila-recrue-zotcar-antilles\/#breadcrumb","itemListElement":[{"@type":"ListItem","position":1,"name":"Accueil","item":"https:\/\/www.zotcar.com\/blog\/"},{"@type":"ListItem","position":2,"name":"D\u00e9couvrez Leila, nouvelle recrue chez Zotcar Antilles !"}]},{"@type":"WebSite","@id":"https:\/\/www.zotcar.com\/blog\/#website","url":"https:\/\/www.zotcar.com\/blog\/","name":"Zotcar","description":"Blog de Zotcar - Location de voiture entre particuliers \u00e0 La R\u00e9union, en Martinique et en Guadeloupe","potentialAction":[{"@type":"SearchAction","target":{"@type":"EntryPoint","urlTemplate":"https:\/\/www.zotcar.com\/blog\/?s={search_term_string}"},"query-input":"required name=search_term_string"}],"inLanguage":"fr-FR"},{"@type":"Person","@id":"https:\/\/www.zotcar.com\/blog\/#\/schema\/person\/25ebc3890d9b53600c040019f67d1785","name":"Hilary","image":{"@type":"ImageObject","inLanguage":"fr-FR","@id":"https:\/\/www.zotcar.com\/blog\/#\/schema\/person\/image\/","url":"https:\/\/secure.gravatar.com\/avatar\/1921c45d6b2dfa0a7700e10e25607fb7?s=96&d=mm&r=g","contentUrl":"https:\/\/secure.gravatar.com\/avatar\/1921c45d6b2dfa0a7700e10e25607fb7?s=96&d=mm&r=g","caption":"Hilary"},"sameAs":["https:\/\/www.zotcar.com"],"url":"https:\/\/www.zotcar.com\/blog\/author\/hilary\/"}]}},"_links":{"self":[{"href":"https:\/\/www.zotcar.com\/blog\/wp-json\/wp\/v2\/posts\/2323"}],"collection":[{"href":"https:\/\/www.zotcar.com\/blog\/wp-json\/wp\/v2\/posts"}],"about":[{"href":"https:\/\/www.zotcar.com\/blog\/wp-json\/wp\/v2\/types\/post"}],"author":[{"embeddable":true,"href":"https:\/\/www.zotcar.com\/blog\/wp-json\/wp\/v2\/users\/7"}],"replies":[{"embeddable":true,"href":"https:\/\/www.zotcar.com\/blog\/wp-json\/wp\/v2\/comments?post=2323"}],"version-history":[{"count":14,"href":"https:\/\/www.zotcar.com\/blog\/wp-json\/wp\/v2\/posts\/2323\/revisions"}],"predecessor-version":[{"id":2355,"href":"https:\/\/www.zotcar.com\/blog\/wp-json\/wp\/v2\/posts\/2323\/revisions\/2355"}],"wp:featuredmedia":[{"embeddable":true,"href":"https:\/\/www.zotcar.com\/blog\/wp-json\/wp\/v2\/media\/2349"}],"wp:attachment":[{"href":"https:\/\/www.zotcar.com\/blog\/wp-json\/wp\/v2\/media?parent=2323"}],"wp:term":[{"taxonomy":"category","embeddable":true,"href":"https:\/\/www.zotcar.com\/blog\/wp-json\/wp\/v2\/categories?post=2323"},{"taxonomy":"post_tag","embeddable":true,"href":"https:\/\/www.zotcar.com\/blog\/wp-json\/wp\/v2\/tags?post=2323"}],"curies":[{"name":"wp","href":"https:\/\/api.w.org\/{rel}","templated":true}]}}