{"id":2580,"date":"2021-04-09T09:47:10","date_gmt":"2021-04-09T05:47:10","guid":{"rendered":"https:\/\/www.zotcar.com\/blog\/?p=2580"},"modified":"2023-07-25T15:13:23","modified_gmt":"2023-07-25T11:13:23","slug":"visiter-la-martinique","status":"publish","type":"post","link":"https:\/\/www.zotcar.com\/blog\/visiter-la-martinique\/","title":{"rendered":"Visiter la Martinique : le guide complet"},"content":{"rendered":"<p><span style=\"font-weight: 400;\">Se d\u00e9tendre sur ses belles plages de sable blanc et noir, s\u2019\u00e9vader sur ses nombreux \u00eelets, partir \u00e0 l\u2019assaut de son volcan (actif !), admirer la vue depuis ses multiples sommets, s\u2019\u00e9merveiller devant ses cascades et rivi\u00e8res insoup\u00e7onn\u00e9es, explorer ses for\u00eats, d\u00e9guster parmi les meilleurs rhums dans ses nombreuses distilleries, d\u00e9couvrir l\u2019ambiance festive du carnaval, au Tour des Yoles Rondes, de la f\u00eate du rhum, ou des Chant\u00e9 Nwel : <strong>il y a vraiment de quoi faire<\/strong> en Martinique.<\/span><\/p>\n<p>&nbsp;<\/p>\n<p><span style=\"font-weight: 400;\">Pour une semaine, 10 jours ou pour visiter l&rsquo;\u00eele pendant 15 jours, voici les <strong>lieux incontournables<\/strong> ou <strong>moins connus<\/strong> que nous vous recommandons lors de votre voyage en Martinique.<\/span><\/p>\n<p><!--more--><\/p>\n<h2><span style=\"font-weight: 400;\">Visiter le Sud de la Martinique\u00a0<\/span><\/h2>\n<p><span style=\"font-weight: 400;\">Commen\u00e7ons par le Sud de l\u2019\u00eele et ses paysages de carte postale, des Trois-Ilets \u00e0 l\u2019Ouest au Marin \u00e0 l\u2019Est, en passant par Sainte-Anne, \u00e0 l\u2019extr\u00e9mit\u00e9 Sud de la Martinique.<\/span><\/p>\n<h3>\u00a0<\/h3>\n<h3><span style=\"font-weight: 400;\">D\u00e9couvrir Les Trois-Ilets<\/span><\/h3>\n<p><span style=\"font-weight: 400;\">Peut-\u00eatre en avez-vous d\u00e9j\u00e0 entendu parl\u00e9 si vous avez commenc\u00e9 \u00e0 rechercher un h\u00e9bergement : la ville des Trois-Ilets est surtout connue pour \u00eatre un des lieux de vill\u00e9giature pr\u00e9f\u00e9r\u00e9 des touristes avec quelques h\u00f4tels et de nombreuses r\u00e9sidences et appartements de vacances. Mais il y a pas mal de choses sympas \u00e0 faire l\u00e0-bas :\u00a0<\/span><\/p>\n<ul>\n<li style=\"font-weight: 400;\" aria-level=\"1\"><span style=\"font-weight: 400;\">En arrivant par Rivi\u00e8re-Sal\u00e9e, s\u2019arr\u00eater au <\/span><b>ch\u00e2teau Gaillard<\/b><span style=\"font-weight: 400;\"> pour d\u00e9jeuner, d\u00e9couvrir de l\u2019artisanat local dans le concept store ou aller s\u2019essayer au wake board au Martinique Wake Park.\u00a0<\/span><\/li>\n<li style=\"font-weight: 400;\" aria-level=\"1\"><span style=\"font-weight: 400;\">Rencontrer parmi les derniers potiers de l\u2019\u00eele au <\/span><b>village de la Poterie<\/b><span style=\"font-weight: 400;\">, trouver quelques souvenirs d\u2019artisanat local (savons, bijoux, liqueurs) dans les boutiques, s\u2019\u00e9merveiller devant la terre rouge du site, d\u00e9jeuner, go\u00fbter ou d\u00eener dans un des restaurants du lieu.\u00a0<\/span><\/li>\n<li style=\"font-weight: 400;\" aria-level=\"1\"><span style=\"font-weight: 400;\">Depuis la Poterie (comme on appelle plus g\u00e9n\u00e9ralement le village), partir pour une balade en <\/span><b>kayak dans la mangrove<\/b><span style=\"font-weight: 400;\">. Vraiment top !\u00a0<\/span><\/li>\n<li style=\"font-weight: 400;\" aria-level=\"1\"><span style=\"font-weight: 400;\">Passer \u00e0 la <\/span><b>Maison de la canne<\/b><span style=\"font-weight: 400;\"> en sortant de la Poterie si vous souhaitez d\u00e9couvrir l\u2019histoire de cette plante qui fut import\u00e9e sur l\u2019\u00eele pour les besoins de la colonie.\u00a0<\/span><\/li>\n<li style=\"font-weight: 400;\" aria-level=\"1\"><span style=\"font-weight: 400;\">Se balader sur le sentier am\u00e9nag\u00e9 et tout plat de la <\/span><b>for\u00eat Vatable<\/b><span style=\"font-weight: 400;\">, id\u00e9al pour une promenade avec les enfants. Vous y aurez une belle vue sur la baie de Fort-de-France, et m\u00eame sur les pitons du Carbet par temps d\u00e9couvert.\u00a0<\/span><\/li>\n<li style=\"font-weight: 400;\" aria-level=\"1\"><span style=\"font-weight: 400;\">En apprendre davantage sur l\u2019organisation d\u2019une habitation sucri\u00e8re au temps de l\u2019esclavage, au <\/span><b>mus\u00e9e de La Pagerie<\/b><span style=\"font-weight: 400;\">, ancienne habitation fra\u00eechement r\u00e9nov\u00e9e en 2021.<\/span><\/li>\n<li style=\"font-weight: 400;\" aria-level=\"1\"><span style=\"font-weight: 400;\">D\u00e9couvrir comment vivaient les am\u00e9rindiens, les esclaves puis les habitants libres des campagnes \u00e0 l\u2019issue de l\u2019abolition de l\u2019esclavage, dans le superbe village reconstitu\u00e9 de <\/span><b>La Savane des Esclaves<\/b><span style=\"font-weight: 400;\">. Franchement, s\u2019il n\u2019y a qu\u2019un seul mus\u00e9e\/une seule visite historique \u00e0 faire, on ne manquerait pas celle-ci.\u00a0<\/span><\/li>\n<li style=\"font-weight: 400;\" aria-level=\"1\"><span style=\"font-weight: 400;\">Se baigner \u00e0 l\u2019Anse Mitan ou \u00e0 la Pointe du bout et passer au <\/span><b>Village Cr\u00e9ole, <\/b><span style=\"font-weight: 400;\">pas vraiment typique malgr\u00e9 le nom, mais id\u00e9al pour prendre un verre ou manger.\u00a0<\/span><\/li>\n<li style=\"font-weight: 400;\" aria-level=\"1\"><span style=\"font-weight: 400;\">Pour les sportifs du dimanche ou en qu\u00eate de sensations, les Trois-Ilets disposent d\u2019un golf, d\u2019un site d\u2019accrobranche ainsi que de prestataires pour faire du quad ou des balades \u00e0 cheval.<\/span><\/li>\n<\/ul>\n<p>&nbsp;<\/p>\n<p><img decoding=\"async\" loading=\"lazy\" class=\"aligncenter wp-image-2581 size-full\" src=\"https:\/\/zc-blog.s3.eu-west-1.amazonaws.com\/blog\/wp-content\/uploads\/2021\/04\/08173503\/shutterstock_1542786878.jpg\" alt=\"\" width=\"1000\" height=\"666\" srcset=\"https:\/\/zc-blog.s3.eu-west-1.amazonaws.com\/blog\/wp-content\/uploads\/2021\/04\/08173503\/shutterstock_1542786878.jpg 1000w, https:\/\/zc-blog.s3.eu-west-1.amazonaws.com\/blog\/wp-content\/uploads\/2021\/04\/08173503\/shutterstock_1542786878-300x200.jpg 300w, https:\/\/zc-blog.s3.eu-west-1.amazonaws.com\/blog\/wp-content\/uploads\/2021\/04\/08173503\/shutterstock_1542786878-768x511.jpg 768w\" sizes=\"(max-width: 1000px) 100vw, 1000px\" \/><\/p>\n<p>&nbsp;<\/p>\n<h3><span style=\"font-weight: 400;\">Les atouts de Rivi\u00e8re-Pilote\u00a0<\/span><\/h3>\n<ul>\n<li style=\"font-weight: 400;\" aria-level=\"1\"><span style=\"font-weight: 400;\">La plage de l\u2019<\/span><b>Anse Figuier<\/b><span style=\"font-weight: 400;\"> et son eau translucide; une vraie piscine naturelle !\u00a0<\/span><\/li>\n<li style=\"font-weight: 400;\" aria-level=\"1\"><span style=\"font-weight: 400;\">Situ\u00e9 sur la plage de l\u2019Anse Figuier, l\u2019<\/span><b>Ecomus\u00e9e de la Martinique<\/b><span style=\"font-weight: 400;\"> permet de retracer une bonne partie de l\u2019histoire de la Martinique et de d\u00e9couvrir le mode de vie et coutumes des diff\u00e9rents habitants, depuis les indiens Arawaks.\u00a0<\/span><\/li>\n<li style=\"font-weight: 400;\" aria-level=\"1\"><span style=\"font-weight: 400;\">La belle <\/span><b>distillerie La Mauny<\/b><span style=\"font-weight: 400;\"> \u00e0 visiter si vous \u00eates dans le coin; ou si vous avez d\u00e9cid\u00e9 de faire un circuit spiritouristique parmi les 10 sites \u00e0 visiter sur l\u2019\u00eele. L\u2019abus d\u2019alcool\u2026 bref, vous savez d\u00e9j\u00e0.\u00a0\u00a0<\/span><\/li>\n<\/ul>\n<p>&nbsp;<\/p>\n<h3><span style=\"font-weight: 400;\">Les Anses d\u2019Arlet, 2\u00e8me village pr\u00e9f\u00e9r\u00e9 des Fran\u00e7ais en 2020<\/span><\/h3>\n<ul>\n<li style=\"font-weight: 400;\" aria-level=\"1\"><span style=\"font-weight: 400;\">Pour son mignon petit bourg et en particulier la vue depuis son ponton avec son \u00e9glise color\u00e9e en arri\u00e8re-plan, grande star des photos de mari\u00e9s et des cartes postales.\u00a0<\/span><\/li>\n<li style=\"font-weight: 400;\" aria-level=\"1\"><span style=\"font-weight: 400;\">Pour ses <\/span><b>superbes plages<\/b><span style=\"font-weight: 400;\"> : Anse Dufour pour nager avec les tortues; Anse Noire et son sable volcanique, pour une ambiance un peu plus sauvage; Grande Anse, et ses eaux translucides; la plage du bourg pour ses restaurants, ses marchandes de sorbet coco (miam !) et son petit rocher \u00e0 d\u00e9couvrir en snorkeling.\u00a0<\/span><\/li>\n<li style=\"font-weight: 400;\" aria-level=\"1\"><span style=\"font-weight: 400;\">Pour ses fonds marins, parfait si vous souhaitez passer votre bapt\u00eame de plong\u00e9e.<\/span><\/li>\n<li style=\"font-weight: 400;\" aria-level=\"1\"><span style=\"font-weight: 400;\">Pour sa <\/span><b>Grotte aux chauves-souris<\/b><span style=\"font-weight: 400;\"> accessible en bateau.\u00a0<\/span><\/li>\n<li style=\"font-weight: 400;\" aria-level=\"1\"><span style=\"font-weight: 400;\">Pour <\/span><b>manger du lambi<\/b><span style=\"font-weight: 400;\"> (fruit de mer) grill\u00e9 ou en fricass\u00e9e les pieds dans le sable. \u00c0 tester, c\u2019est si bon.\u00a0<\/span><\/li>\n<li style=\"font-weight: 400;\" aria-level=\"1\"><span style=\"font-weight: 400;\">Pour sa superbe vue depuis le <\/span><b>Morne Champagne<\/b><span style=\"font-weight: 400;\"> reliant la plage de Grande Anse et le bourg.\u00a0<\/span><\/li>\n<li style=\"font-weight: 400;\" aria-level=\"1\"><span style=\"font-weight: 400;\">Pour la douceur de<\/span><b> Petite anse<\/b><span style=\"font-weight: 400;\">, coin calme de p\u00eacheurs o\u00f9 se trouve Dlo Ferr\u00e9, un mini bassin d\u2019eau chaude (comprendre deux personnes maxi, heureusement le lieu n\u2019est pas trop fr\u00e9quent\u00e9 donc pas d\u2019affluence), entre la falaise et la mer. Le restaurant Kay Fredo est aussi une institution l\u00e0-bas pour les bons petits plats locaux sans pr\u00e9tention et l\u2019ambiance d\u00e9tendue.<\/span><\/li>\n<\/ul>\n<p>&nbsp;<\/p>\n<p><img decoding=\"async\" loading=\"lazy\" class=\"aligncenter wp-image-2582 size-full\" src=\"https:\/\/zc-blog.s3.eu-west-1.amazonaws.com\/blog\/wp-content\/uploads\/2021\/04\/08173615\/shutterstock_737227504.jpg\" alt=\"\" width=\"1000\" height=\"662\" srcset=\"https:\/\/zc-blog.s3.eu-west-1.amazonaws.com\/blog\/wp-content\/uploads\/2021\/04\/08173615\/shutterstock_737227504.jpg 1000w, https:\/\/zc-blog.s3.eu-west-1.amazonaws.com\/blog\/wp-content\/uploads\/2021\/04\/08173615\/shutterstock_737227504-300x199.jpg 300w, https:\/\/zc-blog.s3.eu-west-1.amazonaws.com\/blog\/wp-content\/uploads\/2021\/04\/08173615\/shutterstock_737227504-768x508.jpg 768w\" sizes=\"(max-width: 1000px) 100vw, 1000px\" \/><\/p>\n<p>&nbsp;<\/p>\n<h3><span style=\"font-weight: 400;\">Le Diamant offre de quoi faire pour une journ\u00e9e bien remplie\u00a0<\/span><\/h3>\n<ul>\n<li style=\"font-weight: 400;\" aria-level=\"1\"><span style=\"font-weight: 400;\">Du sport au <\/span><b>Morne Larcher<\/b><span style=\"font-weight: 400;\">, une randonn\u00e9e intense de 45 minutes toute en mont\u00e9e et en escalade de gros rochers, pour avoir une vue sublime sur la baie. Le spot photo par excellence.\u00a0<\/span><\/li>\n<li style=\"font-weight: 400;\" aria-level=\"1\"><span style=\"font-weight: 400;\">Des sensations \u00e0 l\u2019occasion d\u2019une session de plong\u00e9e sous-marine autour et sous le rocher du Diamant, o\u00f9 se trouve une arche sous-marine !<\/span><\/li>\n<li style=\"font-weight: 400;\" aria-level=\"1\"><span style=\"font-weight: 400;\">De l\u2019histoire au <\/span><b>m\u00e9morial du Cap 110<\/b><span style=\"font-weight: 400;\">, sculptures impressionnantes surplombant l\u2019Anse Cafard, tourn\u00e9es vers le golfe de Guin\u00e9e d\u2019o\u00f9 partaient les bateaux n\u00e9griers en Afrique. On ne vous en dit pas plus, vous d\u00e9couvrirez la raison pr\u00e9cise de ce m\u00e9morial sur place.\u00a0<\/span><\/li>\n<li style=\"font-weight: 400;\" aria-level=\"1\"><span style=\"font-weight: 400;\">De l\u2019insolite \u00e0 la <\/span><b>Maison du Bagnard<\/b><span style=\"font-weight: 400;\">, toute petite case color\u00e9e construite par un martiniquais sculpteur, \u00e0 son retour du bagne en Guyane dans les ann\u00e9es 60. #photo<\/span><\/li>\n<li style=\"font-weight: 400;\" aria-level=\"1\"><span style=\"font-weight: 400;\">De la d\u00e9tente au restaurant de plage Le Chill, face \u00e0 la mer et au rocher.\u00a0<\/span><\/li>\n<li style=\"font-weight: 400;\" aria-level=\"1\"><span style=\"font-weight: 400;\">De la baignade, sur le bord si vous souhaitez vous rafra\u00eechir et jouer avec les vagues, mais attention aux courants qui ont d\u00e9j\u00e0 co\u00fbt\u00e9 la vie \u00e0 quelques personnes\u2026<\/span><\/li>\n<\/ul>\n<p>&nbsp;<\/p>\n<h3><span style=\"font-weight: 400;\">Un petit tour \u00e0 Sainte-Luce<\/span><\/h3>\n<p><span style=\"font-weight: 400;\">Il y a plusieurs r\u00e9sidences h\u00f4teli\u00e8res \u00e0 <a href=\"https:\/\/www.zotcar.com\/location-voiture-sainte-luce-martinique\" target=\"_blank\" rel=\"noopener noreferrer\">Sainte-Luce<\/a>, mais aussi :\u00a0<\/span><\/p>\n<ul>\n<li style=\"font-weight: 400;\" aria-level=\"1\"><span style=\"font-weight: 400;\">Une belle brochette de <\/span><b>petites plages<\/b><span style=\"font-weight: 400;\"> facilement accessibles car en bord de route : Anse Mabouya, Corps de garde, Fonds Banane, Pont Caf\u00e9, Gros Raisin.\u00a0<\/span><\/li>\n<li style=\"font-weight: 400;\" aria-level=\"1\"><span style=\"font-weight: 400;\">La <\/span><b>distillerie Trois-Rivi\u00e8res<\/b><span style=\"font-weight: 400;\">, rapide \u00e0 parcourir, et son moulin renfermant une petite expo.\u00a0<\/span><\/li>\n<li style=\"font-weight: 400;\" aria-level=\"1\"><span style=\"font-weight: 400;\">La <\/span><b>for\u00eat de Montravail<\/b><span style=\"font-weight: 400;\"> dans les hauteurs, pour une randonn\u00e9e ou pour profiter du point de vue sur l\u2019oc\u00e9an et le Diamant et pique-niquer au calme sous un carbet.\u00a0<\/span><\/li>\n<li style=\"font-weight: 400;\" aria-level=\"1\"><span style=\"font-weight: 400;\">Des restaurants les pieds dans le sable, dont la sp\u00e9cialit\u00e9 est la <\/span><b>langouste<\/b><span style=\"font-weight: 400;\">. Vous la choisissez dans le bassin, vous faites chauffer la carte bleue selon son poids et vous vous r\u00e9galez avec une petite sauce chien (sp\u00e9cialit\u00e9 antillaise).\u00a0<\/span><\/li>\n<li style=\"font-weight: 400;\" aria-level=\"1\"><span style=\"font-weight: 400;\">La possibilit\u00e9 de faire du <\/span><b>jet-ski<\/b><span style=\"font-weight: 400;\"> pour une excursion tr\u00e8s sympa jusqu\u2019\u00e0 Sainte-Anne ou vers le Diamant.\u00a0<\/span><\/li>\n<\/ul>\n<p>&nbsp;<\/p>\n<h3><span style=\"font-weight: 400;\">Votre programme \u00e0 Sainte-Anne<\/span><\/h3>\n<ul>\n<li style=\"font-weight: 400;\" aria-level=\"1\"><span style=\"font-weight: 400;\">On commence par la fameuse et incontournable <\/span><b>plage des Salines<\/b><span style=\"font-weight: 400;\"> bord\u00e9e de cocotiers que vous avez d\u00fb voir sur de nombreuses cartes postales et sites internet.\u00a0<\/span><\/li>\n<li style=\"font-weight: 400;\" aria-level=\"1\"><span style=\"font-weight: 400;\">Depuis les Salines, vous pouvez \u00e9galement aller vous baigner \u00e0 droite \u00e0 l\u2019<\/span><b>Anse Meunier<\/b><span style=\"font-weight: 400;\">, accessible \u00e0 pied, ou \u00e0 gauche \u00e0 l\u2019<\/span><b>Anse \u00e0 Prune<\/b><span style=\"font-weight: 400;\">, qui sont moins fr\u00e9quent\u00e9es et toutes aussi belles. A savoir : Les Salines sont aussi connues pour leurs moustiques f\u00e9roces qui sortent \u00e0 la tomb\u00e9e du jour ! Pensez au r\u00e9pulsif ou fuyez tout simplement avant 17h30.\u00a0<\/span><\/li>\n<li style=\"font-weight: 400;\" aria-level=\"1\"><span style=\"font-weight: 400;\">En traversant la plage de l\u2019Anse \u00e0 Prune, vous pourrez acc\u00e9der \u00e0 <\/span><b>La Savane des P\u00e9trifications<\/b><span style=\"font-weight: 400;\">, un paysage lunaire insolite. A faire plut\u00f4t en fin de journ\u00e9e apr\u00e8s la plage pour \u00e9viter le soleil trop chaud.\u00a0<\/span><\/li>\n<li style=\"font-weight: 400;\" aria-level=\"1\"><span style=\"font-weight: 400;\">D\u2019autres plages vous plairont particuli\u00e8rement si vous visitez la Martinique avec des b\u00e9b\u00e9s ou petits : <\/span><b>Cap Chevalier<\/b><span style=\"font-weight: 400;\">, <\/span><b>Anse Michel<\/b><span style=\"font-weight: 400;\"> et ses eaux turquoise, ainsi que la <\/span><b>Pointe Marin<\/b><span style=\"font-weight: 400;\"> dont le niveau de l\u2019eau est tr\u00e8s bas, leur offriront de beaux souvenirs. Cette derni\u00e8re a d\u2019ailleurs un grand parking payant pour garer votre voiture de location en toute s\u00e9curit\u00e9.\u00a0<\/span><\/li>\n<li style=\"font-weight: 400;\" aria-level=\"1\"><span style=\"font-weight: 400;\">Pour le sport, vous avez le choix entre <\/span><b>Piton-Cr\u00e8ve-Coeur<\/b><span style=\"font-weight: 400;\">, un petit parcours intense d\u2019une quarantaine de minutes avec une incroyable vue \u00e0 360 degr\u00e9s \u00e0 la cl\u00e9; ou la longue randonn\u00e9e de <\/span><b>la Trace des Caps<\/b><span style=\"font-weight: 400;\"> permettant de d\u00e9couvrir les plus belles plages du Sud Atlantique. La bonne nouvelle c\u2019est que vous pouvez la faire en plusieurs tronceaux, si malgr\u00e9 les opportunit\u00e9s de baignade, la perspective de cuire au soleil pendant 12h ne vous r\u00e9jouit pas trop.\u00a0<\/span><\/li>\n<li style=\"font-weight: 400;\" aria-level=\"1\"><span style=\"font-weight: 400;\">L\u2019<\/span><b>\u00celet Chevalier<\/b><span style=\"font-weight: 400;\">, accessible en quelques minutes en taxi bateau, est l\u2019occasion de vous offrir une journ\u00e9e plage un peu diff\u00e9rente. Mais il faudra pr\u00e9voir de prendre sur la route des jus locaux et des bi\u00e8res Lorraine, du poulet boucan\u00e9, des fruits et des p\u00e2t\u00e9s \u00e0 la confiture de goyave pour le go\u00fbter, car il n\u2019y a pas de restaurant sur place.\u00a0\u00a0<\/span><\/li>\n<li style=\"font-weight: 400;\" aria-level=\"1\"><span style=\"font-weight: 400;\">Pour les amateurs de sensations fortes, le <\/span><b>parapente<\/b><span style=\"font-weight: 400;\"> depuis le Cap Chevalier promet de belles vues sur cette partie de l\u2019\u00eele.\u00a0<\/span><\/li>\n<li style=\"font-weight: 400;\" aria-level=\"1\"><span style=\"font-weight: 400;\">Pr\u00e9voyez de passer par le <\/span><b>bourg de Sainte-Anne<\/b><span style=\"font-weight: 400;\"> pour trouver des souvenirs sympas, notamment \u00e0 la boutique L\u2019atelier, prendre un verre sur une balan\u00e7oire face \u00e0 la mer \u00e0 La Dunette ou profitez de l\u2019incroyable vue chez Otantik Ti Resto Nature, une tr\u00e8s bonne adresse pour les v\u00e9g\u00e9tariens.<\/span><\/li>\n<li style=\"font-weight: 400;\" aria-level=\"1\"><span style=\"font-weight: 400;\">En parlant de balan\u00e7oire, un <\/span><a href=\"https:\/\/www.instagram.com\/explore\/tags\/valorisationmartinique\/\"><span style=\"font-weight: 400;\">spot 100% instagrammable<\/span><\/a><span style=\"font-weight: 400;\"> a \u00e9t\u00e9 cr\u00e9\u00e9 sur la plage de l\u2019<\/span><b>Anse Caritan<\/b><span style=\"font-weight: 400;\">, directement dans l\u2019eau ! Vous aurez \u00e0 peine post\u00e9 une photo de l\u00e0-bas que vos amis rest\u00e9s en Hexagone seront d\u00e9j\u00e0 en train de comparer les vols pour la Martinique.<\/span><\/li>\n<\/ul>\n<p>&nbsp;<\/p>\n<p><a class=\"btn btn-primary bg-main bold fs14 c-white h50 center block w400\" href=\"https:\/\/www.zotcar.com\/location-voiture-martinique\">Louer une voiture sur Zotcar<\/a><\/p>\n<p>&nbsp;<\/p>\n<h3><span style=\"font-weight: 400;\">Au Marin, un des plus grands ports de plaisance de la Cara\u00efbe<\/span><\/h3>\n<ul>\n<li style=\"font-weight: 400;\" aria-level=\"1\"><span style=\"font-weight: 400;\">Vous d\u00e9couvrirez la plage un peu sauvage de <\/span><b>Cap Macr\u00e9<\/b><span style=\"font-weight: 400;\"> qui offre le combo parfait : sable blanc, eaux turquoise, piscine naturelle pour enfants, tables de pique-nique et belle for\u00eat de bord de mer pour rester \u00e0 l\u2019ombre.\u00a0<\/span><\/li>\n<li style=\"font-weight: 400;\" aria-level=\"1\"><span style=\"font-weight: 400;\">En marchant jusqu\u2019au bout de la plage sur la gauche, vous pourrez emprunter un sentier qui vous m\u00e8nera \u00e0 la magnifique plage d\u2019<\/span><b>Anse Grosse Roche<\/b><span style=\"font-weight: 400;\">, le plus souvent d\u00e9serte. Elle est aussi connue pour sa paroi rocheuse s\u2019avan\u00e7ant dans la mer, perc\u00e9e par un trou en forme de c\u0153ur ! Pas mal pour faire une surprise \u00e0 votre moiti\u00e9.<\/span><\/li>\n<li style=\"font-weight: 400;\" aria-level=\"1\"><span style=\"font-weight: 400;\">Au bourg <a href=\"https:\/\/www.zotcar.com\/location-voiture-le-marin-martinique\" target=\"_blank\" rel=\"noopener noreferrer\">du Marin<\/a>, n\u2019h\u00e9sitez absolument pas \u00e0 vous rapprocher du <\/span><b>club de yole<\/b><span style=\"font-weight: 400;\">, la voile traditionnelle, pour faire une initiation. Petits comme grands adoreront cette exp\u00e9rience que vous ne trouverez nulle part ailleurs qu\u2019en Martinique.\u00a0<\/span><\/li>\n<li style=\"font-weight: 400;\" aria-level=\"1\"><span style=\"font-weight: 400;\">La <\/span><b>Marina<\/b><span style=\"font-weight: 400;\"> est sympa pour manger le soir et tout le bord de mer en g\u00e9n\u00e9ral, avec quelques restaurants pour tous les go\u00fbts.<\/span><\/li>\n<li style=\"font-weight: 400;\" aria-level=\"1\"><span style=\"font-weight: 400;\">Vous avez aussi les points de vue du <\/span><b>Morne Aca<\/b><span style=\"font-weight: 400;\"> et du <\/span><b>Morne Gommier<\/b><span style=\"font-weight: 400;\"> pour les amateurs de photo.<\/span><\/li>\n<\/ul>\n<p>&nbsp;<\/p>\n<p><img decoding=\"async\" loading=\"lazy\" class=\"aligncenter wp-image-2583 size-full\" src=\"https:\/\/zc-blog.s3.eu-west-1.amazonaws.com\/blog\/wp-content\/uploads\/2021\/04\/08175900\/shutterstock_764623264.jpg\" alt=\"\" width=\"1000\" height=\"667\" srcset=\"https:\/\/zc-blog.s3.eu-west-1.amazonaws.com\/blog\/wp-content\/uploads\/2021\/04\/08175900\/shutterstock_764623264.jpg 1000w, https:\/\/zc-blog.s3.eu-west-1.amazonaws.com\/blog\/wp-content\/uploads\/2021\/04\/08175900\/shutterstock_764623264-300x200.jpg 300w, https:\/\/zc-blog.s3.eu-west-1.amazonaws.com\/blog\/wp-content\/uploads\/2021\/04\/08175900\/shutterstock_764623264-768x512.jpg 768w\" sizes=\"(max-width: 1000px) 100vw, 1000px\" \/><\/p>\n<p>&nbsp;<\/p>\n<h3><span style=\"font-weight: 400;\">Direction Le Vauclin, pour le sport :\u00a0<\/span><\/h3>\n<ul>\n<li style=\"font-weight: 400;\" aria-level=\"1\"><span style=\"font-weight: 400;\">C\u2019est THE spot pour du kite-surf et de la planche \u00e0 voile \u00e0 la <\/span><b>pointe Faula<\/b><span style=\"font-weight: 400;\">. Moins int\u00e9ressant pour se baigner par contre.\u00a0<\/span><\/li>\n<li style=\"font-weight: 400;\" aria-level=\"1\"><span style=\"font-weight: 400;\">Faire la randonn\u00e9e de la <\/span><b>Boucle du Vauclin<\/b><span style=\"font-weight: 400;\"> ou celle, sportive, de la <\/span><b>Montagne du Vauclin<\/b><span style=\"font-weight: 400;\">.\u00a0<\/span><\/li>\n<li style=\"font-weight: 400;\" aria-level=\"1\"><span style=\"font-weight: 400;\">Faire des balades \u00e0 cheval avec le<\/span><b> centre \u00e9questre<\/b><span style=\"font-weight: 400;\"> de Macabou.\u00a0<\/span><\/li>\n<\/ul>\n<p>&nbsp;<\/p>\n<h2><span style=\"font-weight: 400;\">Que voir au centre de la Martinique ?<\/span><\/h2>\n<p><span style=\"font-weight: 400;\">Apr\u00e8s le Sud, passons au centre de l\u2019\u00eele aux fleurs, du Sud au Nord.<\/span><\/p>\n<p>&nbsp;<\/p>\n<h3><span style=\"font-weight: 400;\">Quoi faire au Fran\u00e7ois :\u00a0<\/span><\/h3>\n<ul>\n<li style=\"font-weight: 400;\" aria-level=\"1\"><span style=\"font-weight: 400;\">D\u00e9couvrir en bateau les <\/span><b>fonds blancs<\/b><span style=\"font-weight: 400;\"> et se baigner \u00e0 la Baignoire de Jos\u00e9phine, haut fond en plein milieu de l\u2019eau, un verre de planteur et des accras \u00e0 la main. Le bonheur.\u00a0<\/span><\/li>\n<li style=\"font-weight: 400;\" aria-level=\"1\"><span style=\"font-weight: 400;\">S\u00e9journer dans les <\/span><b>maisons d\u2019h\u00f4tes<\/b><span style=\"font-weight: 400;\"> de charme de l\u2019\u00eelet Thierry et l\u2019\u00eelet Oscar, pour une occasion sp\u00e9ciale ou juste se faire plaisir en amoureux. (Il y aussi des chambres familiales ;))<\/span><\/li>\n<li style=\"font-weight: 400;\" aria-level=\"1\"><span style=\"font-weight: 400;\">Visiter l\u2019<\/span><b>Habitation Cl\u00e9ment<\/b><span style=\"font-weight: 400;\">, parmi les mieux am\u00e9nag\u00e9es, avec sa distillerie bien s\u00fbr, mais aussi son parc labellis\u00e9 \u201cJardin remarquable\u201d, ainsi que son mus\u00e9e d\u2019art contemporain accueillant des \u0153uvres d\u2019artistes martiniquais ou carib\u00e9ens.\u00a0<\/span><\/li>\n<li style=\"font-weight: 400;\" aria-level=\"1\"><span style=\"font-weight: 400;\">Escalader \u00e0 la corde le <\/span><b>rocher Leclerc<\/b><span style=\"font-weight: 400;\"> pour d\u00e9couvrir une vue \u00e9poustouflante \u00e0 360 degr\u00e9s.\u00a0<\/span><\/li>\n<\/ul>\n<p>&nbsp;<\/p>\n<h3><span style=\"font-weight: 400;\">Que voir au Robert :\u00a0<\/span><\/h3>\n<ul>\n<li style=\"font-weight: 400;\" aria-level=\"1\"><span style=\"font-weight: 400;\">Sans h\u00e9sitation, les \u00eelets dont l\u2019<\/span><b>\u00eelet Madame<\/b><span style=\"font-weight: 400;\"> et l<\/span><b>\u2019\u00eelet Chancel<\/b><span style=\"font-weight: 400;\"> peupl\u00e9 d\u2019iguanes, \u00e0 d\u00e9couvrir \u00e0 la journ\u00e9e en bateau.<\/span><\/li>\n<li style=\"font-weight: 400;\" aria-level=\"1\"><span style=\"font-weight: 400;\">La ferme p\u00e9dagogique <\/span><b>An griyav la<\/b><span style=\"font-weight: 400;\">, un petit paradis arbor\u00e9 entre arbres fruitiers, for\u00eat et fleurs tropicales, que vous pouvez visiter avant de profiter d\u2019un bon d\u00e9jeuner fait-maison.\u00a0<\/span><\/li>\n<\/ul>\n<p>&nbsp;<\/p>\n<h3><span style=\"font-weight: 400;\">S\u2019arr\u00eater \u00e0 Schoelcher pour :\u00a0<\/span><\/h3>\n<ul>\n<li style=\"font-weight: 400;\" aria-level=\"1\"><span style=\"font-weight: 400;\">L\u2019<\/span><b>Anse Collat<\/b><span style=\"font-weight: 400;\">, une petite plage aux eaux translucides tr\u00e8s agr\u00e9able, \u00e0 condition de trouver une place pour se garer dans la petite rue r\u00e9sidentielle y menant.\u00a0<\/span><\/li>\n<li style=\"font-weight: 400;\" aria-level=\"1\"><span style=\"font-weight: 400;\">La <\/span><b>plage de la Bateli\u00e8re<\/b><span style=\"font-weight: 400;\">, une mini anse artificielle avec une belle vue sur Les Trois-Ilets et un restaurant de plage. Si vous arrivez en fin d\u2019apr\u00e8s-midi \u00e0 l\u2019a\u00e9roport de Martinique et que vous r\u00e9cup\u00e9rez rapidement votre v\u00e9hicule de location, on vous recommande d\u2019y faire un tour pour votre premi\u00e8re baignade au coucher du soleil et un petit ap\u00e9ro les pieds dans le sable.\u00a0<\/span><\/li>\n<li style=\"font-weight: 400;\" aria-level=\"1\"><span style=\"font-weight: 400;\">La <\/span><b>Cascade d\u2019Anba So<\/b><span style=\"font-weight: 400;\"> que peu de personnes connaissent, qui n\u2019est pas non plus tr\u00e8s abondante, mais qui offre une petite parenth\u00e8se naturelle si vous n\u2019avez pas beaucoup de temps.\u00a0<\/span><\/li>\n<li style=\"font-weight: 400;\" aria-level=\"1\"><span style=\"font-weight: 400;\">La <\/span><b>rando de D\u00e9marche-Plateau Concorde<\/b><span style=\"font-weight: 400;\"> pour de belles vues sur la baie de Fort-de-France, la mer des Cara\u00efbes et les Pitons du Carbet, ainsi qu\u2019une balade au milieu de la for\u00eat tropicale.\u00a0<\/span><\/li>\n<li style=\"font-weight: 400;\" aria-level=\"1\"><span style=\"font-weight: 400;\">Aller au march\u00e9 bio du vendredi apr\u00e8s-midi sur la plage, puis d\u00eener les pieds dans le sable.\u00a0<\/span><\/li>\n<\/ul>\n<p>&nbsp;<\/p>\n<h3><span style=\"font-weight: 400;\">A faire \u00e0 Fort-de-France :<\/span><\/h3>\n<p><span style=\"font-weight: 400;\">Son <\/span><b>centre-ville<\/b><span style=\"font-weight: 400;\"> d\u2019abord :\u00a0<\/span><\/p>\n<ul>\n<li style=\"font-weight: 400;\" aria-level=\"1\"><span style=\"font-weight: 400;\">Les belles fresques murales de l\u2019<\/span><a href=\"https:\/\/fr.ipaffestival.com\/\" target=\"_blank\" rel=\"noopener noreferrer\"><span style=\"font-weight: 400;\">IPAF<\/span><\/a><\/li>\n<li style=\"font-weight: 400;\" aria-level=\"1\"><span style=\"font-weight: 400;\">Les concepts stores de produits d\u2019artisanat de jeunes artistes (Ozantipodes, Atelier 49\u2026)<\/span><\/li>\n<li style=\"font-weight: 400;\" aria-level=\"1\"><span style=\"font-weight: 400;\">La rue Garnier Pag\u00e8s, ses murs d\u00e9cor\u00e9s et ses restaurants sympas (Djol Dou, Le patio 19, Le Vieux-Foyal)<\/span><\/li>\n<li style=\"font-weight: 400;\" aria-level=\"1\"><span style=\"font-weight: 400;\">Le march\u00e9 aux \u00e9pices et fruits et l\u00e9gumes<\/span><\/li>\n<li style=\"font-weight: 400;\" aria-level=\"1\"><span style=\"font-weight: 400;\">Le Malecon qui est le front de mer am\u00e9nag\u00e9 notamment pour les enfants, et d\u2019o\u00f9 partent les navettes maritimes.\u00a0<\/span><\/li>\n<li style=\"font-weight: 400;\" aria-level=\"1\"><span style=\"font-weight: 400;\">Le port \u00e9galement o\u00f9 arrivent et d\u2019o\u00f9 partent les bateaux de croisi\u00e8re ainsi que les navettes pour visiter la Guadeloupe ou la Dominique.\u00a0<\/span><\/li>\n<li style=\"font-weight: 400;\" aria-level=\"1\"><span style=\"font-weight: 400;\">La cath\u00e9drale Saint-Louis<\/span><\/li>\n<li style=\"font-weight: 400;\" aria-level=\"1\"><span style=\"font-weight: 400;\">Le fort Saint-Louis<\/span><\/li>\n<li style=\"font-weight: 400;\" aria-level=\"1\"><span style=\"font-weight: 400;\">La fa\u00e7ade de la belle biblioth\u00e8que Schoelcher<\/span><\/li>\n<li style=\"font-weight: 400;\" aria-level=\"1\"><span style=\"font-weight: 400;\">La place de la Savane, ses snacks et son ambiance musicale le vendredi soir<\/span><\/li>\n<li style=\"font-weight: 400;\" aria-level=\"1\"><span style=\"font-weight: 400;\">Le Garage Popular, bar international ou Le Sunset, bar ouvert sur la mer\u00a0<\/span><\/li>\n<li style=\"font-weight: 400;\" aria-level=\"1\"><span style=\"font-weight: 400;\">Les galeries d\u2019art (14N61W, la Coursive)<\/span><\/li>\n<li style=\"font-weight: 400;\" aria-level=\"1\"><span style=\"font-weight: 400;\">Le mus\u00e9e d\u2019histoire pr\u00e9colombienne<\/span><\/li>\n<\/ul>\n<p>&nbsp;<\/p>\n<p><img decoding=\"async\" loading=\"lazy\" class=\"aligncenter wp-image-2584 size-full\" src=\"https:\/\/zc-blog.s3.eu-west-1.amazonaws.com\/blog\/wp-content\/uploads\/2021\/04\/08180845\/shutterstock_1617274468.jpg\" alt=\"\" width=\"1000\" height=\"667\" srcset=\"https:\/\/zc-blog.s3.eu-west-1.amazonaws.com\/blog\/wp-content\/uploads\/2021\/04\/08180845\/shutterstock_1617274468.jpg 1000w, https:\/\/zc-blog.s3.eu-west-1.amazonaws.com\/blog\/wp-content\/uploads\/2021\/04\/08180845\/shutterstock_1617274468-300x200.jpg 300w, https:\/\/zc-blog.s3.eu-west-1.amazonaws.com\/blog\/wp-content\/uploads\/2021\/04\/08180845\/shutterstock_1617274468-768x512.jpg 768w\" sizes=\"(max-width: 1000px) 100vw, 1000px\" \/><\/p>\n<p>&nbsp;<\/p>\n<p><span style=\"font-weight: 400;\">Mais la ville de 44 km2 ne se limite absolument pas \u00e0 son centre-ville, vous pourrez visiter :\u00a0<\/span><\/p>\n<ul>\n<li style=\"font-weight: 400;\" aria-level=\"1\"><span style=\"font-weight: 400;\">Le <\/span><b>jardin de Balata<\/b><span style=\"font-weight: 400;\">, superbe jardin botanique o\u00f9 l\u2019on comprend mieux pourquoi la Martinique se surnomme l\u2019\u00eele aux fleurs. Plus de 3000 esp\u00e8ces sont ainsi pr\u00e9sent\u00e9es dans ce tr\u00e8s beau lieu imagin\u00e9 par l\u2019horticulteur et paysagiste Jean-Philippe Thoze.\u00a0<\/span><\/li>\n<li style=\"font-weight: 400;\" aria-level=\"1\"><span style=\"font-weight: 400;\">Le Sacr\u00e9-C\u0153ur de Balata, \u00e0 voir sur la route menant au jardin, r\u00e9plique au cinqui\u00e8me de la basilique de Montmartre.\u00a0<\/span><\/li>\n<li style=\"font-weight: 400;\" aria-level=\"1\"><span style=\"font-weight: 400;\">Faire la randonn\u00e9e de <\/span><b>Cascade Didier<\/b><span style=\"font-weight: 400;\"> et d\u00e9couvrir ses deux belles chutes et bassins.\u00a0<\/span><\/li>\n<li style=\"font-weight: 400;\" aria-level=\"1\"><span style=\"font-weight: 400;\">Faire du canyoning \u00e0 la <\/span><b>cascade d\u2019Absalon<\/b><span style=\"font-weight: 400;\">.<\/span><\/li>\n<li style=\"font-weight: 400;\" aria-level=\"1\"><span style=\"font-weight: 400;\">Boire un verre au bar Le Cloud au coucher du soleil.<\/span><\/li>\n<\/ul>\n<p>&nbsp;<\/p>\n<h3><span style=\"font-weight: 400;\">Sorties nature \u00e0 Saint-Joseph :\u00a0<\/span><\/h3>\n<ul>\n<li style=\"font-weight: 400;\" aria-level=\"1\"><span style=\"font-weight: 400;\">A <\/span><b>Coeur Bouliki<\/b><span style=\"font-weight: 400;\">, un coin rivi\u00e8re et for\u00eat bien am\u00e9nag\u00e9e pour en profiter toute la journ\u00e9e. De multiples bassins permettent de trouver son petit coin \u00e0 soi tandis que la randonn\u00e9e, sportive sur toute sa premi\u00e8re partie (mont\u00e9e tr\u00e8s longue et un peu boueuse) offre un magnifique point de vue \u00e0 son sommet, sur les Pitons du Carbet, la baie de Fort-de-France, Le Lamentin et jusqu\u2019\u00e0 la presqu\u2019\u00eele de la Caravelle.\u00a0<\/span><\/li>\n<li style=\"font-weight: 400;\" aria-level=\"1\"><span style=\"font-weight: 400;\">La <\/span><b>route des gu\u00e9s<\/b><span style=\"font-weight: 400;\">, entre balade tranquille dans la campagne et travers\u00e9e d\u2019une dizaine de gu\u00e9s. Sympa \u00e0 faire avec les enfants !<\/span><\/li>\n<li style=\"font-weight: 400;\" aria-level=\"1\"><b>Bouliki Bio<\/b><span style=\"font-weight: 400;\">, un spa original en pleine nature, pour une parenth\u00e8se bien-\u00eatre exceptionnelle. A faire, mais r\u00e9servez en avance pour \u00eatre s\u00fbrs d\u2019avoir votre place.\u00a0<\/span><\/li>\n<\/ul>\n<p>&nbsp;<\/p>\n<h3><span style=\"font-weight: 400;\">Fonds-Saint-Denis dans la campagne profonde<\/span><\/h3>\n<ul>\n<li style=\"font-weight: 400;\" aria-level=\"1\"><span style=\"font-weight: 400;\">En empruntant la route de la Trace depuis Fort-de-France, vous pourrez acc\u00e9der \u00e0 la randonn\u00e9e de la <\/span><b>Trace des J\u00e9suites<\/b><span style=\"font-weight: 400;\"> et son beau bassin bleu, ainsi qu\u2019\u00e0 la petite cascade du <\/span><b>Saut du gendarme<\/b><span style=\"font-weight: 400;\">. Si vous osez grimper par-dessus, vous d\u00e9couvrirez d\u2019autres bassins et cascades \ud83d\ude09<\/span><\/li>\n<li style=\"font-weight: 400;\" aria-level=\"1\"><span style=\"font-weight: 400;\">Vous pouvez faire un d\u00e9tour par le <\/span><b>Morne des Cadets<\/b><span style=\"font-weight: 400;\">, o\u00f9 se trouve l\u2019observatoire sismologique, et d\u2019o\u00f9 vous pourrez b\u00e9n\u00e9ficier d\u2019une belle vue sur la mer et la Montagne Pel\u00e9e; avant de redescendre vers Saint-Pierre ou Fort-de-France.\u00a0<\/span><\/li>\n<\/ul>\n<p>&nbsp;<\/p>\n<h3><span style=\"font-weight: 400;\">L\u2019insoup\u00e7onn\u00e9 Morne-vert<\/span><\/h3>\n<p><span style=\"font-weight: 400;\">Loin d\u2019\u00eatre une ville beaucoup visit\u00e9e, le Morne-Vert offre tout de m\u00eame :\u00a0<\/span><\/p>\n<ul>\n<li style=\"font-weight: 400;\" aria-level=\"1\"><span style=\"font-weight: 400;\">Du <\/span><a href=\"https:\/\/ankanionla-madinina.com\/\"><span style=\"font-weight: 400;\">canyoning<\/span><\/a><span style=\"font-weight: 400;\"> dans la rivi\u00e8re Mitan, accessible aux d\u00e9butants, quoique technique.\u00a0<\/span><\/li>\n<li style=\"font-weight: 400;\" aria-level=\"1\"><span style=\"font-weight: 400;\">La mythique ascension des <\/span><b>Pitons du Carbet<\/b><span style=\"font-weight: 400;\"> pour les plus confirm\u00e9s <\/span><span style=\"font-weight: 400;\">uniquement,<\/span><span style=\"font-weight: 400;\"> les secours devant souvent intervenir pour venir en aide \u00e0 des randonneurs bloqu\u00e9s. Il n\u2019y a qu\u2019\u00e0 voir le massif, c\u2019est un v\u00e9ritable mur naturel. Le sentier n\u2019est par ailleurs pas balis\u00e9, et comporte plusieurs passages sur des cr\u00eates \u00e9troites.<\/span><\/li>\n<\/ul>\n<p>&nbsp;<\/p>\n<p><a class=\"btn btn-primary bg-main bold fs14 c-white h50 center block w400\" href=\"https:\/\/www.zotcar.com\/search\">Comparer les tarifs<\/a><\/p>\n<p><a href=\"https:\/\/www.zotcar.com\/search\"><img decoding=\"async\" loading=\"lazy\" class=\"aligncenter wp-image-312 size-full\" src=\"https:\/\/zc-blog.s3.eu-west-1.amazonaws.com\/blog\/wp-content\/uploads\/2019\/07\/29110146\/location-voiture-vacances-randonn%C3%A9es.png\" alt=\"\" width=\"1017\" height=\"561\" srcset=\"https:\/\/zc-blog.s3.eu-west-1.amazonaws.com\/blog\/wp-content\/uploads\/2019\/07\/29110146\/location-voiture-vacances-randonn%C3%A9es.png 1017w, https:\/\/zc-blog.s3.eu-west-1.amazonaws.com\/blog\/wp-content\/uploads\/2019\/07\/29110146\/location-voiture-vacances-randonn%C3%A9es-300x165.png 300w, https:\/\/zc-blog.s3.eu-west-1.amazonaws.com\/blog\/wp-content\/uploads\/2019\/07\/29110146\/location-voiture-vacances-randonn%C3%A9es-768x424.png 768w\" sizes=\"(max-width: 1017px) 100vw, 1017px\" \/><\/a><\/p>\n<h2><span style=\"font-weight: 400;\">Itin\u00e9raire sur la c\u00f4te Nord-Cara\u00efbes de la Martinique<\/span><\/h2>\n<p><span style=\"font-weight: 400;\">A d\u00e9couvrir par la mer lors d&rsquo;excursions en bateau \u00e0 la rencontre des dauphins, le Nord-Cara\u00efbes offre \u00e9galement pas mal d\u2019activit\u00e9s sur terre (ou dans les rivi\u00e8res).<\/span><\/p>\n<p>&nbsp;<\/p>\n<h3><span style=\"font-weight: 400;\">Au village de p\u00eacheurs de Case-Pilote<\/span><\/h3>\n<ul>\n<li style=\"font-weight: 400;\" aria-level=\"1\"><span style=\"font-weight: 400;\">Offrez-vous une balade \u00e0 la voile totalement \u00e9colo avec Madisail.\u00a0<\/span><\/li>\n<li style=\"font-weight: 400;\" aria-level=\"1\"><span style=\"font-weight: 400;\">Au retour en fin de journ\u00e9e, observez <\/span><b>la Senne<\/b><span style=\"font-weight: 400;\"> (remont\u00e9e des filets de p\u00eache encourag\u00e9e par des chants), ou sirotez un verre dans un des bars et restaurants en bord de plage, dont le r\u00e9put\u00e9 Kay Dada.<\/span><\/li>\n<li style=\"font-weight: 400;\" aria-level=\"1\"><span style=\"font-weight: 400;\">Sortez les palmes, masques et tubas pour d\u00e9couvrir les fonds marins de <\/span><b>Fonds Boucher<\/b><span style=\"font-weight: 400;\"> en snorkeling.\u00a0<\/span><\/li>\n<\/ul>\n<p>&nbsp;<\/p>\n<h3><span style=\"font-weight: 400;\">Les inoubliables journ\u00e9es au Carbet\u00a0<\/span><\/h3>\n<ul>\n<li style=\"font-weight: 400;\" aria-level=\"1\"><span style=\"font-weight: 400;\">Vous pouvez commencer par la randonn\u00e9e du <\/span><b>Canal des esclaves<\/b><span style=\"font-weight: 400;\">, sur un petit muret \u00e0 flanc de falaise entre un canal d\u2019eau fra\u00eeche et&#8230;le vide. V\u00e9rifiez que le sentier est bien ouvert et n\u2019est pas en travaux de renforcement avant de vous y rendre \ud83d\ude09<\/span><\/li>\n<li style=\"font-weight: 400;\" aria-level=\"1\"><span style=\"font-weight: 400;\">Si ce n\u2019est pas le cas, vous pouvez aussi faire la remont\u00e9e de rivi\u00e8re vers le <\/span><b>toboggan naturel du Carbet<\/b><span style=\"font-weight: 400;\">, sympa pour les petits comme pour les grands.\u00a0<\/span><\/li>\n<li style=\"font-weight: 400;\" aria-level=\"1\"><span style=\"font-weight: 400;\">Puis faire un tour \u00e0 la <\/span><b>distillerie Neisson<\/b><span style=\"font-weight: 400;\"> dont la visite est gratuite pour d\u00e9guster voire repartir avec un des meilleurs rhums de l\u2019\u00eele.\u00a0<\/span><\/li>\n<li style=\"font-weight: 400;\" aria-level=\"1\"><span style=\"font-weight: 400;\">Direction ensuite la <\/span><b>Plage du Coin<\/b><span style=\"font-weight: 400;\"> et ses restaurants pour reprendre des forces avec la p\u00eache du jour, les \u00e9crevisses du producteur carb\u00e9tien Andr\u00e9 Mangatal et autres sp\u00e9cialit\u00e9s locales.\u00a0<\/span><\/li>\n<li style=\"font-weight: 400;\" aria-level=\"1\"><span style=\"font-weight: 400;\">Apr\u00e8s une baignade sur cette plage de sable noir, pourquoi ne pas go\u00fbter une des fameuses glaces de chez <\/span><b>Ziouka<\/b><span style=\"font-weight: 400;\"> aux saveurs tr\u00e8s locales et souvent m\u00e9connues des touristes. En regardant le coucher du soleil au Carbet qui est un des plus beaux de l\u2019\u00eele, vous songerez sans doute que la vie est ici bien <\/span><i><span style=\"font-weight: 400;\">douce<\/span><\/i><span style=\"font-weight: 400;\">, comme disent les Martiniquais.\u00a0<\/span><\/li>\n<\/ul>\n<p>&nbsp;<\/p>\n<h3><span style=\"font-weight: 400;\">L\u2019incontournable Saint-Pierre<\/span><\/h3>\n<p><span style=\"font-weight: 400;\">Si vous n\u2019avez pas encore entendu parl\u00e9 de <a href=\"https:\/\/www.zotcar.com\/location-voiture-saint-pierre-martinique\" target=\"_blank\" rel=\"noopener noreferrer\">Saint-Pierre en Martinique<\/a>, il est temps d\u2019y rem\u00e9dier. Vous d\u00e9couvrirez son histoire :\u00a0<\/span><\/p>\n<ul>\n<li style=\"font-weight: 400;\" aria-level=\"1\"><span style=\"font-weight: 400;\">Au <\/span><b>mus\u00e9e Franck Perret &#8211; M\u00e9morial de la catastrophe de 1902<\/b><span style=\"font-weight: 400;\">, retra\u00e7ant la vie pierrotine avant et apr\u00e8s l\u2019\u00e9ruption de la Montagne Pel\u00e9e qui d\u00e9truisit la ville autrefois surnomm\u00e9e Le Petit Paris des Antilles.<\/span><\/li>\n<li style=\"font-weight: 400;\" aria-level=\"1\"><span style=\"font-weight: 400;\">En vous baladant dans la ville (\u00e0 pied ou en petit train), entre les <\/span><b>ruines du Th\u00e9\u00e2tre<\/b><span style=\"font-weight: 400;\"> ou celles du <\/span><b>cachot de Cyparis<\/b><span style=\"font-weight: 400;\">, l\u2019unique survivant, en d\u00e9couvrant les photos d\u2019\u00e9poque affich\u00e9es sur les maisons de la ville, en faisant une pause au Creole Arts Caf\u00e9 qui occupe la premi\u00e8re maison reconstruite apr\u00e8s l\u2019\u00e9ruption de mai 1902, en plongeant au-dessus des \u00e9paves des bateaux coul\u00e9s par l\u2019\u00e9ruption\u2026<\/span><\/li>\n<\/ul>\n<p>&nbsp;<\/p>\n<p><img decoding=\"async\" loading=\"lazy\" class=\"aligncenter wp-image-2585 size-full\" src=\"https:\/\/zc-blog.s3.eu-west-1.amazonaws.com\/blog\/wp-content\/uploads\/2021\/04\/08180944\/shutterstock_356517893.jpg\" alt=\"\" width=\"1000\" height=\"658\" srcset=\"https:\/\/zc-blog.s3.eu-west-1.amazonaws.com\/blog\/wp-content\/uploads\/2021\/04\/08180944\/shutterstock_356517893.jpg 1000w, https:\/\/zc-blog.s3.eu-west-1.amazonaws.com\/blog\/wp-content\/uploads\/2021\/04\/08180944\/shutterstock_356517893-300x197.jpg 300w, https:\/\/zc-blog.s3.eu-west-1.amazonaws.com\/blog\/wp-content\/uploads\/2021\/04\/08180944\/shutterstock_356517893-768x505.jpg 768w\" sizes=\"(max-width: 1000px) 100vw, 1000px\" \/><\/p>\n<p>&nbsp;<\/p>\n<p><span style=\"font-weight: 400;\">Aussi \u00e0 faire \u00e0 <a href=\"https:\/\/www.zotcar.com\/location-voiture-saint-pierre-martinique\" target=\"_blank\" rel=\"noopener noreferrer\">Saint-Pierre<\/a> :<\/span><\/p>\n<ul>\n<li style=\"font-weight: 400;\" aria-level=\"1\"><span style=\"font-weight: 400;\">Le spot de plong\u00e9e <\/span><b>Manman Dlo<\/b><span style=\"font-weight: 400;\"> que vous pourrez d\u00e9couvrir en snorkeling, une impressionnante sir\u00e8ne de b\u00e9ton immerg\u00e9e, cr\u00e9\u00e9e par l\u2019artiste \u00e0 l\u2019origine du cap 110 au Diamant, Laurent Val\u00e8re.<\/span><\/li>\n<li style=\"font-weight: 400;\" aria-level=\"1\"><span style=\"font-weight: 400;\">Le superbe point de vue sur la ville et le volcan de la montagne Pel\u00e9e depuis le <\/span><b>Morne d\u2019Orange <\/b><span style=\"font-weight: 400;\">mais aussi depuis<\/span><b> le Morne Rouge<\/b><\/li>\n<li style=\"font-weight: 400;\" aria-level=\"1\"><span style=\"font-weight: 400;\">La visite de la <\/span><b>distillerie Depaz<\/b><span style=\"font-weight: 400;\"> qui surplombe la ville.\u00a0<\/span><\/li>\n<li style=\"font-weight: 400;\" aria-level=\"1\"><span style=\"font-weight: 400;\">Et bien s\u00fbr, l\u2019<\/span><b>ascension de la Montagne Pel\u00e9e<\/b><span style=\"font-weight: 400;\">, \u00e0 condition d\u2019\u00eatre bien \u00e9quip\u00e9s. On entend par l\u00e0 de remplacer les claquettes par de bonnes chaussures de rando, sans oublier un sac avec de l\u2019eau, un go\u00fbter et une trousse de secours au cas o\u00f9.\u00a0<\/span><\/li>\n<\/ul>\n<p>&nbsp;<\/p>\n<h3><span style=\"font-weight: 400;\">Le Pr\u00eacheur, le Nord sauvage<\/span><\/h3>\n<p><span style=\"font-weight: 400;\">Tr\u00e8s paisible, la ville du Pr\u00eacheur a des allures de bout du monde que rien ne pourrait perturber. On y aime :\u00a0<\/span><\/p>\n<ul>\n<li style=\"font-weight: 400;\" aria-level=\"1\"><span style=\"font-weight: 400;\">Les anses, plages de sable noir de la plus accessible en voiture, aux plus recul\u00e9es accessibles \u00e0 pied et moins fr\u00e9quent\u00e9es : l\u2019<\/span><b>anse C\u00e9ron<\/b><span style=\"font-weight: 400;\">, l\u2019<\/span><b>anse Couleuvre<\/b><span style=\"font-weight: 400;\">, l\u2019<\/span><b>anse L\u00e9vrier<\/b><span style=\"font-weight: 400;\">, l\u2019<\/span><b>anse \u00e0 Voile<\/b><span style=\"font-weight: 400;\">.\u00a0<\/span><\/li>\n<li style=\"font-weight: 400;\" aria-level=\"1\"><span style=\"font-weight: 400;\">La <\/span><b>cascade Couleuvre<\/b><span style=\"font-weight: 400;\">, de plus de 100 m\u00e8tres de haut, qui se d\u00e9couvre apr\u00e8s une quarantaine de minutes de balade facile dans la for\u00eat.<\/span><\/li>\n<li style=\"font-weight: 400;\" aria-level=\"1\"><span style=\"font-weight: 400;\">La <\/span><b>randonn\u00e9e Pr\u00eacheur &lt;&gt; Grand-Rivi\u00e8re<\/b><span style=\"font-weight: 400;\">, pour laquelle il vous faudra consacrer toute une journ\u00e9e et penser \u00e0 r\u00e9server un trajet avec un p\u00eacheur, pour vous ramener au d\u00e9part de la rando \u00e0 la fin de la journ\u00e9e. Une bifurcation sur ce sentier vous m\u00e8ne \u00e9galement \u00e0 la <\/span><b>cascade Trois-Bras<\/b><span style=\"font-weight: 400;\">, \u00e9galement tr\u00e8s belle. Se baigner sous une chute provenant directement du massif de la Montagne Pel\u00e9e, c\u2019est pas mal comme exp\u00e9rience non ?\u00a0<\/span><\/li>\n<li style=\"font-weight: 400;\" aria-level=\"1\"><span style=\"font-weight: 400;\">Au Pr\u00eacheur, juste avant les anses, vous pouvez aussi faire un tour \u00e0 l\u2019<\/span><b>habitation C\u00e9ron <\/b><span style=\"font-weight: 400;\">pour d\u00e9couvrir son superbe parc et la d\u00e9licieuse carte de son restaurant, concoct\u00e9e \u00e0 base de produits de l\u2019habitation principalement.\u00a0<\/span><\/li>\n<\/ul>\n<p>&nbsp;<\/p>\n<h2><span style=\"font-weight: 400;\">Visiter le Nord-Atlantique de la Martinique<\/span><\/h2>\n<p><span style=\"font-weight: 400;\">Derni\u00e8re portion de la Martinique qu\u2019il vous reste \u00e0 d\u00e9couvrir, le Nord-Atlantique qui est souvent un peu d\u00e9laiss\u00e9, offre quelques beaux coins et lieux \u00e0 visiter.<\/span><\/p>\n<h3><span style=\"font-weight: 400;\">A Trinit\u00e9\u00a0<\/span><\/h3>\n<ul>\n<li style=\"font-weight: 400;\" aria-level=\"1\"><span style=\"font-weight: 400;\">La <\/span><b>randonn\u00e9e de La Caravelle<\/b><span style=\"font-weight: 400;\"> sur laquelle vous d\u00e9couvrirez la plage de la Baie du Tr\u00e9sor dont la topographie est tr\u00e8s surprenante. Allez-y et vous verrez par vous-m\u00eames \ud83d\ude09 Les ruines du <\/span><b>ch\u00e2teau Dubuc<\/b><span style=\"font-weight: 400;\"> se trouvant au d\u00e9part de la rando peuvent \u00eatre une entr\u00e9e en mati\u00e8re sympa, tant que vous y \u00eates.\u00a0<\/span><\/li>\n<li style=\"font-weight: 400;\" aria-level=\"1\"><span style=\"font-weight: 400;\">Le <\/span><b>sentier de Pointe Rouge<\/b><span style=\"font-weight: 400;\"> et ses plages de sable ocre.\u00a0<\/span><\/li>\n<li style=\"font-weight: 400;\" aria-level=\"1\"><span style=\"font-weight: 400;\">Le site de <\/span><b>Bo La Rivi\u00e8<\/b><span style=\"font-weight: 400;\"> proposant de multiples activit\u00e9s pour toute la famille.\u00a0<\/span><\/li>\n<li style=\"font-weight: 400;\" aria-level=\"1\"><span style=\"font-weight: 400;\">Les <\/span><b>spots de surf de Tartane<\/b><span style=\"font-weight: 400;\">, \u00e0 l\u2019anse Bonneville et l\u2019anse L\u2019\u00e9tang.<\/span><\/li>\n<\/ul>\n<p>&nbsp;<\/p>\n<p><img decoding=\"async\" loading=\"lazy\" class=\"aligncenter wp-image-2586 size-full\" src=\"https:\/\/zc-blog.s3.eu-west-1.amazonaws.com\/blog\/wp-content\/uploads\/2021\/04\/08181037\/shutterstock_1600835212.jpg\" alt=\"\" width=\"1000\" height=\"625\" srcset=\"https:\/\/zc-blog.s3.eu-west-1.amazonaws.com\/blog\/wp-content\/uploads\/2021\/04\/08181037\/shutterstock_1600835212.jpg 1000w, https:\/\/zc-blog.s3.eu-west-1.amazonaws.com\/blog\/wp-content\/uploads\/2021\/04\/08181037\/shutterstock_1600835212-300x188.jpg 300w, https:\/\/zc-blog.s3.eu-west-1.amazonaws.com\/blog\/wp-content\/uploads\/2021\/04\/08181037\/shutterstock_1600835212-768x480.jpg 768w\" sizes=\"(max-width: 1000px) 100vw, 1000px\" \/><\/p>\n<h3>\u00a0<\/h3>\n<h3><span style=\"font-weight: 400;\">A Sainte-Marie\u00a0<\/span><\/h3>\n<ul>\n<li style=\"font-weight: 400;\" aria-level=\"1\"><span style=\"font-weight: 400;\">La <\/span><b>distillerie Saint-James<\/b><span style=\"font-weight: 400;\">, la plus vieille de l\u2019\u00eele, et son mus\u00e9e du rhum pour en savoir plus sur la fabrication du spiritueux.\u00a0<\/span><\/li>\n<li style=\"font-weight: 400;\" aria-level=\"1\"><span style=\"font-weight: 400;\">Le <\/span><b>tombolo, <\/b><span style=\"font-weight: 400;\">une curiosit\u00e9 g\u00e9ologique assez rare au niveau mondial, o\u00f9 la mer semble s\u2019ouvrir \u00e0 certaines p\u00e9riodes de l\u2019ann\u00e9e pour lib\u00e9rer un bras de sable menant \u00e0 pied \u00e0 un petit \u00eelet. Il est g\u00e9n\u00e9ralement ouvert entre f\u00e9vrier et mai.\u00a0<\/span><\/li>\n<li style=\"font-weight: 400;\" aria-level=\"1\"><span style=\"font-weight: 400;\">La <\/span><b>vannerie du Morne des Esses<\/b><span style=\"font-weight: 400;\">, pour assister \u00e0 des ateliers ou trouver de jolis objets d\u2019artisanat.\u00a0<\/span><\/li>\n<li style=\"font-weight: 400;\" aria-level=\"1\"><span style=\"font-weight: 400;\">La <\/span><b>maison du b\u00e8l\u00e8<\/b><span style=\"font-weight: 400;\"> (danse et musique traditionnelle) o\u00f9 sont organis\u00e9es des soir\u00e9es b\u00e8l\u00e8, dans le quartier de Recul\u00e9e. Un pan de la culture martiniquaise \u00e0 d\u00e9finitivement d\u00e9couvrir.\u00a0<\/span><\/li>\n<li style=\"font-weight: 400;\" aria-level=\"1\"><span style=\"font-weight: 400;\">Le <\/span><b>sentier littoral Nord-Atlantique<\/b><span style=\"font-weight: 400;\"> pour parcourir toute cette partie de la c\u00f4te avec de belles vues sur l\u2019oc\u00e9an.\u00a0\u00a0<\/span><\/li>\n<\/ul>\n<p>&nbsp;<\/p>\n<h3><span style=\"font-weight: 400;\">A Ajoupa-Bouillon<\/span><\/h3>\n<ul>\n<li style=\"font-weight: 400;\" aria-level=\"1\"><span style=\"font-weight: 400;\">La <\/span><b>cascade dite de Dany<\/b><span style=\"font-weight: 400;\"> : une remont\u00e9e de rivi\u00e8re et passage dans des gorges qui d\u00e9bouchent sur une belle et puissante cascade et son petit bassin d\u2019eau fra\u00eeche. Rando un peu longue mais adapt\u00e9e \u00e0 tous, m\u00eame si vous avez des petits avec vous.\u00a0<\/span><\/li>\n<li style=\"font-weight: 400;\" aria-level=\"1\"><span style=\"font-weight: 400;\">Les <\/span><b>Gorges de la falaise<\/b><span style=\"font-weight: 400;\">, parcours court mais impressionnant dans les gorges; \u00e0 faire avec un guide.\u00a0<\/span><\/li>\n<\/ul>\n<p>&nbsp;<\/p>\n<h3><span style=\"font-weight: 400;\">A Macouba<\/span><\/h3>\n<ul>\n<li style=\"font-weight: 400;\" aria-level=\"1\"><span style=\"font-weight: 400;\">La belle <\/span><b>distillerie JM<\/b><span style=\"font-weight: 400;\">, sa visite interactive, pas trop longue et tr\u00e8s ludique, son parcours guid\u00e9 en jeep entre les champs de canne \u00e0 sucre, sans oublier le moment d\u00e9gustation qui vous donnera sans aucun doute des envies d\u2019achat.\u00a0<\/span><\/li>\n<li style=\"font-weight: 400;\" aria-level=\"1\"><span style=\"font-weight: 400;\">La plage et la rivi\u00e8re de <\/span><b>Nord-Plage<\/b><span style=\"font-weight: 400;\">, coin peu fr\u00e9quent\u00e9 o\u00f9 les habitants des environs se retrouvent pour discuter et jouer aux dominos, ou pour partir \u00e0 la p\u00eache. Des ruines de maisons se trouvent tout au long du parcours, vestiges d\u2019un quartier d\u00e9moli pour des raisons de s\u00e9curit\u00e9 du fait de l\u2019avanc\u00e9e de la mer. Accessible \u00e0 pied depuis l\u2019\u00e9glise.\u00a0<\/span><\/li>\n<\/ul>\n<p>&nbsp;<\/p>\n<h3><span style=\"font-weight: 400;\">A Grand-Rivi\u00e8re, l\u2019autre extr\u00e9mit\u00e9 Nord de l\u2019\u00eele<\/span><\/h3>\n<p><span style=\"font-weight: 400;\">Bien que toutes deux \u00e0 l\u2019extr\u00e9mit\u00e9 Nord de la Martinique, les villes du Pr\u00eacheur et de Grand-Rivi\u00e8re ne peuvent \u00eatre reli\u00e9es que par un sentier de randonn\u00e9e en pleine for\u00eat. Il faut donc faire un grand d\u00e9tour pour arriver \u00e0 Grand-Rivi\u00e8re en voiture, au d\u00e9part du Pr\u00eacheur.<\/span><\/p>\n<p>&nbsp;<\/p>\n<p><span style=\"font-weight: 400;\">La ville plut\u00f4t enclav\u00e9e et facilement isol\u00e9e lors de temp\u00eates et d&rsquo;\u00e9boulements a elle aussi un charme fou et une ambiance tr\u00e8s sereine de bout du monde. On y va pour :\u00a0<\/span><\/p>\n<ul>\n<li style=\"font-weight: 400;\" aria-level=\"1\"><span style=\"font-weight: 400;\">Le coucher du soleil sur la <\/span><b>plage de Sina\u00ef<\/b><span style=\"font-weight: 400;\">, vraiment tr\u00e8s beau.<\/span><\/li>\n<li style=\"font-weight: 400;\" aria-level=\"1\"><span style=\"font-weight: 400;\">Les portes color\u00e9es en trompe-l&rsquo;\u0153il sur les murs de la route principale.\u00a0<\/span><\/li>\n<li style=\"font-weight: 400;\" aria-level=\"1\"><span style=\"font-weight: 400;\">La magnifique vue sur les montagnes couvertes de v\u00e9g\u00e9tation sauvage depuis la grande digue.\u00a0<\/span><\/li>\n<li style=\"font-weight: 400;\" aria-level=\"1\"><span style=\"font-weight: 400;\">Les bons petits plats du restaurant Chez Tante Arlette. Pensez \u00e0 r\u00e9server !<\/span><\/li>\n<\/ul>\n<p>&nbsp;<\/p>\n<hr \/>\n<p><span style=\"font-weight: 400;\">Vaste programme pour votre s\u00e9jour en Martinique mais que vous pouvez r\u00e9ussir \u00e0 caser sur 10 \u00e0 15 jours de vacances si vous vous concentrez sur une zone \u00e0 la fois \ud83d\ude09 Pour profiter de tous ses beaux coins et activit\u00e9s gratuites, il vous faudra obligatoirement penser \u00e0 r\u00e9server un v\u00e9hicule de location si vous n\u2019\u00eates pas v\u00e9hicul\u00e9s par des amis ou de la famille. Il est en effet tr\u00e8s difficile de visiter la Martinique sans voiture, le r\u00e9seau de transport en commun \u00e9tant cantonn\u00e9 aux agglom\u00e9rations et quelques zones r\u00e9sidentielles, et ne permettant pas d\u2019acc\u00e9der \u00e0 la majorit\u00e9 des lieux touristiques, ou simplement recul\u00e9s.<\/span><\/p>\n<p>&nbsp;<\/p>\n<p><span style=\"font-weight: 400;\">Pour plus d\u2019infos, d\u00e9couvrez le <a href=\"https:\/\/www.zotcar.com\/location-voiture-martinique\" target=\"_blank\" rel=\"noopener noreferrer\">guide de la location de voiture en Martinique<\/a> de Zotcar.<\/span><\/p>\n<p>&nbsp;<\/p>\n<p><a class=\"btn btn-primary bg-main bold fs14 c-white h50 center block w400\" href=\"https:\/\/www.zotcar.com\/location-voiture-martinique\">Consulter le guide de la location en Martinique<\/a><\/p>\n","protected":false},"excerpt":{"rendered":"<p>Se d\u00e9tendre sur ses belles plages de sable blanc et noir, s\u2019\u00e9vader sur ses nombreux \u00eelets, partir \u00e0 l\u2019assaut de son volcan (actif !), admirer la vue depuis ses multiples sommets, s\u2019\u00e9merveiller devant ses cascades et rivi\u00e8res insoup\u00e7onn\u00e9es, explorer ses for\u00eats, d\u00e9guster parmi les meilleurs rhums dans ses nombreuses distilleries, d\u00e9couvrir l\u2019ambiance festive du carnaval, [&hellip;]<\/p>\n","protected":false},"author":16,"featured_media":2588,"comment_status":"open","ping_status":"open","sticky":false,"template":"","format":"standard","meta":{"footnotes":"","_wpscppro_dont_share_socialmedia":false,"_wpscppro_custom_social_share_image":0},"categories":[22,29],"tags":[],"acf":[],"yoast_head":"<!-- This site is optimized with the Yoast SEO plugin v21.5 - https:\/\/yoast.com\/wordpress\/plugins\/seo\/ -->\n<title>Visiter la Martinique : le guide complet<\/title>\n<meta name=\"description\" content=\"De belles plages, un volcan actif, des cascades insoup\u00e7onn\u00e9es : il y a vraiment de quoi faire en Martinique, voici les lieux incontournables !\" \/>\n<meta name=\"robots\" content=\"index, follow, max-snippet:-1, max-image-preview:large, max-video-preview:-1\" \/>\n<link rel=\"canonical\" href=\"https:\/\/www.zotcar.com\/blog\/visiter-la-martinique\/\" \/>\n<meta property=\"og:locale\" content=\"fr_FR\" \/>\n<meta property=\"og:type\" content=\"article\" \/>\n<meta property=\"og:title\" content=\"Visiter la Martinique : le guide complet\" \/>\n<meta property=\"og:description\" content=\"De belles plages, un volcan actif, des cascades insoup\u00e7onn\u00e9es : il y a vraiment de quoi faire en Martinique, voici les lieux incontournables !\" \/>\n<meta property=\"og:url\" content=\"https:\/\/www.zotcar.com\/blog\/visiter-la-martinique\/\" \/>\n<meta property=\"og:site_name\" content=\"Zotcar\" \/>\n<meta property=\"article:publisher\" content=\"https:\/\/www.facebook.com\/zotcar\/\" \/>\n<meta property=\"article:published_time\" content=\"2021-04-09T05:47:10+00:00\" \/>\n<meta property=\"article:modified_time\" content=\"2023-07-25T11:13:23+00:00\" \/>\n<meta property=\"og:image\" content=\"https:\/\/zc-blog.s3.eu-west-1.amazonaws.com\/blog\/wp-content\/uploads\/2021\/04\/08181233\/1000x500_ARTICLE-M-27.jpeg\" \/>\n\t<meta property=\"og:image:width\" content=\"1000\" \/>\n\t<meta property=\"og:image:height\" content=\"500\" \/>\n\t<meta property=\"og:image:type\" content=\"image\/jpeg\" \/>\n<meta name=\"author\" content=\"Le\u00efla De Zotcar\" \/>\n<meta name=\"twitter:card\" content=\"summary_large_image\" \/>\n<meta name=\"twitter:creator\" content=\"@zotcar974\" \/>\n<meta name=\"twitter:site\" content=\"@zotcar974\" \/>\n<meta name=\"twitter:label1\" content=\"\u00c9crit par\" \/>\n\t<meta name=\"twitter:data1\" content=\"Le\u00efla De Zotcar\" \/>\n\t<meta name=\"twitter:label2\" content=\"Dur\u00e9e de lecture estim\u00e9e\" \/>\n\t<meta name=\"twitter:data2\" content=\"23 minutes\" \/>\n<script type=\"application\/ld+json\" class=\"yoast-schema-graph\">{\"@context\":\"https:\/\/schema.org\",\"@graph\":[{\"@type\":\"WebPage\",\"@id\":\"https:\/\/www.zotcar.com\/blog\/visiter-la-martinique\/\",\"url\":\"https:\/\/www.zotcar.com\/blog\/visiter-la-martinique\/\",\"name\":\"Visiter la Martinique : le guide complet\",\"isPartOf\":{\"@id\":\"https:\/\/www.zotcar.com\/blog\/#website\"},\"datePublished\":\"2021-04-09T05:47:10+00:00\",\"dateModified\":\"2023-07-25T11:13:23+00:00\",\"author\":{\"@id\":\"https:\/\/www.zotcar.com\/blog\/#\/schema\/person\/e5cd6282afe5bef5a9e5268c5a5c3fa1\"},\"description\":\"De belles plages, un volcan actif, des cascades insoup\u00e7onn\u00e9es : il y a vraiment de quoi faire en Martinique, voici les lieux incontournables !\",\"breadcrumb\":{\"@id\":\"https:\/\/www.zotcar.com\/blog\/visiter-la-martinique\/#breadcrumb\"},\"inLanguage\":\"fr-FR\",\"potentialAction\":[{\"@type\":\"ReadAction\",\"target\":[\"https:\/\/www.zotcar.com\/blog\/visiter-la-martinique\/\"]}]},{\"@type\":\"BreadcrumbList\",\"@id\":\"https:\/\/www.zotcar.com\/blog\/visiter-la-martinique\/#breadcrumb\",\"itemListElement\":[{\"@type\":\"ListItem\",\"position\":1,\"name\":\"Accueil\",\"item\":\"https:\/\/www.zotcar.com\/blog\/\"},{\"@type\":\"ListItem\",\"position\":2,\"name\":\"Visiter la Martinique : le guide complet\"}]},{\"@type\":\"WebSite\",\"@id\":\"https:\/\/www.zotcar.com\/blog\/#website\",\"url\":\"https:\/\/www.zotcar.com\/blog\/\",\"name\":\"Zotcar\",\"description\":\"Blog de Zotcar - Location de voiture entre particuliers \u00e0 La R\u00e9union, en Martinique et en Guadeloupe\",\"potentialAction\":[{\"@type\":\"SearchAction\",\"target\":{\"@type\":\"EntryPoint\",\"urlTemplate\":\"https:\/\/www.zotcar.com\/blog\/?s={search_term_string}\"},\"query-input\":\"required name=search_term_string\"}],\"inLanguage\":\"fr-FR\"},{\"@type\":\"Person\",\"@id\":\"https:\/\/www.zotcar.com\/blog\/#\/schema\/person\/e5cd6282afe5bef5a9e5268c5a5c3fa1\",\"name\":\"Le\u00efla De Zotcar\",\"image\":{\"@type\":\"ImageObject\",\"inLanguage\":\"fr-FR\",\"@id\":\"https:\/\/www.zotcar.com\/blog\/#\/schema\/person\/image\/\",\"url\":\"https:\/\/secure.gravatar.com\/avatar\/f1ff29837afdf729c85bdadabfcc52a3?s=96&d=mm&r=g\",\"contentUrl\":\"https:\/\/secure.gravatar.com\/avatar\/f1ff29837afdf729c85bdadabfcc52a3?s=96&d=mm&r=g\",\"caption\":\"Le\u00efla De Zotcar\"},\"sameAs\":[\"https:\/\/www.zotcar.com\"],\"url\":\"https:\/\/www.zotcar.com\/blog\/author\/leila-de-zotcar\/\"}]}<\/script>\n<!-- \/ Yoast SEO plugin. -->","yoast_head_json":{"title":"Visiter la Martinique : le guide complet","description":"De belles plages, un volcan actif, des cascades insoup\u00e7onn\u00e9es : il y a vraiment de quoi faire en Martinique, voici les lieux incontournables !","robots":{"index":"index","follow":"follow","max-snippet":"max-snippet:-1","max-image-preview":"max-image-preview:large","max-video-preview":"max-video-preview:-1"},"canonical":"https:\/\/www.zotcar.com\/blog\/visiter-la-martinique\/","og_locale":"fr_FR","og_type":"article","og_title":"Visiter la Martinique : le guide complet","og_description":"De belles plages, un volcan actif, des cascades insoup\u00e7onn\u00e9es : il y a vraiment de quoi faire en Martinique, voici les lieux incontournables !","og_url":"https:\/\/www.zotcar.com\/blog\/visiter-la-martinique\/","og_site_name":"Zotcar","article_publisher":"https:\/\/www.facebook.com\/zotcar\/","article_published_time":"2021-04-09T05:47:10+00:00","article_modified_time":"2023-07-25T11:13:23+00:00","og_image":[{"width":1000,"height":500,"url":"https:\/\/zc-blog.s3.eu-west-1.amazonaws.com\/blog\/wp-content\/uploads\/2021\/04\/08181233\/1000x500_ARTICLE-M-27.jpeg","type":"image\/jpeg"}],"author":"Le\u00efla De Zotcar","twitter_card":"summary_large_image","twitter_creator":"@zotcar974","twitter_site":"@zotcar974","twitter_misc":{"\u00c9crit par":"Le\u00efla De Zotcar","Dur\u00e9e de lecture estim\u00e9e":"23 minutes"},"schema":{"@context":"https:\/\/schema.org","@graph":[{"@type":"WebPage","@id":"https:\/\/www.zotcar.com\/blog\/visiter-la-martinique\/","url":"https:\/\/www.zotcar.com\/blog\/visiter-la-martinique\/","name":"Visiter la Martinique : le guide complet","isPartOf":{"@id":"https:\/\/www.zotcar.com\/blog\/#website"},"datePublished":"2021-04-09T05:47:10+00:00","dateModified":"2023-07-25T11:13:23+00:00","author":{"@id":"https:\/\/www.zotcar.com\/blog\/#\/schema\/person\/e5cd6282afe5bef5a9e5268c5a5c3fa1"},"description":"De belles plages, un volcan actif, des cascades insoup\u00e7onn\u00e9es : il y a vraiment de quoi faire en Martinique, voici les lieux incontournables !","breadcrumb":{"@id":"https:\/\/www.zotcar.com\/blog\/visiter-la-martinique\/#breadcrumb"},"inLanguage":"fr-FR","potentialAction":[{"@type":"ReadAction","target":["https:\/\/www.zotcar.com\/blog\/visiter-la-martinique\/"]}]},{"@type":"BreadcrumbList","@id":"https:\/\/www.zotcar.com\/blog\/visiter-la-martinique\/#breadcrumb","itemListElement":[{"@type":"ListItem","position":1,"name":"Accueil","item":"https:\/\/www.zotcar.com\/blog\/"},{"@type":"ListItem","position":2,"name":"Visiter la Martinique : le guide complet"}]},{"@type":"WebSite","@id":"https:\/\/www.zotcar.com\/blog\/#website","url":"https:\/\/www.zotcar.com\/blog\/","name":"Zotcar","description":"Blog de Zotcar - Location de voiture entre particuliers \u00e0 La R\u00e9union, en Martinique et en Guadeloupe","potentialAction":[{"@type":"SearchAction","target":{"@type":"EntryPoint","urlTemplate":"https:\/\/www.zotcar.com\/blog\/?s={search_term_string}"},"query-input":"required name=search_term_string"}],"inLanguage":"fr-FR"},{"@type":"Person","@id":"https:\/\/www.zotcar.com\/blog\/#\/schema\/person\/e5cd6282afe5bef5a9e5268c5a5c3fa1","name":"Le\u00efla De Zotcar","image":{"@type":"ImageObject","inLanguage":"fr-FR","@id":"https:\/\/www.zotcar.com\/blog\/#\/schema\/person\/image\/","url":"https:\/\/secure.gravatar.com\/avatar\/f1ff29837afdf729c85bdadabfcc52a3?s=96&d=mm&r=g","contentUrl":"https:\/\/secure.gravatar.com\/avatar\/f1ff29837afdf729c85bdadabfcc52a3?s=96&d=mm&r=g","caption":"Le\u00efla De Zotcar"},"sameAs":["https:\/\/www.zotcar.com"],"url":"https:\/\/www.zotcar.com\/blog\/author\/leila-de-zotcar\/"}]}},"_links":{"self":[{"href":"https:\/\/www.zotcar.com\/blog\/wp-json\/wp\/v2\/posts\/2580"}],"collection":[{"href":"https:\/\/www.zotcar.com\/blog\/wp-json\/wp\/v2\/posts"}],"about":[{"href":"https:\/\/www.zotcar.com\/blog\/wp-json\/wp\/v2\/types\/post"}],"author":[{"embeddable":true,"href":"https:\/\/www.zotcar.com\/blog\/wp-json\/wp\/v2\/users\/16"}],"replies":[{"embeddable":true,"href":"https:\/\/www.zotcar.com\/blog\/wp-json\/wp\/v2\/comments?post=2580"}],"version-history":[{"count":4,"href":"https:\/\/www.zotcar.com\/blog\/wp-json\/wp\/v2\/posts\/2580\/revisions"}],"predecessor-version":[{"id":2596,"href":"https:\/\/www.zotcar.com\/blog\/wp-json\/wp\/v2\/posts\/2580\/revisions\/2596"}],"wp:featuredmedia":[{"embeddable":true,"href":"https:\/\/www.zotcar.com\/blog\/wp-json\/wp\/v2\/media\/2588"}],"wp:attachment":[{"href":"https:\/\/www.zotcar.com\/blog\/wp-json\/wp\/v2\/media?parent=2580"}],"wp:term":[{"taxonomy":"category","embeddable":true,"href":"https:\/\/www.zotcar.com\/blog\/wp-json\/wp\/v2\/categories?post=2580"},{"taxonomy":"post_tag","embeddable":true,"href":"https:\/\/www.zotcar.com\/blog\/wp-json\/wp\/v2\/tags?post=2580"}],"curies":[{"name":"wp","href":"https:\/\/api.w.org\/{rel}","templated":true}]}}