{"id":3323,"date":"2021-10-11T10:27:56","date_gmt":"2021-10-11T06:27:56","guid":{"rendered":"https:\/\/www.zotcar.com\/blog\/?p=3323"},"modified":"2023-07-25T15:12:24","modified_gmt":"2023-07-25T11:12:24","slug":"photo-martinique","status":"publish","type":"post","link":"https:\/\/www.zotcar.com\/blog\/photo-martinique\/","title":{"rendered":"Les 20 plus belles photos \u00e0 prendre en Martinique"},"content":{"rendered":"<p><span style=\"font-weight: 400;\">Avec ses multiples plages aux d\u00e9cors vari\u00e9s et ses beaux sentiers de randonn\u00e9e \u00e0 travers la for\u00eat tropicale ou sur la c\u00f4te, la Martinique est naturellement photog\u00e9nique. Mais c\u2019est sans compter sur sa surprenante faune, son architecture tour \u00e0 tour color\u00e9e, cr\u00e9ole ou moderne, ses curiosit\u00e9s g\u00e9ologiques et \u0153uvres artistiques urbaines \u00e0 immortaliser sur votre pellicule (digitale ou argentique) photo. D\u00e9couvrez notre s\u00e9lection des 20 plus beaux spots \u00e0 mitrailler.\u00a0<\/span><\/p>\n<p><!--more--><\/p>\n<p>&nbsp;<\/p>\n<h2><span style=\"font-weight: 400;\">1. La Montagne Pel\u00e9e\u00a0<\/span><\/h2>\n<p><span style=\"font-weight: 400;\">Du haut de ses 1397 m\u00e8tres, le volcan de la Montagne Pel\u00e9e est inratable lors d\u2019un s\u00e9jour en Martinique. Pour son ascension, \u00e0 condition d\u2019\u00eatre bien pr\u00e9par\u00e9, ou encore pour son histoire, intimement li\u00e9e \u00e0 celle de la ville de Saint-Pierre, ravag\u00e9e le 8 mai 1902 par la nu\u00e9e ardente du volcan.\u00a0<\/span><\/p>\n<p>&nbsp;<\/p>\n<p><img decoding=\"async\" loading=\"lazy\" class=\"aligncenter wp-image-3334 size-full\" src=\"https:\/\/zc-blog.s3.eu-west-1.amazonaws.com\/blog\/wp-content\/uploads\/2021\/10\/05112329\/photo-martinique-montagne-pele%CC%81e.jpg\" alt=\"photo martinique montagne pele\u0301e\" width=\"1000\" height=\"500\" srcset=\"https:\/\/zc-blog.s3.eu-west-1.amazonaws.com\/blog\/wp-content\/uploads\/2021\/10\/05112329\/photo-martinique-montagne-pele%CC%81e.jpg 1000w, https:\/\/zc-blog.s3.eu-west-1.amazonaws.com\/blog\/wp-content\/uploads\/2021\/10\/05112329\/photo-martinique-montagne-pele%CC%81e-300x150.jpg 300w, https:\/\/zc-blog.s3.eu-west-1.amazonaws.com\/blog\/wp-content\/uploads\/2021\/10\/05112329\/photo-martinique-montagne-pele%CC%81e-768x384.jpg 768w\" sizes=\"(max-width: 1000px) 100vw, 1000px\" \/><\/p>\n<p>&nbsp;<\/p>\n<p><span style=\"font-weight: 400;\">Pour l\u2019admirer de toute sa hauteur (et la prendre en photo !), direction le morne d\u2019Orange derri\u00e8re le cimeti\u00e8re de Saint-Pierre pour atteindre un point de vue qui vous offrira une vue imprenable sur la baie de Saint-Pierre, la ville et bien s\u00fbr, le volcan.\u00a0<\/span><\/p>\n<p>&nbsp;<\/p>\n<h2><span style=\"font-weight: 400;\">2. Le Rocher du Diamant\u00a0<\/span><\/h2>\n<p><span style=\"font-weight: 400;\">Face \u00e0 la commune du m\u00eame nom, le rocher du Diamant, d\u2019un peu moins de 200 m\u00e8tres de hauteur, semble pos\u00e9 sur l\u2019eau. Si vous imaginiez le prendre d\u2019assaut, n\u2019y pensez m\u00eame pas : il est impossible de monter sur ses flancs escarp\u00e9s, le rocher \u00e9tant une r\u00e9serve naturelle prot\u00e9g\u00e9e. Vous pourrez par contre vous en rapprocher en bateau et m\u00eame plonger son impressionnante faille sous-marine, le rocher \u00e9tant un des meilleurs <a href=\"https:\/\/www.zotcar.com\/blog\/plongee-martinique\/\" target=\"_blank\" rel=\"noopener noreferrer\">spots de plong\u00e9e de la Martinique<\/a>.\u00a0<\/span><\/p>\n<p><span style=\"font-weight: 400;\">Pour ceux qui pr\u00e9f\u00e8rent rester sur la terre ferme, profitez-en, c\u2019est le meilleur moyen de prendre un beau clich\u00e9 du rocher. Et l\u00e0, vous avez le choix : depuis le cadre sur\u00e9lev\u00e9 \u00e0 l\u2019entr\u00e9e du centre-ville, depuis le ponton, depuis la plage, depuis l\u2019Anse Caffard ou encore de haut, depuis le Morne Larcher (apr\u00e8s pr\u00e8s d\u2019une heure d\u2019ascension tr\u00e8s sportive)\u2026 vous pourrez mitrailler le rocher sous toutes ses coutures.\u00a0<\/span><\/p>\n<p>&nbsp;<\/p>\n<p><img decoding=\"async\" loading=\"lazy\" class=\"aligncenter wp-image-3329 size-full\" src=\"https:\/\/zc-blog.s3.eu-west-1.amazonaws.com\/blog\/wp-content\/uploads\/2021\/10\/05112313\/photo-martinique-roche%CC%81-du-diamant.jpg\" alt=\"photo martinique rocher du diamant\" width=\"1000\" height=\"500\" srcset=\"https:\/\/zc-blog.s3.eu-west-1.amazonaws.com\/blog\/wp-content\/uploads\/2021\/10\/05112313\/photo-martinique-roche%CC%81-du-diamant.jpg 1000w, https:\/\/zc-blog.s3.eu-west-1.amazonaws.com\/blog\/wp-content\/uploads\/2021\/10\/05112313\/photo-martinique-roche%CC%81-du-diamant-300x150.jpg 300w, https:\/\/zc-blog.s3.eu-west-1.amazonaws.com\/blog\/wp-content\/uploads\/2021\/10\/05112313\/photo-martinique-roche%CC%81-du-diamant-768x384.jpg 768w\" sizes=\"(max-width: 1000px) 100vw, 1000px\" \/><\/p>\n<p>&nbsp;<\/p>\n<h2><span style=\"font-weight: 400;\">3. Les Fonds Blancs<\/span><\/h2>\n<p><span style=\"font-weight: 400;\">Une autre prise de vue qui donnera sans aucun doute envie \u00e0 vos followers de r\u00e9server fissa un billet pour la Martinique, c\u2019est celle de la <a href=\"https:\/\/www.zotcar.com\/blog\/la-baignoire-de-josephine-martinique\/\" target=\"_blank\" rel=\"noopener noreferrer\">baignoire de Jos\u00e9phine<\/a>\u00a0dans la baie du Fran\u00e7ois. Imaginez : un ou deux bateaux en fond et une belle troupe en premier plan, accras et verres de planteur* \u00e0 la main, avec une eau cristalline arrivant \u00e0 la taille, en plein milieu de la mer. Si on devait d\u00e9cerner le prix du spot le plus instagrammable en Martinique, ce serait peut-\u00eatre celui-ci !<\/span><\/p>\n<p><span style=\"font-weight: 400;\">*L\u2019abus d\u2019alcool est dangereux pour la sant\u00e9, \u00e0 consommer avec mod\u00e9ration.\u00a0<\/span><\/p>\n<p>&nbsp;<\/p>\n<p><img decoding=\"async\" loading=\"lazy\" class=\"aligncenter wp-image-3338 size-full\" src=\"https:\/\/zc-blog.s3.eu-west-1.amazonaws.com\/blog\/wp-content\/uploads\/2021\/10\/05113508\/photo-martinique-les-fonds-blancs.jpeg\" alt=\"photo martinique les fonds blancs\" width=\"1000\" height=\"500\" srcset=\"https:\/\/zc-blog.s3.eu-west-1.amazonaws.com\/blog\/wp-content\/uploads\/2021\/10\/05113508\/photo-martinique-les-fonds-blancs.jpeg 1000w, https:\/\/zc-blog.s3.eu-west-1.amazonaws.com\/blog\/wp-content\/uploads\/2021\/10\/05113508\/photo-martinique-les-fonds-blancs-300x150.jpeg 300w, https:\/\/zc-blog.s3.eu-west-1.amazonaws.com\/blog\/wp-content\/uploads\/2021\/10\/05113508\/photo-martinique-les-fonds-blancs-768x384.jpeg 768w\" sizes=\"(max-width: 1000px) 100vw, 1000px\" \/><\/p>\n<p style=\"text-align: center;\"><a href=\"https:\/\/bougetatribu.fr\/martinique-voyage-famille-excursion-fonds-blancs-baignoire-josephine\/\" target=\"_blank\" rel=\"noopener noreferrer\"><span style=\"font-weight: 400;\">Source<\/span><\/a><\/p>\n<p>&nbsp;<\/p>\n<h2><span style=\"font-weight: 400;\">4. Les Anses d\u2019Arlet<\/span><\/h2>\n<p><span style=\"font-weight: 400;\">En 2020, le village de p\u00eacheurs des Anses d\u2019Arlet a \u00e9t\u00e9 vot\u00e9 \u201c2\u00e8me village pr\u00e9f\u00e9r\u00e9 des Fran\u00e7ais\u201d. \u00c7a vaut bien le d\u00e9tour. Les maisons color\u00e9es du bourg, les \u00e9toiles de mer et poissons color\u00e9s \u00e0 d\u00e9couvrir en snorkeling, la vue depuis le Morne Champagne : les opportunit\u00e9s de d\u00e9gainer son appareil photo ne manquent pas. Mais le point de vue le plus embl\u00e9matique reste celui du bout du ponton, qui vous permettra d\u2019avoir en toile de fond la belle \u00e9glise color\u00e9e et son clocher, la plage et les mornes environnants.\u00a0<\/span><\/p>\n<p>&nbsp;<\/p>\n<p><img decoding=\"async\" loading=\"lazy\" class=\"aligncenter wp-image-3333 size-full\" src=\"https:\/\/zc-blog.s3.eu-west-1.amazonaws.com\/blog\/wp-content\/uploads\/2021\/10\/05112326\/photo-martinique-les-anses-darlet.jpg\" alt=\"photo martinique anses d'arlet\" width=\"1000\" height=\"500\" srcset=\"https:\/\/zc-blog.s3.eu-west-1.amazonaws.com\/blog\/wp-content\/uploads\/2021\/10\/05112326\/photo-martinique-les-anses-darlet.jpg 1000w, https:\/\/zc-blog.s3.eu-west-1.amazonaws.com\/blog\/wp-content\/uploads\/2021\/10\/05112326\/photo-martinique-les-anses-darlet-300x150.jpg 300w, https:\/\/zc-blog.s3.eu-west-1.amazonaws.com\/blog\/wp-content\/uploads\/2021\/10\/05112326\/photo-martinique-les-anses-darlet-768x384.jpg 768w\" sizes=\"(max-width: 1000px) 100vw, 1000px\" \/><\/p>\n<p>&nbsp;<\/p>\n<h2><span style=\"font-weight: 400;\">5. Les tortues d\u2019Anse Dufour\u00a0<\/span><\/h2>\n<p><span style=\"font-weight: 400;\">A peine effarouch\u00e9es par les visiteurs faisant du snorkeling, les tortues d\u2019Anse Dufour se d\u00e9couvrent assez facilement en train de brouter l\u2019herbier ou de nager le long de la c\u00f4te. Une belle rencontre \u00e0 immortaliser avec son appareil photo \u00e9tanche. Mais attention : par souci de protection de la faune et de la flore sous-marine, on touche uniquement avec les yeux !<\/span><\/p>\n<p>&nbsp;<\/p>\n<h2><span style=\"font-weight: 400;\">6. La pointe de la L\u00e9zarde\u00a0<\/span><\/h2>\n<p><span style=\"font-weight: 400;\">Troisi\u00e8me spot photog\u00e9nique des Anses d\u2019Arlet, la falaise color\u00e9e de la pointe de la L\u00e9zarde surplombant une belle \u00e9tendue d\u2019eau turquoise. \u00c0 photographier depuis le bateau, avant de plonger d\u00e9couvrir ses fonds marins.\u00a0<\/span><\/p>\n<p>&nbsp;<\/p>\n<h2><span style=\"font-weight: 400;\">7. Le ponton d\u2019Anse Noire\u00a0<\/span><\/h2>\n<p><span style=\"font-weight: 400;\">Autre ponton des Anses d\u2019Arlet, celui de la plage d\u2019Anse Noire se r\u00e9v\u00e8le enclav\u00e9 entre deux falaises, devant une v\u00e9g\u00e9tation luxuriante et sa plage de sable noir, insolite pour le sud de l\u2019\u00eele. Avis aux photographes en herbe ou confirm\u00e9s : la lumi\u00e8re de fin de journ\u00e9e rajoute un charme ind\u00e9niable aux prises de vue.\u00a0\u00a0<\/span><\/p>\n<p>&nbsp;<\/p>\n<p><img decoding=\"async\" loading=\"lazy\" class=\"aligncenter wp-image-3327 size-full\" src=\"https:\/\/zc-blog.s3.eu-west-1.amazonaws.com\/blog\/wp-content\/uploads\/2021\/10\/05112306\/photo-martinique-le-ponton-danse-noire.jpg\" alt=\"photo martinique ponton d'anse noire\" width=\"1000\" height=\"500\" srcset=\"https:\/\/zc-blog.s3.eu-west-1.amazonaws.com\/blog\/wp-content\/uploads\/2021\/10\/05112306\/photo-martinique-le-ponton-danse-noire.jpg 1000w, https:\/\/zc-blog.s3.eu-west-1.amazonaws.com\/blog\/wp-content\/uploads\/2021\/10\/05112306\/photo-martinique-le-ponton-danse-noire-300x150.jpg 300w, https:\/\/zc-blog.s3.eu-west-1.amazonaws.com\/blog\/wp-content\/uploads\/2021\/10\/05112306\/photo-martinique-le-ponton-danse-noire-768x384.jpg 768w\" sizes=\"(max-width: 1000px) 100vw, 1000px\" \/><\/p>\n<p>&nbsp;<\/p>\n<h2><span style=\"font-weight: 400;\">8. Les dauphins du Nord Cara\u00efbe<\/span><\/h2>\n<p><span style=\"font-weight: 400;\">A condition qu\u2019ils soient de la partie lors de votre excursion en bateau, les dauphins se feront un plaisir de faire quelques sauts en suivant les embarcations. L\u2019occasion d\u2019immortaliser ce moment in\u00e9dit.\u00a0<\/span><\/p>\n<p>&nbsp;<\/p>\n<h2><span style=\"font-weight: 400;\">9. La Cascade Couleuvre\u00a0<\/span><\/h2>\n<p><span style=\"font-weight: 400;\">Bien que le volume d\u2019eau n\u2019y soit pas trop important, avec ses 130 m\u00e8tres de hauteur, cette chute d\u2019eau a le m\u00e9rite d\u2019\u00eatre une des plus hautes de l\u2019\u00eele. Et la petite randonn\u00e9e de 45 minutes qui y m\u00e8ne offre un bel aper\u00e7u de la for\u00eat tropicale humide et ses multiples esp\u00e8ces. Peut-\u00eatre m\u00eame croiserez-vous une matoutou falaise, ces araign\u00e9es velues typiques de l\u2019\u00eele.\u00a0<\/span><\/p>\n<p>&nbsp;<\/p>\n<p><img decoding=\"async\" loading=\"lazy\" class=\"aligncenter wp-image-3335 size-full\" src=\"https:\/\/zc-blog.s3.eu-west-1.amazonaws.com\/blog\/wp-content\/uploads\/2021\/10\/05112334\/photo-martinique-la-cascade-couleuvre.jpg\" alt=\"photo martinique cascade couleuvre\" width=\"1000\" height=\"500\" srcset=\"https:\/\/zc-blog.s3.eu-west-1.amazonaws.com\/blog\/wp-content\/uploads\/2021\/10\/05112334\/photo-martinique-la-cascade-couleuvre.jpg 1000w, https:\/\/zc-blog.s3.eu-west-1.amazonaws.com\/blog\/wp-content\/uploads\/2021\/10\/05112334\/photo-martinique-la-cascade-couleuvre-300x150.jpg 300w, https:\/\/zc-blog.s3.eu-west-1.amazonaws.com\/blog\/wp-content\/uploads\/2021\/10\/05112334\/photo-martinique-la-cascade-couleuvre-768x384.jpg 768w\" sizes=\"(max-width: 1000px) 100vw, 1000px\" \/><\/p>\n<p style=\"text-align: center;\">\u00a0<\/p>\n<p style=\"text-align: center;\"><a class=\"btn btn-primary bg-main bold fs14 c-white h50 center block w400\" href=\"https:\/\/www.zotcar.com\/location-voiture-martinique\">Consulter le guide de la location en Martinique<\/a><\/p>\n<p>&nbsp;<\/p>\n<h2><span style=\"font-weight: 400;\">10. La savane des p\u00e9trifications\u00a0<\/span><\/h2>\n<p><span style=\"font-weight: 400;\">Apr\u00e8s une baignade \u00e0 la plage des Salines, consid\u00e9r\u00e9e comme une des <a href=\"https:\/\/www.zotcar.com\/blog\/plus-belle-plage-martinique\/\" target=\"_blank\" rel=\"noopener noreferrer\">plus belles plages de la Martinique <\/a>touristiquement parlant, pr\u00e9voyez de faire un tour \u00e0 la savane des p\u00e9trifications, un paysage lunaire insolite parsem\u00e9 de cactus cierges, en surplomb de l\u2019oc\u00e9an. \u00c7a m\u00e9rite bien une photo !<\/span><\/p>\n<p>&nbsp;<\/p>\n<p><img decoding=\"async\" loading=\"lazy\" class=\"aligncenter wp-image-3336 size-full\" src=\"https:\/\/zc-blog.s3.eu-west-1.amazonaws.com\/blog\/wp-content\/uploads\/2021\/10\/05112337\/photo-martinique-la-savane-des-pe%CC%81trifications.jpg\" alt=\"photo martinique savane des pe\u0301trifications\" width=\"1000\" height=\"500\" srcset=\"https:\/\/zc-blog.s3.eu-west-1.amazonaws.com\/blog\/wp-content\/uploads\/2021\/10\/05112337\/photo-martinique-la-savane-des-pe%CC%81trifications.jpg 1000w, https:\/\/zc-blog.s3.eu-west-1.amazonaws.com\/blog\/wp-content\/uploads\/2021\/10\/05112337\/photo-martinique-la-savane-des-pe%CC%81trifications-300x150.jpg 300w, https:\/\/zc-blog.s3.eu-west-1.amazonaws.com\/blog\/wp-content\/uploads\/2021\/10\/05112337\/photo-martinique-la-savane-des-pe%CC%81trifications-768x384.jpg 768w\" sizes=\"(max-width: 1000px) 100vw, 1000px\" \/><\/p>\n<p>&nbsp;<\/p>\n<h2><span style=\"font-weight: 400;\">11. Le jardin de Balata\u00a0<\/span><\/h2>\n<p><span style=\"font-weight: 400;\">Heliconias, hibiscus, anthuriums, balisiers, orchid\u00e9es : plus de 3000 esp\u00e8ces v\u00e9g\u00e9tales tropicales composent le tr\u00e8s beau <\/span><a href=\"https:\/\/www.jardindebalata.fr\/\" target=\"_blank\" rel=\"noopener noreferrer\"><span style=\"font-weight: 400;\">jardin de Balata<\/span><\/a><span style=\"font-weight: 400;\">. Autant d\u2019occasions de se composer un herbier num\u00e9rique de la flore exotique.\u00a0<\/span><\/p>\n<p>&nbsp;<\/p>\n<p><img decoding=\"async\" loading=\"lazy\" class=\"aligncenter wp-image-3328 size-full\" src=\"https:\/\/zc-blog.s3.eu-west-1.amazonaws.com\/blog\/wp-content\/uploads\/2021\/10\/05112310\/photo-martinique-le-jardin-des-balata.jpg\" alt=\"photo martinique jardin des balata\" width=\"1000\" height=\"500\" srcset=\"https:\/\/zc-blog.s3.eu-west-1.amazonaws.com\/blog\/wp-content\/uploads\/2021\/10\/05112310\/photo-martinique-le-jardin-des-balata.jpg 1000w, https:\/\/zc-blog.s3.eu-west-1.amazonaws.com\/blog\/wp-content\/uploads\/2021\/10\/05112310\/photo-martinique-le-jardin-des-balata-300x150.jpg 300w, https:\/\/zc-blog.s3.eu-west-1.amazonaws.com\/blog\/wp-content\/uploads\/2021\/10\/05112310\/photo-martinique-le-jardin-des-balata-768x384.jpg 768w\" sizes=\"(max-width: 1000px) 100vw, 1000px\" \/><\/p>\n<p>&nbsp;<\/p>\n<h2><span style=\"font-weight: 400;\">12. Cascade Didier<\/span><\/h2>\n<p><span style=\"font-weight: 400;\">Cadre verdoyant, incursion dans la jungle foyalaise, <a href=\"https:\/\/www.zotcar.com\/blog\/cascade-martinique\/\" target=\"_blank\" rel=\"noopener noreferrer\">deux cascades<\/a> pour le prix d\u2019une&#8230;le d\u00e9cor est pos\u00e9. Conseil photo : attendez d\u2019arriver \u00e0 l\u2019impressionnante deuxi\u00e8me cascade de plus de 20 m\u00e8tres de haut et son grand bassin, devant lesquels vous pourrez poser depuis un gros tronc d\u2019arbre tomb\u00e9 sur le sol. Un set-up id\u00e9al.\u00a0<\/span><\/p>\n<p>&nbsp;<\/p>\n<p><img decoding=\"async\" loading=\"lazy\" class=\"aligncenter wp-image-3332 size-full\" src=\"https:\/\/zc-blog.s3.eu-west-1.amazonaws.com\/blog\/wp-content\/uploads\/2021\/10\/05112323\/photo-martinique-cascade-didier.jpg\" alt=\"photo martinique cascade didier\" width=\"1000\" height=\"500\" srcset=\"https:\/\/zc-blog.s3.eu-west-1.amazonaws.com\/blog\/wp-content\/uploads\/2021\/10\/05112323\/photo-martinique-cascade-didier.jpg 1000w, https:\/\/zc-blog.s3.eu-west-1.amazonaws.com\/blog\/wp-content\/uploads\/2021\/10\/05112323\/photo-martinique-cascade-didier-300x150.jpg 300w, https:\/\/zc-blog.s3.eu-west-1.amazonaws.com\/blog\/wp-content\/uploads\/2021\/10\/05112323\/photo-martinique-cascade-didier-768x384.jpg 768w\" sizes=\"(max-width: 1000px) 100vw, 1000px\" \/><\/p>\n<p>&nbsp;<\/p>\n<h2><span style=\"font-weight: 400;\">13. Le c\u0153ur de l\u2019anse Marigot\u00a0<\/span><\/h2>\n<p><span style=\"font-weight: 400;\">Sur la route entre Bellefontaine et Le Carbet, le point de vue de l\u2019anse Marigot offrait naturellement une vue imprenable sur la mer des Cara\u00efbes, sublim\u00e9e par les couchers de soleil flamboyants de ce c\u00f4t\u00e9 de l\u2019\u00eele. C\u2019\u00e9tait sans compter sur l&rsquo;installation en 2021 d\u2019une structure en forme de c\u0153ur, boostant ainsi le potentiel instagrammable du lieu. Pr\u00e9parez-vous \u00e0 une affluence importante en fin de journ\u00e9e.\u00a0<\/span><\/p>\n<p>&nbsp;<\/p>\n<h2><span style=\"font-weight: 400;\">14. La balan\u00e7oire d\u2019Anse Caritan\u00a0<\/span><\/h2>\n<p><span style=\"font-weight: 400;\">A Sainte-Anne, r\u00e9alis\u00e9e par la m\u00eame \u00e9quipe que celle d\u2019anse Marigot, cette balan\u00e7oire pos\u00e9e directement dans la mer vous permettra de faire de jolis clich\u00e9s sans efforts.\u00a0<\/span><\/p>\n<p>&nbsp;<\/p>\n<p><img decoding=\"async\" loading=\"lazy\" class=\"aligncenter wp-image-3337 size-full\" src=\"https:\/\/zc-blog.s3.eu-west-1.amazonaws.com\/blog\/wp-content\/uploads\/2021\/10\/05112340\/photo-martinique-la-balanc%CC%A7oire-danse-caritan.jpg\" alt=\"photo martinique balanc\u0327oire d'anse caritan\" width=\"1000\" height=\"500\" srcset=\"https:\/\/zc-blog.s3.eu-west-1.amazonaws.com\/blog\/wp-content\/uploads\/2021\/10\/05112340\/photo-martinique-la-balanc%CC%A7oire-danse-caritan.jpg 1000w, https:\/\/zc-blog.s3.eu-west-1.amazonaws.com\/blog\/wp-content\/uploads\/2021\/10\/05112340\/photo-martinique-la-balanc%CC%A7oire-danse-caritan-300x150.jpg 300w, https:\/\/zc-blog.s3.eu-west-1.amazonaws.com\/blog\/wp-content\/uploads\/2021\/10\/05112340\/photo-martinique-la-balanc%CC%A7oire-danse-caritan-768x384.jpg 768w\" sizes=\"(max-width: 1000px) 100vw, 1000px\" \/><\/p>\n<p>&nbsp;<\/p>\n<h2><span style=\"font-weight: 400;\">15. Le coeur d\u2019anse Grosse Roche\u00a0<\/span><\/h2>\n<p><span style=\"font-weight: 400;\">Apr\u00e8s une vingtaine de minutes de marche depuis la plage de Cap Macr\u00e9, vous atteindrez une grande \u00e9tendue de sable blanc bord\u00e9e de cocotiers, le plus souvent d\u00e9serte. Dans ce paysage de Robinson, une perc\u00e9e en forme de c\u0153ur a \u00e9t\u00e9 naturellement cr\u00e9\u00e9e par l\u2019\u00e9rosion sur une fa\u00e7ade rocheuse. Un beau spot pour des photos en amoureux.\u00a0\u00a0<\/span><\/p>\n<p>&nbsp;<\/p>\n<p><img decoding=\"async\" loading=\"lazy\" class=\"aligncenter wp-image-3331 size-full\" src=\"https:\/\/zc-blog.s3.eu-west-1.amazonaws.com\/blog\/wp-content\/uploads\/2021\/10\/05112320\/photo-martinique-le-coeur-danse-grosse-roche.jpg\" alt=\"photo martinique coeur d'anse grosse roche\" width=\"1000\" height=\"500\" srcset=\"https:\/\/zc-blog.s3.eu-west-1.amazonaws.com\/blog\/wp-content\/uploads\/2021\/10\/05112320\/photo-martinique-le-coeur-danse-grosse-roche.jpg 1000w, https:\/\/zc-blog.s3.eu-west-1.amazonaws.com\/blog\/wp-content\/uploads\/2021\/10\/05112320\/photo-martinique-le-coeur-danse-grosse-roche-300x150.jpg 300w, https:\/\/zc-blog.s3.eu-west-1.amazonaws.com\/blog\/wp-content\/uploads\/2021\/10\/05112320\/photo-martinique-le-coeur-danse-grosse-roche-768x384.jpg 768w\" sizes=\"(max-width: 1000px) 100vw, 1000px\" \/><\/p>\n<p>&nbsp;<\/p>\n<h2><span style=\"font-weight: 400;\">16. La mangrove de Trou Cochon\u00a0<\/span><\/h2>\n<p><span style=\"font-weight: 400;\">Une petite promenade de 20 minutes \u00e0 une demi-heure et vous voil\u00e0 arriv\u00e9s \u00e0 Trou Cochon, une plage de sable blanc, nich\u00e9e dans la mangrove. L\u2019eau cristalline et les nombreux pal\u00e9tuviers aux racines a\u00e9riennes cr\u00e9ent un d\u00e9cor in\u00e9dit que vous ne retrouverez nulle part ailleurs en Martinique.\u00a0<\/span><\/p>\n<p>&nbsp;<\/p>\n<h2><span style=\"font-weight: 400;\">17. La plage de Sina\u00ef\u00a0<\/span><\/h2>\n<p><span style=\"font-weight: 400;\">A Grand-Rivi\u00e8re, \u00e0 l\u2019extr\u00eame Nord de la Martinique du c\u00f4t\u00e9 Atlantique, la plage de Sina\u00ef a des allures de bout du monde. En contrebas de la jungle tropicale, un des endroits les plus sauvages de l\u2019\u00eele, cette plage de sable noir volcanique d\u00e9gage une \u00e9nergie apaisante \u00e0 absolument capturer en photo. Effet waouh garanti \u00e0 la lumi\u00e8re du soleil couchant.\u00a0<\/span><\/p>\n<p>&nbsp;<\/p>\n<p><img decoding=\"async\" loading=\"lazy\" class=\"aligncenter wp-image-3342 size-full\" src=\"https:\/\/zc-blog.s3.eu-west-1.amazonaws.com\/blog\/wp-content\/uploads\/2021\/10\/05115434\/photo-martinique-plage-de-sinai%CC%88-1.jpeg\" alt=\"photo martinique plage sinai\u0308\" width=\"1000\" height=\"500\" srcset=\"https:\/\/zc-blog.s3.eu-west-1.amazonaws.com\/blog\/wp-content\/uploads\/2021\/10\/05115434\/photo-martinique-plage-de-sinai%CC%88-1.jpeg 1000w, https:\/\/zc-blog.s3.eu-west-1.amazonaws.com\/blog\/wp-content\/uploads\/2021\/10\/05115434\/photo-martinique-plage-de-sinai%CC%88-1-300x150.jpeg 300w, https:\/\/zc-blog.s3.eu-west-1.amazonaws.com\/blog\/wp-content\/uploads\/2021\/10\/05115434\/photo-martinique-plage-de-sinai%CC%88-1-768x384.jpeg 768w\" sizes=\"(max-width: 1000px) 100vw, 1000px\" \/><\/p>\n<p style=\"text-align: center;\"><a href=\"https:\/\/www.tripadvisor.fr\/Attraction_Review-g2005986-d18933372-Reviews-or5-La_Plage_de_Sinai-Grand_Riviere_Arrondissement_of_La_Trinite_Martinique.html\" target=\"_blank\" rel=\"noopener noreferrer\"><span style=\"font-weight: 400;\">Source\u00a0<\/span><\/a><\/p>\n<p>&nbsp;<\/p>\n<h2><span style=\"font-weight: 400;\">18. Les fresques murales de Fort-de-France<\/span><\/h2>\n<p><span style=\"font-weight: 400;\">R\u00e9alis\u00e9es dans le cadre du festival de street-art IPAF, plusieurs fresques d\u2019envergure ont \u00e9t\u00e9 diss\u00e9min\u00e9es dans la capitale. Une chasse au tr\u00e9sor \u00e0 immortaliser avec votre appareil photo, qui vous fera d\u00e9couvrir l\u2019architecture de la ville et ses recoins.\u00a0<\/span><\/p>\n<p>&nbsp;<\/p>\n<h2><span style=\"font-weight: 400;\">19. Le tombolo\u00a0<\/span><\/h2>\n<p><span style=\"font-weight: 400;\">Pour shooter devant une merveille de la nature, direction la commune de Sainte-Marie, o\u00f9 un bras de mer s\u2019ouvre naturellement \u00e0 certaines p\u00e9riodes de l\u2019ann\u00e9e, pour permettre aux visiteurs de rejoindre \u00e0 pied un petit \u00eelet depuis la plage. Ce ph\u00e9nom\u00e8ne est appel\u00e9 \u201ctombolo\u201d et m\u00e9rite grandement le d\u00e9tour.\u00a0<\/span><\/p>\n<p>&nbsp;<\/p>\n<p><img decoding=\"async\" loading=\"lazy\" class=\"aligncenter wp-image-3330 size-full\" src=\"https:\/\/zc-blog.s3.eu-west-1.amazonaws.com\/blog\/wp-content\/uploads\/2021\/10\/05112316\/photo-martinique-tombolo.jpg\" alt=\"photo martinique tombolo\" width=\"1000\" height=\"500\" srcset=\"https:\/\/zc-blog.s3.eu-west-1.amazonaws.com\/blog\/wp-content\/uploads\/2021\/10\/05112316\/photo-martinique-tombolo.jpg 1000w, https:\/\/zc-blog.s3.eu-west-1.amazonaws.com\/blog\/wp-content\/uploads\/2021\/10\/05112316\/photo-martinique-tombolo-300x150.jpg 300w, https:\/\/zc-blog.s3.eu-west-1.amazonaws.com\/blog\/wp-content\/uploads\/2021\/10\/05112316\/photo-martinique-tombolo-768x384.jpg 768w\" sizes=\"(max-width: 1000px) 100vw, 1000px\" \/><\/p>\n<p>&nbsp;<\/p>\n<h2><span style=\"font-weight: 400;\">20. Le Cap 110<\/span><\/h2>\n<p><span style=\"font-weight: 400;\">C\u2019est ainsi qu\u2019a \u00e9t\u00e9 baptis\u00e9 un m\u00e9morial d\u00e9di\u00e9 \u00e0 la traite n\u00e9gri\u00e8re, \u00e0 la sortie de la ville du Diamant. A l\u2019anse Caffard plus pr\u00e9cis\u00e9ment, 15 statues imposantes tourn\u00e9es vers le golfe de Guin\u00e9e en Afrique, invitent \u00e0 se rappeler du naufrage d\u2019un bateau n\u00e9grier, au pied m\u00eame de la falaise sur laquelle elles sont pos\u00e9es. Une \u0153uvre monumentale qui m\u00e9rite bien sa place dans votre album photo, pour sa port\u00e9e symbolique et historique.\u00a0<\/span><\/p>\n<p>&nbsp;<\/p>\n<p><span style=\"font-weight: 400;\">Zotcar vous propose des voitures de location adapt\u00e9es \u00e0 vos besoins, pour pouvoir visiter la Martinique en long, en large et en carr\u00e9, sans prise de t\u00eate; et ainsi ne rien rater de tous ces superbes spots photo.\u00a0<\/span><\/p>\n<p>&nbsp;<\/p>\n<p><span style=\"font-weight: 400;\">Zotcar est pr\u00e9sent pour vos<\/span><a href=\"https:\/\/zotcar.com\/location-voiture-martinique\" target=\"_blank\" rel=\"noopener noreferrer\"><span style=\"font-weight: 400;\"><strong> locations de voiture en Martinique<\/strong><\/span><\/a><span style=\"font-weight: 400;\">, que ce soit<\/span><strong><a href=\"https:\/\/www.zotcar.com\/location-voiture-aeroport-martinique\" target=\"_blank\" rel=\"noopener noreferrer\"> \u00e0 l\u2019a\u00e9roport<\/a><\/strong><span style=\"font-weight: 400;\"> ou dans les villes de<\/span><strong><a href=\"https:\/\/www.zotcar.com\/location-voiture-sainte-luce-martinique\" target=\"_blank\" rel=\"noopener noreferrer\"> Sainte-Luce<\/a><\/strong><span style=\"font-weight: 400;\">,<\/span><strong><a href=\"https:\/\/www.zotcar.com\/location-voiture-le-marin-martinique\" target=\"_blank\" rel=\"noopener noreferrer\"> au Marin<\/a><\/strong><span style=\"font-weight: 400;\">,<\/span><a href=\"https:\/\/www.zotcar.com\/location-voiture-lamentin-martinique\" target=\"_blank\" rel=\"noopener noreferrer\"><span style=\"font-weight: 400;\">\u00a0 <strong>\u00e0 Lamentin<\/strong><\/span><\/a><span style=\"font-weight: 400;\"> ou<\/span><strong><a href=\"https:\/\/www.zotcar.com\/location-voiture-saint-pierre-martinique\" target=\"_blank\" rel=\"noopener noreferrer\"> \u00e0 Saint Pierre<\/a><\/strong><span style=\"font-weight: 400;\">.\u00a0<\/span><\/p>\n<p>&nbsp;<\/p>\n<p style=\"text-align: center;\"><a class=\"btn btn-primary bg-main bold fs14 c-white h50 center block w400\" href=\"https:\/\/www.zotcar.com\/location-voiture-martinique\" target=\"_blank\" rel=\"noopener noreferrer\">D\u00e9couvrir les offres<\/a><\/p>\n<p>&nbsp;<\/p>\n","protected":false},"excerpt":{"rendered":"<p>Avec ses multiples plages aux d\u00e9cors vari\u00e9s et ses beaux sentiers de randonn\u00e9e \u00e0 travers la for\u00eat tropicale ou sur la c\u00f4te, la Martinique est naturellement photog\u00e9nique. Mais c\u2019est sans compter sur sa surprenante faune, son architecture tour \u00e0 tour color\u00e9e, cr\u00e9ole ou moderne, ses curiosit\u00e9s g\u00e9ologiques et \u0153uvres artistiques urbaines \u00e0 immortaliser sur votre [&hellip;]<\/p>\n","protected":false},"author":16,"featured_media":3346,"comment_status":"open","ping_status":"open","sticky":false,"template":"","format":"standard","meta":{"footnotes":"","_wpscppro_dont_share_socialmedia":false,"_wpscppro_custom_social_share_image":0},"categories":[22,29],"tags":[],"acf":[],"yoast_head":"<!-- This site is optimized with the Yoast SEO plugin v21.5 - https:\/\/yoast.com\/wordpress\/plugins\/seo\/ -->\n<title>Les 20 plus belles photos \u00e0 prendre en Martinique - Zotcar<\/title>\n<meta name=\"description\" content=\"Plus besoin de chercher ailleurs, nous avons d\u00e9j\u00e0 trouv\u00e9 pour vous les 20 plus belles photos \u00e0 prendre en Martinique.\" \/>\n<meta name=\"robots\" content=\"index, follow, max-snippet:-1, max-image-preview:large, max-video-preview:-1\" \/>\n<link rel=\"canonical\" href=\"https:\/\/www.zotcar.com\/blog\/photo-martinique\/\" \/>\n<meta property=\"og:locale\" content=\"fr_FR\" \/>\n<meta property=\"og:type\" content=\"article\" \/>\n<meta property=\"og:title\" content=\"Les 20 plus belles photos \u00e0 prendre en Martinique - Zotcar\" \/>\n<meta property=\"og:description\" content=\"Plus besoin de chercher ailleurs, nous avons d\u00e9j\u00e0 trouv\u00e9 pour vous les 20 plus belles photos \u00e0 prendre en Martinique.\" \/>\n<meta property=\"og:url\" content=\"https:\/\/www.zotcar.com\/blog\/photo-martinique\/\" \/>\n<meta property=\"og:site_name\" content=\"Zotcar\" \/>\n<meta property=\"article:publisher\" content=\"https:\/\/www.facebook.com\/zotcar\/\" \/>\n<meta property=\"article:published_time\" content=\"2021-10-11T06:27:56+00:00\" \/>\n<meta property=\"article:modified_time\" content=\"2023-07-25T11:12:24+00:00\" \/>\n<meta property=\"og:image\" content=\"https:\/\/zc-blog.s3.eu-west-1.amazonaws.com\/blog\/wp-content\/uploads\/2021\/10\/05143554\/couverture-photo-martinique.jpg\" \/>\n\t<meta property=\"og:image:width\" content=\"1000\" \/>\n\t<meta property=\"og:image:height\" content=\"500\" \/>\n\t<meta property=\"og:image:type\" content=\"image\/jpeg\" \/>\n<meta name=\"author\" content=\"Le\u00efla De Zotcar\" \/>\n<meta name=\"twitter:card\" content=\"summary_large_image\" \/>\n<meta name=\"twitter:creator\" content=\"@zotcar974\" \/>\n<meta name=\"twitter:site\" content=\"@zotcar974\" \/>\n<meta name=\"twitter:label1\" content=\"\u00c9crit par\" \/>\n\t<meta name=\"twitter:data1\" content=\"Le\u00efla De Zotcar\" \/>\n\t<meta name=\"twitter:label2\" content=\"Dur\u00e9e de lecture estim\u00e9e\" \/>\n\t<meta name=\"twitter:data2\" content=\"8 minutes\" \/>\n<script type=\"application\/ld+json\" class=\"yoast-schema-graph\">{\"@context\":\"https:\/\/schema.org\",\"@graph\":[{\"@type\":\"WebPage\",\"@id\":\"https:\/\/www.zotcar.com\/blog\/photo-martinique\/\",\"url\":\"https:\/\/www.zotcar.com\/blog\/photo-martinique\/\",\"name\":\"Les 20 plus belles photos \u00e0 prendre en Martinique - Zotcar\",\"isPartOf\":{\"@id\":\"https:\/\/www.zotcar.com\/blog\/#website\"},\"datePublished\":\"2021-10-11T06:27:56+00:00\",\"dateModified\":\"2023-07-25T11:12:24+00:00\",\"author\":{\"@id\":\"https:\/\/www.zotcar.com\/blog\/#\/schema\/person\/e5cd6282afe5bef5a9e5268c5a5c3fa1\"},\"description\":\"Plus besoin de chercher ailleurs, nous avons d\u00e9j\u00e0 trouv\u00e9 pour vous les 20 plus belles photos \u00e0 prendre en Martinique.\",\"breadcrumb\":{\"@id\":\"https:\/\/www.zotcar.com\/blog\/photo-martinique\/#breadcrumb\"},\"inLanguage\":\"fr-FR\",\"potentialAction\":[{\"@type\":\"ReadAction\",\"target\":[\"https:\/\/www.zotcar.com\/blog\/photo-martinique\/\"]}]},{\"@type\":\"BreadcrumbList\",\"@id\":\"https:\/\/www.zotcar.com\/blog\/photo-martinique\/#breadcrumb\",\"itemListElement\":[{\"@type\":\"ListItem\",\"position\":1,\"name\":\"Accueil\",\"item\":\"https:\/\/www.zotcar.com\/blog\/\"},{\"@type\":\"ListItem\",\"position\":2,\"name\":\"Les 20 plus belles photos \u00e0 prendre en Martinique\"}]},{\"@type\":\"WebSite\",\"@id\":\"https:\/\/www.zotcar.com\/blog\/#website\",\"url\":\"https:\/\/www.zotcar.com\/blog\/\",\"name\":\"Zotcar\",\"description\":\"Blog de Zotcar - Location de voiture entre particuliers \u00e0 La R\u00e9union, en Martinique et en Guadeloupe\",\"potentialAction\":[{\"@type\":\"SearchAction\",\"target\":{\"@type\":\"EntryPoint\",\"urlTemplate\":\"https:\/\/www.zotcar.com\/blog\/?s={search_term_string}\"},\"query-input\":\"required name=search_term_string\"}],\"inLanguage\":\"fr-FR\"},{\"@type\":\"Person\",\"@id\":\"https:\/\/www.zotcar.com\/blog\/#\/schema\/person\/e5cd6282afe5bef5a9e5268c5a5c3fa1\",\"name\":\"Le\u00efla De Zotcar\",\"image\":{\"@type\":\"ImageObject\",\"inLanguage\":\"fr-FR\",\"@id\":\"https:\/\/www.zotcar.com\/blog\/#\/schema\/person\/image\/\",\"url\":\"https:\/\/secure.gravatar.com\/avatar\/f1ff29837afdf729c85bdadabfcc52a3?s=96&d=mm&r=g\",\"contentUrl\":\"https:\/\/secure.gravatar.com\/avatar\/f1ff29837afdf729c85bdadabfcc52a3?s=96&d=mm&r=g\",\"caption\":\"Le\u00efla De Zotcar\"},\"sameAs\":[\"https:\/\/www.zotcar.com\"],\"url\":\"https:\/\/www.zotcar.com\/blog\/author\/leila-de-zotcar\/\"}]}<\/script>\n<!-- \/ Yoast SEO plugin. -->","yoast_head_json":{"title":"Les 20 plus belles photos \u00e0 prendre en Martinique - Zotcar","description":"Plus besoin de chercher ailleurs, nous avons d\u00e9j\u00e0 trouv\u00e9 pour vous les 20 plus belles photos \u00e0 prendre en Martinique.","robots":{"index":"index","follow":"follow","max-snippet":"max-snippet:-1","max-image-preview":"max-image-preview:large","max-video-preview":"max-video-preview:-1"},"canonical":"https:\/\/www.zotcar.com\/blog\/photo-martinique\/","og_locale":"fr_FR","og_type":"article","og_title":"Les 20 plus belles photos \u00e0 prendre en Martinique - Zotcar","og_description":"Plus besoin de chercher ailleurs, nous avons d\u00e9j\u00e0 trouv\u00e9 pour vous les 20 plus belles photos \u00e0 prendre en Martinique.","og_url":"https:\/\/www.zotcar.com\/blog\/photo-martinique\/","og_site_name":"Zotcar","article_publisher":"https:\/\/www.facebook.com\/zotcar\/","article_published_time":"2021-10-11T06:27:56+00:00","article_modified_time":"2023-07-25T11:12:24+00:00","og_image":[{"width":1000,"height":500,"url":"https:\/\/zc-blog.s3.eu-west-1.amazonaws.com\/blog\/wp-content\/uploads\/2021\/10\/05143554\/couverture-photo-martinique.jpg","type":"image\/jpeg"}],"author":"Le\u00efla De Zotcar","twitter_card":"summary_large_image","twitter_creator":"@zotcar974","twitter_site":"@zotcar974","twitter_misc":{"\u00c9crit par":"Le\u00efla De Zotcar","Dur\u00e9e de lecture estim\u00e9e":"8 minutes"},"schema":{"@context":"https:\/\/schema.org","@graph":[{"@type":"WebPage","@id":"https:\/\/www.zotcar.com\/blog\/photo-martinique\/","url":"https:\/\/www.zotcar.com\/blog\/photo-martinique\/","name":"Les 20 plus belles photos \u00e0 prendre en Martinique - Zotcar","isPartOf":{"@id":"https:\/\/www.zotcar.com\/blog\/#website"},"datePublished":"2021-10-11T06:27:56+00:00","dateModified":"2023-07-25T11:12:24+00:00","author":{"@id":"https:\/\/www.zotcar.com\/blog\/#\/schema\/person\/e5cd6282afe5bef5a9e5268c5a5c3fa1"},"description":"Plus besoin de chercher ailleurs, nous avons d\u00e9j\u00e0 trouv\u00e9 pour vous les 20 plus belles photos \u00e0 prendre en Martinique.","breadcrumb":{"@id":"https:\/\/www.zotcar.com\/blog\/photo-martinique\/#breadcrumb"},"inLanguage":"fr-FR","potentialAction":[{"@type":"ReadAction","target":["https:\/\/www.zotcar.com\/blog\/photo-martinique\/"]}]},{"@type":"BreadcrumbList","@id":"https:\/\/www.zotcar.com\/blog\/photo-martinique\/#breadcrumb","itemListElement":[{"@type":"ListItem","position":1,"name":"Accueil","item":"https:\/\/www.zotcar.com\/blog\/"},{"@type":"ListItem","position":2,"name":"Les 20 plus belles photos \u00e0 prendre en Martinique"}]},{"@type":"WebSite","@id":"https:\/\/www.zotcar.com\/blog\/#website","url":"https:\/\/www.zotcar.com\/blog\/","name":"Zotcar","description":"Blog de Zotcar - Location de voiture entre particuliers \u00e0 La R\u00e9union, en Martinique et en Guadeloupe","potentialAction":[{"@type":"SearchAction","target":{"@type":"EntryPoint","urlTemplate":"https:\/\/www.zotcar.com\/blog\/?s={search_term_string}"},"query-input":"required name=search_term_string"}],"inLanguage":"fr-FR"},{"@type":"Person","@id":"https:\/\/www.zotcar.com\/blog\/#\/schema\/person\/e5cd6282afe5bef5a9e5268c5a5c3fa1","name":"Le\u00efla De Zotcar","image":{"@type":"ImageObject","inLanguage":"fr-FR","@id":"https:\/\/www.zotcar.com\/blog\/#\/schema\/person\/image\/","url":"https:\/\/secure.gravatar.com\/avatar\/f1ff29837afdf729c85bdadabfcc52a3?s=96&d=mm&r=g","contentUrl":"https:\/\/secure.gravatar.com\/avatar\/f1ff29837afdf729c85bdadabfcc52a3?s=96&d=mm&r=g","caption":"Le\u00efla De Zotcar"},"sameAs":["https:\/\/www.zotcar.com"],"url":"https:\/\/www.zotcar.com\/blog\/author\/leila-de-zotcar\/"}]}},"_links":{"self":[{"href":"https:\/\/www.zotcar.com\/blog\/wp-json\/wp\/v2\/posts\/3323"}],"collection":[{"href":"https:\/\/www.zotcar.com\/blog\/wp-json\/wp\/v2\/posts"}],"about":[{"href":"https:\/\/www.zotcar.com\/blog\/wp-json\/wp\/v2\/types\/post"}],"author":[{"embeddable":true,"href":"https:\/\/www.zotcar.com\/blog\/wp-json\/wp\/v2\/users\/16"}],"replies":[{"embeddable":true,"href":"https:\/\/www.zotcar.com\/blog\/wp-json\/wp\/v2\/comments?post=3323"}],"version-history":[{"count":8,"href":"https:\/\/www.zotcar.com\/blog\/wp-json\/wp\/v2\/posts\/3323\/revisions"}],"predecessor-version":[{"id":3347,"href":"https:\/\/www.zotcar.com\/blog\/wp-json\/wp\/v2\/posts\/3323\/revisions\/3347"}],"wp:featuredmedia":[{"embeddable":true,"href":"https:\/\/www.zotcar.com\/blog\/wp-json\/wp\/v2\/media\/3346"}],"wp:attachment":[{"href":"https:\/\/www.zotcar.com\/blog\/wp-json\/wp\/v2\/media?parent=3323"}],"wp:term":[{"taxonomy":"category","embeddable":true,"href":"https:\/\/www.zotcar.com\/blog\/wp-json\/wp\/v2\/categories?post=3323"},{"taxonomy":"post_tag","embeddable":true,"href":"https:\/\/www.zotcar.com\/blog\/wp-json\/wp\/v2\/tags?post=3323"}],"curies":[{"name":"wp","href":"https:\/\/api.w.org\/{rel}","templated":true}]}}