{"id":3691,"date":"2022-03-14T11:01:08","date_gmt":"2022-03-14T07:01:08","guid":{"rendered":"https:\/\/www.zotcar.com\/blog\/?p=3691"},"modified":"2023-07-19T09:07:50","modified_gmt":"2023-07-19T05:07:50","slug":"jimmye-recrue-zotcar","status":"publish","type":"post","link":"https:\/\/www.zotcar.com\/blog\/jimmye-recrue-zotcar\/","title":{"rendered":"D\u00e9couvrez Jimmye, Responsable administratif et financier chez Zotcar"},"content":{"rendered":"<p><b>Nouvelle recrue chez Zotcar, Jimmye au poste de responsable administratif et financier est une femme p\u00e9tillante et tr\u00e8s engag\u00e9e dans son m\u00e9tier.<\/b><\/p>\n<p>&nbsp;<\/p>\n<p><b>Portrait dans cet article.<\/b><\/p>\n<p><!--more--><\/p>\n<p>&nbsp;<\/p>\n<h2><strong>Jimmye, quel est votre parcours ?<\/strong><\/h2>\n<p><span style=\"font-weight: 400;\">Je suis R\u00e9unionnaise et j\u2019ai toujours v\u00e9cu et travaill\u00e9 sur mon \u00eele.<\/span><\/p>\n<p>&nbsp;<\/p>\n<h3><span style=\"font-weight: 400;\">Des \u00e9tudes de comptabilit\u00e9 et des postes dans le domaine de la location de voitures<\/span><\/h3>\n<p><span style=\"font-weight: 400;\">Apr\u00e8s des \u00e9tudes de comptabilit\u00e9, j\u2019ai int\u00e9gr\u00e9 pendant 25 ans la soci\u00e9t\u00e9 de location de voitures Europcar. C\u2019\u00e9tait mon premier poste de travail et tout \u00e9tait \u00e0 faire. A l\u2019\u00e9poque, nous avions tr\u00e8s peu de voitures. <\/span><span style=\"font-weight: 400;\">Au fur et \u00e0 mesure, l&rsquo;entreprise s&rsquo;est \u00e9toff\u00e9e avec des recrutements.<\/span><\/p>\n<p>&nbsp;<\/p>\n<p><span style=\"font-weight: 400;\">J\u2019ai \u00e9volu\u00e9 sur mon poste : je suis pass\u00e9e d\u2019agent de comptoir \u00e0 responsable d\u2019exploitation. C\u2019\u00e9tait un travail tr\u00e8s int\u00e9ressant.<\/span><\/p>\n<p>&nbsp;<\/p>\n<p><span style=\"font-weight: 400;\">Au bout d\u2019un moment, je me suis rendue compte que je n\u2019avais plus de moyen d\u2019\u00e9voluer dans cette soci\u00e9t\u00e9 et que je n\u2019avais plus envie de stagner, de rester au m\u00eame poste.<\/span><\/p>\n<p>&nbsp;<\/p>\n<p><span style=\"font-weight: 400;\">J\u2019ai par cons\u00e9quent chang\u00e9 d\u2019entreprise, j\u2019ai effectu\u00e9 un petit parcours chez Sixt, une soci\u00e9t\u00e9 de marque allemande de location de voitures reprise localement.\u00a0<\/span><\/p>\n<p>&nbsp;<\/p>\n<p><span style=\"font-weight: 400;\"><strong>J\u2019ai eu ensuite envie de cr\u00e9er ma propre structure<\/strong>.<\/span><\/p>\n<p>&nbsp;<\/p>\n<h3><span style=\"font-weight: 400;\">Septembre 2018, l\u2019aventure \u201cGreen Motion\u201d<\/span><\/h3>\n<p><span style=\"font-weight: 400;\">Avec mon conjoint, nous avons lanc\u00e9 <strong>\u201cGreen Motion\u201d, une soci\u00e9t\u00e9 de location de voitures hybrides, \u00e9lectriques <\/strong>et de faible \u00e9mission de CO2 en septembre 2018<strong>.\u00a0<\/strong><\/span><\/p>\n<p>&nbsp;<\/p>\n<p><span style=\"font-weight: 400;\">Mais \u00e0 peine nous \u00e9tions nous lanc\u00e9s, trois mois plus tard, en d\u00e9cembre, la crise des Gilets Jaunes a provoqu\u00e9 une perte de notre chiffre d\u2019affaires. Beaucoup de clients se sont d\u00e9sist\u00e9s.<\/span><\/p>\n<p>&nbsp;<\/p>\n<p><span style=\"font-weight: 400;\">Puis, en 2019, nous avons eu une ann\u00e9e formidable, avec un portefeuille de r\u00e9servations qui commen\u00e7ait \u00e0 grossir. Notre activit\u00e9 a \u00e9t\u00e9 tr\u00e8s prometteuse jusqu\u2019en mars 2020\u2026jusqu\u2019au d\u00e9but de la crise du COVID-19.\u00a0<\/span><\/p>\n<p>&nbsp;<\/p>\n<p><span style=\"font-weight: 400;\">A ce moment, l\u2019entreprise n\u2019a plus tenu les charges. M\u00eame en cr\u00e9dit bail, nous ne pouvions pas nous permettre de cumuler les \u00e9ch\u00e9ances et de ne plus payer. D\u2019un commun accord avec mon conjoint, nous avons d\u00e9cid\u00e9 de vendre la marque en d\u00e9cembre 2020.<\/span><\/p>\n<p>&nbsp;<\/p>\n<h3><span style=\"font-weight: 400;\">Un petit passage au Groupe Sogecore<\/span><\/h3>\n<p><span style=\"font-weight: 400;\">A partir de janvier 2021, j\u2019ai travaill\u00e9 au Groupe Sogecore, en tant que responsable de la r\u00e9ception du SAV, toujours dans le milieu de l\u2019automobile. C\u2019\u00e9tait un tr\u00e8s bon poste.\u00a0<\/span><\/p>\n<p>&nbsp;<\/p>\n<p><span style=\"font-weight: 400;\">J\u2019ai notamment acquis beaucoup de <strong>connaissances sur la m\u00e9canique des v\u00e9hicules, <\/strong>n\u00e9cessaire \u00e0 une meilleure compr\u00e9hension des clients<strong>.<\/strong> Au bout d\u2019un moment, j\u2019ai eu envie de m\u2019ouvrir \u00e0 d\u2019autres opportunit\u00e9s.\u00a0<\/span><\/p>\n<p>&nbsp;<\/p>\n<h3><span style=\"font-weight: 400;\">Zotcar, responsable administratif et financier<\/span><\/h3>\n<p><span style=\"font-weight: 400;\">A tout hasard, j&rsquo;ai postul\u00e9 chez Zotcar, via Linkedin. J\u2019ai \u00e9t\u00e9 retenue en entretien, cela s\u2019est fait comme \u00e7a, du jour au lendemain. Une semaine apr\u00e8s mon entretien, j\u2019\u00e9tais en poste.<\/span><\/p>\n<p>&nbsp;<\/p>\n<p>&nbsp;<\/p>\n<h2><strong>Aviez-vous d\u00e9j\u00e0 entendu parl\u00e9 de Zotcar ?<\/strong><\/h2>\n<p><span style=\"font-weight: 400;\">J\u2019avais d\u00e9j\u00e0 entendu parl\u00e9 de Zotcar dans le milieu de la location de voitures.\u00a0<\/span><\/p>\n<p>&nbsp;<\/p>\n<p><span style=\"font-weight: 400;\">Zotcar \u00e9tait indirectement un concurrent, m\u00eame s\u2019il ne m\u2019inqui\u00e9tait pas forc\u00e9ment puisque nous n\u2019\u00e9tions pas sur le m\u00eame service, son d\u00e9veloppement \u00e9tant centr\u00e9 sur <strong>la location de voitures entre particuliers<\/strong>.<\/span><\/p>\n<p>&nbsp;<\/p>\n<p>&nbsp;<\/p>\n<p style=\"text-align: center;\"><a class=\"btn btn-primary bg-main bold fs14 c-white h50 center block w400\" href=\"https:\/\/www.zotcar.com\/team\">D\u00e9couvrez l&rsquo;\u00e9quipe<\/a><\/p>\n<p>&nbsp;<\/p>\n<p>&nbsp;<\/p>\n<h2><strong>Pourquoi avez-vous souhait\u00e9 travailler chez Zotcar ?<\/strong><\/h2>\n<p><span style=\"font-weight: 400;\"><strong>La location de voitures entre particuliers<\/strong> a de l\u2019avenir \u00e0 <strong>La R\u00e9union<\/strong>, notamment avec l\u2019accent mis sur le d\u00e9veloppement touristique de l\u2019\u00eele.\u00a0<\/span><\/p>\n<p>&nbsp;<\/p>\n<p><span style=\"font-weight: 400;\">Avec Airbnb, qui fait de l\u2019h\u00e9bergement entre particuliers, la location de voitures dans ce domaine entre aussi peu \u00e0 peu dans les m\u0153urs \u00e0 La R\u00e9union.<\/span><\/p>\n<p>&nbsp;<\/p>\n<p>&nbsp;<\/p>\n<h2><strong>Quel est votre poste chez Zotcar ?<\/strong><\/h2>\n<p><span style=\"font-weight: 400;\">Je suis <strong>responsable administratif et financier<\/strong>. Je m\u2019occupe du Back office, c\u2019est un poste que j\u2019apprends \u00e0 d\u00e9couvrir et qui me pla\u00eet beaucoup.\u00a0 Le domaine administratif et financier, c\u2019est tout nouveau pour moi, car j\u2019ai toujours \u00e9t\u00e9 dans le <strong>management du personnel<\/strong>, dans la <strong>gestion d\u2019une structure<\/strong>.<\/span><\/p>\n<p>&nbsp;<\/p>\n<p><span style=\"font-weight: 400;\">Je travaille beaucoup avec <\/span><span style=\"text-decoration: underline;\"><a href=\"https:\/\/www.zotcar.com\/blog\/laetitia-recrue-zotcar-reunion\"><b>Laetitia<\/b><\/a><\/span><i><span style=\"font-weight: 400;\">,<\/span><\/i><span style=\"font-weight: 400;\"> il y a des choses qu\u2019elle ma\u00eetrise, et que moi non, et vice versa, ce qui nous permet de nous compl\u00e9ter dans notre fa\u00e7on de fonctionner. A mon niveau, par exemple, je suis davantage en relation avec les garages, un peu plus aux commandes des probl\u00e8mes m\u00e9caniques que peuvent rencontrer les voitures.\u00a0<\/span><\/p>\n<p>&nbsp;<\/p>\n<p><span style=\"font-weight: 400;\">Et parall\u00e8lement, je suis adjointe \u00e0 la mairie de Saint-Andr\u00e9 et au Conseil d\u2019administration du Comit\u00e9 du Tourisme.<\/span><\/p>\n<p>&nbsp;<\/p>\n<p>&nbsp;<\/p>\n<h2><strong>Qu\u2019appr\u00e9ciez-vous dans votre poste chez Zotcar ?<\/strong><\/h2>\n<p><span style=\"font-weight: 400;\">Zotcar est une petite \u00e9quipe, l\u2019ambiance est diff\u00e9rente et c\u2019est agr\u00e9able d\u2019y travailler.<\/span><\/p>\n<p>&nbsp;<\/p>\n<p><span style=\"font-weight: 400;\">J\u2019appr\u00e9cie beaucoup cette volont\u00e9 de l\u2019\u00e9quipe de venir en aide aux autres. C\u2019est une chance parce que dans les entreprises o\u00f9 je suis pass\u00e9e, parfois, il y avait de l\u2019individualit\u00e9, et m\u00eame des petites rivalit\u00e9s. L\u00e0, nous sommes \u00e0 des postes diff\u00e9rents et notre but commun est de <strong>faire en sorte que \u00e7a marche<\/strong>.<\/span><\/p>\n<p>&nbsp;<\/p>\n<p><span style=\"font-weight: 400;\">Nous travaillons en open space, ce qui peut \u00eatre perturbant quand on a toujours travaill\u00e9 dans un bureau individuel, car il y a beaucoup de mouvements.\u00a0<\/span><\/p>\n<p>&nbsp;<\/p>\n<p><span style=\"font-weight: 400;\">D\u2019autre part, nous avons beaucoup de jeunes qui travaillent chez Zotcar.\u00a0<\/span><\/p>\n<p>&nbsp;<\/p>\n<p><span style=\"font-weight: 400;\">C\u2019est super de pouvoir les pousser \u00e0 se surpasser et \u00e0 prendre confiance en eux, de les former sur l\u2019\u00e9coute des clients&#8230; <strong>Travailler chez Zotcar <\/strong>est pour eux <strong>un grand tremplin <\/strong>pour la suite de leur parcours.\u00a0<\/span><\/p>\n<p>&nbsp;<\/p>\n<p>&nbsp;<\/p>\n<h2><strong>A La R\u00e9union, quel est le lieu qui vous fascine ?<\/strong><\/h2>\n<p><span style=\"font-weight: 400;\">J\u2019aime bien le sud. Le sud est tr\u00e8s convivial, tr\u00e8s agr\u00e9able \u00e0 vivre, les gens y vivent diff\u00e9remment.<\/span><\/p>\n<p>&nbsp;<\/p>\n<p><span style=\"font-weight: 400;\">Et dans le sud, il y a beaucoup de choses \u00e0 d\u00e9velopper au niveau entrepreneurial et certainement aussi dans le domaine touristique, notamment \u00e0 Saint-Pierre.<\/span><\/p>\n<p>&nbsp;<\/p>\n<p>&nbsp;<\/p>\n<h2><strong>Vous \u00eates une personne pleine d\u2019\u00e9nergie, quel est votre moteur au quotidien ?<\/strong><\/h2>\n<p><span style=\"font-weight: 400;\">Ma passion pour mon travail : il y a toujours des impr\u00e9vus. Chaque jour est un jour nouveau, je ne sais jamais d\u2019avance ce qui va arriver ! J\u2019aime quand, dans une journ\u00e9e, \u00e7a bouge \u00e9norm\u00e9ment.<\/span><\/p>\n<p>&nbsp;<\/p>\n<p>&nbsp;<\/p>\n<h2><strong>Avez-vous des valeurs sp\u00e9cifiques que vous mettez en avant ?<\/strong><\/h2>\n<p><span style=\"font-weight: 400;\">Je mets le service \u00e0 la client\u00e8le au premier plan. Les clients ont besoin d\u2019une \u00e9coute, d\u2019\u00eatre compris dans leurs demandes. Je me mets souvent \u00e0 leur place en faisant preuve d\u2019empathie.<\/span><\/p>\n<p>&nbsp;<\/p>\n<p><span style=\"font-weight: 400;\">Le travail en \u00e9quipe est aussi tr\u00e8s important pour moi. Je mets en avant <strong>la solidarit\u00e9 entre les membres de l\u2019\u00e9quipe<\/strong>.\u00a0\u00a0<\/span><\/p>\n<p>&nbsp;<\/p>\n<p><span style=\"font-weight: 400;\">M\u00eame si je suis en back office, ma porte donne sur l\u2019accueil. D\u00e8s que je vois un de nos collaborateurs en difficult\u00e9, je lui pr\u00eate main forte.\u00a0<\/span><\/p>\n<p>&nbsp;<\/p>\n<p>&nbsp;<\/p>\n<h2><strong>Quel est votre principal challenge aujourd\u2019hui ?<\/strong><\/h2>\n<p><span style=\"font-weight: 400;\">Mon challenge est de m\u2019adapter \u00e0 tout ce qui est d\u00e9mat\u00e9rialisation, comme le fait Zotcar. Cela fait quand m\u00eame longtemps que je travaille, j\u2019ai 54 ans. J\u2019ai surtout beaucoup travaill\u00e9 avec du papier.\u00a0<\/span><\/p>\n<p>&nbsp;<\/p>\n<p><span style=\"font-weight: 400;\">Avec mon entreprise, \u201cGreen Motion\u201d, \u00e0 vis\u00e9e \u00e9cologique, nous avions quand m\u00eame essay\u00e9 de diminuer le papier.<\/span><\/p>\n<p>&nbsp;<\/p>\n<p><span style=\"font-weight: 400;\"><strong>Zotcar est la premi\u00e8re structure dans laquelle je travaille o\u00f9 il y a beaucoup de d\u00e9mat\u00e9rialisation, m\u00eame au niveau de la comptabilit\u00e9<\/strong>.<\/span><\/p>\n<p>&nbsp;<\/p>\n<p><span style=\"font-weight: 400;\">Mon challenge est d\u2019arriver au bout de ma p\u00e9riode d\u2019essai en me disant : \u201cOk, je ma\u00eetrise tout, je clique sur un bouton et cela se fait tout seul.\u201d Cela serait vraiment top !<\/span><\/p>\n<p>&nbsp;<\/p>\n<p>&nbsp;<\/p>\n<p style=\"text-align: center;\"><a class=\"btn btn-primary bg-main bold fs14 c-white h50 center block w400\" href=\"https:\/\/www.zotcar.com\/team\">D\u00e9couvrez l&rsquo;\u00e9quipe<\/a><\/p>\n<p>&nbsp;<\/p>\n<p>&nbsp;<\/p>\n<h2><strong>Avez-vous des personnes qui vous inspirent dans votre vie ?<\/strong><\/h2>\n<p><span style=\"font-weight: 400;\">Tout le monde m\u2019inspire. Tous mes coll\u00e8gues, puisque j&rsquo;apprends d\u2019eux.\u00a0<\/span><\/p>\n<p>&nbsp;<\/p>\n<p><span style=\"font-weight: 400;\">De fa\u00e7on g\u00e9n\u00e9rale, je suis inspir\u00e9e par les personnes qui osent mettre leurs comp\u00e9tences en avant, qui veulent \u00e9voluer, comme notre PDG, Michel Thiers, qui a cr\u00e9\u00e9 Zotcar et qui d\u00e9veloppe cette entreprise.<\/span><\/p>\n<p>&nbsp;<\/p>\n<p><span style=\"font-weight: 400;\">Il cherche constamment les <strong>meilleures solutions pour son entreprise<\/strong>, pour la satisfaction de la client\u00e8le.\u00a0<\/span><\/p>\n<p>&nbsp;<\/p>\n<p><span style=\"font-weight: 400;\">C\u2019est motivant de se rendre compte qu\u2019il y a encore des gens passionn\u00e9s par leur m\u00e9tier. Cela nous tire vers le haut.<\/span><\/p>\n<p>&nbsp;<\/p>\n<p>&nbsp;<\/p>\n<h2><strong>Avez-vous un r\u00eave ?<\/strong><\/h2>\n<p><span style=\"font-weight: 400;\">Quand nous avons cr\u00e9\u00e9 \u201cGreen Motion\u201d, mon r\u00eave \u00e9tait d\u2019\u00eatre cheffe d\u2019entreprise, d\u2019\u00eatre autonome dans ce domaine.\u00a0<\/span><\/p>\n<p>&nbsp;<\/p>\n<p><span style=\"font-weight: 400;\">Je l\u2019ai \u00e9t\u00e9 pendant un temps, j\u2019ai eu l\u2019occasion de cr\u00e9er ma structure de A \u00e0 Z, de trouver le local, de recruter le personnel, etc\u2026 mais cela n\u2019a pas perdur\u00e9 \u00e0 cause des crises que nous avons connues (les gilets jaunes et la crise sanitaire).<\/span><\/p>\n<p>&nbsp;<\/p>\n<p><span style=\"font-weight: 400;\">Je me rends compte aujourd\u2019hui, que c\u2019\u00e9tait une \u00e9tape dans mon parcours professionnel. J\u2019ai essay\u00e9, et m\u00eame si \u00e7a n\u2019a pas fonctionn\u00e9, j\u2019en retire une exp\u00e9rience.<\/span><\/p>\n<p>&nbsp;<\/p>\n<p><span style=\"font-weight: 400;\"><strong>Et aujourd\u2019hui, je suis pleinement satisfaite de mon poste chez Zotcar<\/strong>.\u00a0<\/span><\/p>\n<p>&nbsp;<\/p>\n<p>&nbsp;<\/p>\n<h2><strong>Avez-vous une anecdote sur votre parcours ?<\/strong><\/h2>\n<p><span style=\"font-weight: 400;\">C\u2019est une anecdote, un quiproquo sur mon pr\u00e9nom.<\/span><\/p>\n<p>&nbsp;<\/p>\n<p><span style=\"font-weight: 400;\">A la Chambre de Commerce, j\u2019ai \u00e9t\u00e9 s\u00e9lectionn\u00e9e en Dipl\u00f4me Pr\u00e9paratoire aux Etudes Comptables et Financi\u00e8res sur entretien.\u00a0<\/span><\/p>\n<p>&nbsp;<\/p>\n<p><span style=\"font-weight: 400;\">Personne ne m\u2019avait vue auparavant. Ils ont \u00e9t\u00e9 surpris de voir une femme qui s\u2019appelait Jimmye.<\/span><\/p>\n<p>&nbsp;<\/p>\n<p><span style=\"font-weight: 400;\">Pour cette formation, ils semblaient plut\u00f4t rechercher des candidats masculins, pour faire la parit\u00e9 avec le nombre de femmes d\u00e9j\u00e0 en place.<\/span><\/p>\n<p>&nbsp;<\/p>\n<p><span style=\"font-weight: 400;\">Ces quiproquos sur mon pr\u00e9nom me suivent toujours un peu dans ma vie et je trouve cela plut\u00f4t dr\u00f4le.<\/span><\/p>\n<p>&nbsp;<\/p>\n<p>&nbsp;<\/p>\n<h2><strong>Quelle a \u00e9t\u00e9 votre plus grande le\u00e7on de vie ?<\/strong><\/h2>\n<p><span style=\"font-weight: 400;\">J\u2019ai pu tomber, retomber, j\u2019ai pu croire que j\u2019avais touch\u00e9 le fond avec la vente de \u201cGreen Motion\u201d, mais au final, je me rends compte que c\u2019\u00e9tait juste une \u00e9tape dans ma vie professionnelle.<\/span><\/p>\n<p>&nbsp;<\/p>\n<p><span style=\"font-weight: 400;\">Apr\u00e8s cela, j\u2019ai encore eu de l\u2019\u00e9nergie pour me redresser et me dire que j\u2019allais<strong>, <\/strong>en travaillant pour<strong> Zotcar<\/strong>, pouvoir <strong>aider une nouvelle structure<\/strong> avec mes comp\u00e9tences.<\/span><\/p>\n<p>&nbsp;<\/p>\n<p>&nbsp;<\/p>\n<h2><strong>Que disent vos amis et coll\u00e8gues de vous ?<\/strong><\/h2>\n<p><span style=\"font-weight: 400;\">Ils pensent que je suis super forte, super courageuse, mais ils ne connaissent pas mes doutes, mes craintes et mon stress\u2026 \ud83d\ude42<\/span><\/p>\n<p>&nbsp;<\/p>\n<p><span style=\"font-weight: 400;\">Dans tout m\u00e9tier, nous donnons une image de nous-m\u00eame qui n\u2019est pas forc\u00e9ment celle que nous voulons donner. Cependant, c\u2019est cette image que les autres per\u00e7oivent et retiennent de nous.<\/span><\/p>\n<p>&nbsp;<\/p>\n<p><span style=\"font-weight: 400;\">De part ma personnalit\u00e9, je ne peux pas rester sans travailler. Lorsque j\u2019ai rencontr\u00e9 des difficult\u00e9s, j\u2019ai rebondi et travaill\u00e9 de nouveau.<\/span><\/p>\n<p>&nbsp;<\/p>\n<p><span style=\"font-weight: 400;\"><strong>Pour mes coll\u00e8gues et amis, je suis dynamique, je vais de l\u2019avant<\/strong>.<\/span><\/p>\n<p>&nbsp;<\/p>\n<p>&nbsp;<\/p>\n<h2><strong>Avez-vous une anecdote \u00e0 nous partager sur Zotcar ?<\/strong><\/h2>\n<p><span style=\"font-weight: 400;\">Nous avons fait une petite f\u00eate pour la galette des rois avec les anciens coll\u00e8gues de Zotcar. C\u2019\u00e9tait vraiment tr\u00e8s convivial. <strong>Zotcar est vraiment une petite famille<\/strong>, c\u2019est tr\u00e8s sympa. Cet \u00e9v\u00e9nement a \u00e9t\u00e9 l\u2019occasion de mettre en contact les anciennes et les nouvelles \u00e9quipes et de faire une passation d\u2019exp\u00e9rience. C\u2019\u00e9tait tr\u00e8s enrichissant.<\/span><\/p>\n<p>&nbsp;<\/p>\n<p>&nbsp;<\/p>\n<p style=\"text-align: center;\"><a class=\"btn btn-primary bg-main bold fs14 c-white h50 center block w400\" href=\"https:\/\/www.zotcar.com\/team\">D\u00e9couvrez l&rsquo;\u00e9quipe<\/a><\/p>\n","protected":false},"excerpt":{"rendered":"<p>Nouvelle recrue chez Zotcar, Jimmye au poste de responsable administratif et financier est une femme p\u00e9tillante et tr\u00e8s engag\u00e9e dans son m\u00e9tier. &nbsp; Portrait dans cet article.<\/p>\n","protected":false},"author":16,"featured_media":3692,"comment_status":"open","ping_status":"open","sticky":false,"template":"","format":"standard","meta":{"footnotes":"","_wpscppro_dont_share_socialmedia":false,"_wpscppro_custom_social_share_image":0},"categories":[42,25,24],"tags":[],"acf":[],"yoast_head":"<!-- This site is optimized with the Yoast SEO plugin v21.5 - https:\/\/yoast.com\/wordpress\/plugins\/seo\/ -->\n<title>D\u00e9couvrez Jimmye, Responsable administratif et financier chez Zotcar - Zotcar<\/title>\n<meta name=\"description\" content=\"Jimmye, notre nouvelle recrue Zotcar nous raconte son parcours. Elle nous rejoint en tant que Responsable administratif et financier.\" \/>\n<meta name=\"robots\" content=\"index, follow, max-snippet:-1, max-image-preview:large, max-video-preview:-1\" \/>\n<link rel=\"canonical\" href=\"https:\/\/www.zotcar.com\/blog\/jimmye-recrue-zotcar\/\" \/>\n<meta property=\"og:locale\" content=\"fr_FR\" \/>\n<meta property=\"og:type\" content=\"article\" \/>\n<meta property=\"og:title\" content=\"D\u00e9couvrez Jimmye, Responsable administratif et financier chez Zotcar - Zotcar\" \/>\n<meta property=\"og:description\" content=\"Jimmye, notre nouvelle recrue Zotcar nous raconte son parcours. Elle nous rejoint en tant que Responsable administratif et financier.\" \/>\n<meta property=\"og:url\" content=\"https:\/\/www.zotcar.com\/blog\/jimmye-recrue-zotcar\/\" \/>\n<meta property=\"og:site_name\" content=\"Zotcar\" \/>\n<meta property=\"article:publisher\" content=\"https:\/\/www.facebook.com\/zotcar\/\" \/>\n<meta property=\"article:published_time\" content=\"2022-03-14T07:01:08+00:00\" \/>\n<meta property=\"article:modified_time\" content=\"2023-07-19T05:07:50+00:00\" \/>\n<meta property=\"og:image\" content=\"https:\/\/zc-blog.s3.eu-west-1.amazonaws.com\/blog\/wp-content\/uploads\/2022\/03\/11092511\/jimmye-recrue-zotcar.jpeg\" \/>\n\t<meta property=\"og:image:width\" content=\"1000\" \/>\n\t<meta property=\"og:image:height\" content=\"500\" \/>\n\t<meta property=\"og:image:type\" content=\"image\/jpeg\" \/>\n<meta name=\"author\" content=\"Le\u00efla De Zotcar\" \/>\n<meta name=\"twitter:card\" content=\"summary_large_image\" \/>\n<meta name=\"twitter:creator\" content=\"@zotcar974\" \/>\n<meta name=\"twitter:site\" content=\"@zotcar974\" \/>\n<meta name=\"twitter:label1\" content=\"\u00c9crit par\" \/>\n\t<meta name=\"twitter:data1\" content=\"Le\u00efla De Zotcar\" \/>\n\t<meta name=\"twitter:label2\" content=\"Dur\u00e9e de lecture estim\u00e9e\" \/>\n\t<meta name=\"twitter:data2\" content=\"10 minutes\" \/>\n<script type=\"application\/ld+json\" class=\"yoast-schema-graph\">{\"@context\":\"https:\/\/schema.org\",\"@graph\":[{\"@type\":\"WebPage\",\"@id\":\"https:\/\/www.zotcar.com\/blog\/jimmye-recrue-zotcar\/\",\"url\":\"https:\/\/www.zotcar.com\/blog\/jimmye-recrue-zotcar\/\",\"name\":\"D\u00e9couvrez Jimmye, Responsable administratif et financier chez Zotcar - Zotcar\",\"isPartOf\":{\"@id\":\"https:\/\/www.zotcar.com\/blog\/#website\"},\"datePublished\":\"2022-03-14T07:01:08+00:00\",\"dateModified\":\"2023-07-19T05:07:50+00:00\",\"author\":{\"@id\":\"https:\/\/www.zotcar.com\/blog\/#\/schema\/person\/e5cd6282afe5bef5a9e5268c5a5c3fa1\"},\"description\":\"Jimmye, notre nouvelle recrue Zotcar nous raconte son parcours. Elle nous rejoint en tant que Responsable administratif et financier.\",\"breadcrumb\":{\"@id\":\"https:\/\/www.zotcar.com\/blog\/jimmye-recrue-zotcar\/#breadcrumb\"},\"inLanguage\":\"fr-FR\",\"potentialAction\":[{\"@type\":\"ReadAction\",\"target\":[\"https:\/\/www.zotcar.com\/blog\/jimmye-recrue-zotcar\/\"]}]},{\"@type\":\"BreadcrumbList\",\"@id\":\"https:\/\/www.zotcar.com\/blog\/jimmye-recrue-zotcar\/#breadcrumb\",\"itemListElement\":[{\"@type\":\"ListItem\",\"position\":1,\"name\":\"Accueil\",\"item\":\"https:\/\/www.zotcar.com\/blog\/\"},{\"@type\":\"ListItem\",\"position\":2,\"name\":\"D\u00e9couvrez Jimmye, Responsable administratif et financier chez Zotcar\"}]},{\"@type\":\"WebSite\",\"@id\":\"https:\/\/www.zotcar.com\/blog\/#website\",\"url\":\"https:\/\/www.zotcar.com\/blog\/\",\"name\":\"Zotcar\",\"description\":\"Blog de Zotcar - Location de voiture entre particuliers \u00e0 La R\u00e9union, en Martinique et en Guadeloupe\",\"potentialAction\":[{\"@type\":\"SearchAction\",\"target\":{\"@type\":\"EntryPoint\",\"urlTemplate\":\"https:\/\/www.zotcar.com\/blog\/?s={search_term_string}\"},\"query-input\":\"required name=search_term_string\"}],\"inLanguage\":\"fr-FR\"},{\"@type\":\"Person\",\"@id\":\"https:\/\/www.zotcar.com\/blog\/#\/schema\/person\/e5cd6282afe5bef5a9e5268c5a5c3fa1\",\"name\":\"Le\u00efla De Zotcar\",\"image\":{\"@type\":\"ImageObject\",\"inLanguage\":\"fr-FR\",\"@id\":\"https:\/\/www.zotcar.com\/blog\/#\/schema\/person\/image\/\",\"url\":\"https:\/\/secure.gravatar.com\/avatar\/f1ff29837afdf729c85bdadabfcc52a3?s=96&d=mm&r=g\",\"contentUrl\":\"https:\/\/secure.gravatar.com\/avatar\/f1ff29837afdf729c85bdadabfcc52a3?s=96&d=mm&r=g\",\"caption\":\"Le\u00efla De Zotcar\"},\"sameAs\":[\"https:\/\/www.zotcar.com\"],\"url\":\"https:\/\/www.zotcar.com\/blog\/author\/leila-de-zotcar\/\"}]}<\/script>\n<!-- \/ Yoast SEO plugin. -->","yoast_head_json":{"title":"D\u00e9couvrez Jimmye, Responsable administratif et financier chez Zotcar - Zotcar","description":"Jimmye, notre nouvelle recrue Zotcar nous raconte son parcours. Elle nous rejoint en tant que Responsable administratif et financier.","robots":{"index":"index","follow":"follow","max-snippet":"max-snippet:-1","max-image-preview":"max-image-preview:large","max-video-preview":"max-video-preview:-1"},"canonical":"https:\/\/www.zotcar.com\/blog\/jimmye-recrue-zotcar\/","og_locale":"fr_FR","og_type":"article","og_title":"D\u00e9couvrez Jimmye, Responsable administratif et financier chez Zotcar - Zotcar","og_description":"Jimmye, notre nouvelle recrue Zotcar nous raconte son parcours. Elle nous rejoint en tant que Responsable administratif et financier.","og_url":"https:\/\/www.zotcar.com\/blog\/jimmye-recrue-zotcar\/","og_site_name":"Zotcar","article_publisher":"https:\/\/www.facebook.com\/zotcar\/","article_published_time":"2022-03-14T07:01:08+00:00","article_modified_time":"2023-07-19T05:07:50+00:00","og_image":[{"width":1000,"height":500,"url":"https:\/\/zc-blog.s3.eu-west-1.amazonaws.com\/blog\/wp-content\/uploads\/2022\/03\/11092511\/jimmye-recrue-zotcar.jpeg","type":"image\/jpeg"}],"author":"Le\u00efla De Zotcar","twitter_card":"summary_large_image","twitter_creator":"@zotcar974","twitter_site":"@zotcar974","twitter_misc":{"\u00c9crit par":"Le\u00efla De Zotcar","Dur\u00e9e de lecture estim\u00e9e":"10 minutes"},"schema":{"@context":"https:\/\/schema.org","@graph":[{"@type":"WebPage","@id":"https:\/\/www.zotcar.com\/blog\/jimmye-recrue-zotcar\/","url":"https:\/\/www.zotcar.com\/blog\/jimmye-recrue-zotcar\/","name":"D\u00e9couvrez Jimmye, Responsable administratif et financier chez Zotcar - Zotcar","isPartOf":{"@id":"https:\/\/www.zotcar.com\/blog\/#website"},"datePublished":"2022-03-14T07:01:08+00:00","dateModified":"2023-07-19T05:07:50+00:00","author":{"@id":"https:\/\/www.zotcar.com\/blog\/#\/schema\/person\/e5cd6282afe5bef5a9e5268c5a5c3fa1"},"description":"Jimmye, notre nouvelle recrue Zotcar nous raconte son parcours. Elle nous rejoint en tant que Responsable administratif et financier.","breadcrumb":{"@id":"https:\/\/www.zotcar.com\/blog\/jimmye-recrue-zotcar\/#breadcrumb"},"inLanguage":"fr-FR","potentialAction":[{"@type":"ReadAction","target":["https:\/\/www.zotcar.com\/blog\/jimmye-recrue-zotcar\/"]}]},{"@type":"BreadcrumbList","@id":"https:\/\/www.zotcar.com\/blog\/jimmye-recrue-zotcar\/#breadcrumb","itemListElement":[{"@type":"ListItem","position":1,"name":"Accueil","item":"https:\/\/www.zotcar.com\/blog\/"},{"@type":"ListItem","position":2,"name":"D\u00e9couvrez Jimmye, Responsable administratif et financier chez Zotcar"}]},{"@type":"WebSite","@id":"https:\/\/www.zotcar.com\/blog\/#website","url":"https:\/\/www.zotcar.com\/blog\/","name":"Zotcar","description":"Blog de Zotcar - Location de voiture entre particuliers \u00e0 La R\u00e9union, en Martinique et en Guadeloupe","potentialAction":[{"@type":"SearchAction","target":{"@type":"EntryPoint","urlTemplate":"https:\/\/www.zotcar.com\/blog\/?s={search_term_string}"},"query-input":"required name=search_term_string"}],"inLanguage":"fr-FR"},{"@type":"Person","@id":"https:\/\/www.zotcar.com\/blog\/#\/schema\/person\/e5cd6282afe5bef5a9e5268c5a5c3fa1","name":"Le\u00efla De Zotcar","image":{"@type":"ImageObject","inLanguage":"fr-FR","@id":"https:\/\/www.zotcar.com\/blog\/#\/schema\/person\/image\/","url":"https:\/\/secure.gravatar.com\/avatar\/f1ff29837afdf729c85bdadabfcc52a3?s=96&d=mm&r=g","contentUrl":"https:\/\/secure.gravatar.com\/avatar\/f1ff29837afdf729c85bdadabfcc52a3?s=96&d=mm&r=g","caption":"Le\u00efla De Zotcar"},"sameAs":["https:\/\/www.zotcar.com"],"url":"https:\/\/www.zotcar.com\/blog\/author\/leila-de-zotcar\/"}]}},"_links":{"self":[{"href":"https:\/\/www.zotcar.com\/blog\/wp-json\/wp\/v2\/posts\/3691"}],"collection":[{"href":"https:\/\/www.zotcar.com\/blog\/wp-json\/wp\/v2\/posts"}],"about":[{"href":"https:\/\/www.zotcar.com\/blog\/wp-json\/wp\/v2\/types\/post"}],"author":[{"embeddable":true,"href":"https:\/\/www.zotcar.com\/blog\/wp-json\/wp\/v2\/users\/16"}],"replies":[{"embeddable":true,"href":"https:\/\/www.zotcar.com\/blog\/wp-json\/wp\/v2\/comments?post=3691"}],"version-history":[{"count":11,"href":"https:\/\/www.zotcar.com\/blog\/wp-json\/wp\/v2\/posts\/3691\/revisions"}],"predecessor-version":[{"id":4241,"href":"https:\/\/www.zotcar.com\/blog\/wp-json\/wp\/v2\/posts\/3691\/revisions\/4241"}],"wp:featuredmedia":[{"embeddable":true,"href":"https:\/\/www.zotcar.com\/blog\/wp-json\/wp\/v2\/media\/3692"}],"wp:attachment":[{"href":"https:\/\/www.zotcar.com\/blog\/wp-json\/wp\/v2\/media?parent=3691"}],"wp:term":[{"taxonomy":"category","embeddable":true,"href":"https:\/\/www.zotcar.com\/blog\/wp-json\/wp\/v2\/categories?post=3691"},{"taxonomy":"post_tag","embeddable":true,"href":"https:\/\/www.zotcar.com\/blog\/wp-json\/wp\/v2\/tags?post=3691"}],"curies":[{"name":"wp","href":"https:\/\/api.w.org\/{rel}","templated":true}]}}