{"id":3706,"date":"2022-03-21T14:59:12","date_gmt":"2022-03-21T10:59:12","guid":{"rendered":"https:\/\/www.zotcar.com\/blog\/?p=3706"},"modified":"2023-07-25T15:12:19","modified_gmt":"2023-07-25T11:12:19","slug":"vacances-martinique","status":"publish","type":"post","link":"https:\/\/www.zotcar.com\/blog\/vacances-martinique\/","title":{"rendered":"Vacances en Martinique : que faut-il savoir avant de partir ?"},"content":{"rendered":"<p><span style=\"font-weight: 400;\">Vous avez pr\u00e9vu de passer vos vacances en Martinique en famille, en couple ou entre amis, et r\u00eavez d\u00e9j\u00e0 d&rsquo;atterrir sur le tarmac sous une atmosph\u00e8re tropicale ?\u00a0<\/span><\/p>\n<p>&nbsp;<\/p>\n<p><span style=\"font-weight: 400;\"><strong>Infos pratiques, vie quotidienne, lieux \u00e0 visiter<\/strong>, voici quelques informations \u00e0 savoir pour planifier votre s\u00e9jour sur l\u2019\u00eele, vous envoler sereinement et profiter sur place comme il se doit !<\/span><span style=\"font-weight: 400;\"><br \/>\n<\/span><span style=\"font-weight: 400;\"><\/p>\n<p><\/span><!--more--><\/p>\n<p>&nbsp;<\/p>\n<ul>\n<li aria-level=\"1\">\n<h2><b>Un peu d\u2019histoire<\/b><\/h2>\n<\/li>\n<\/ul>\n<p><span style=\"font-weight: 400;\">D\u2019abord habit\u00e9e par les Arawaks et les Kalinago, peuples Am\u00e9rindiens qui la nomment <\/span><i><span style=\"font-weight: 400;\">Jouanacaera<\/span><\/i><span style=\"font-weight: 400;\"> (l&rsquo;\u00eele aux iguanes) et <\/span><i><span style=\"font-weight: 400;\">Madinina<\/span><\/i><span style=\"font-weight: 400;\"> (l\u2019\u00eele mythique), la Martinique est une <strong>terre<\/strong> <strong>d\u2019opportunit\u00e9<\/strong> <strong>\u00e9conomique<\/strong> entre l\u2019arriv\u00e9e des Europ\u00e9ens et la traite n\u00e9gri\u00e8re. La culture de la canne \u00e0 sucre, du cacao et du caf\u00e9 deviennent les principales ressources export\u00e9es par la Compagnie des \u00celes d\u2019Am\u00e9rique.<\/span><\/p>\n<p>&nbsp;<\/p>\n<p><span style=\"font-weight: 400;\">C\u2019est apr\u00e8s la seconde guerre mondiale, en 1946, que la Martinique devient un d\u00e9partement fran\u00e7ais, sous la houlette d\u2019Aim\u00e9 C\u00e9saire. Elle obtient le statut de r\u00e9gion en 1982. Depuis 2015, elle a le statut particulier de <strong>collectivit\u00e9<\/strong> <strong>territoriale<\/strong> unique.<\/span><\/p>\n<p>&nbsp;<\/p>\n<p style=\"text-align: center;\"><a class=\"btn btn-primary bg-main bold fs14 c-white h50 center block w400\" href=\"https:\/\/www.zotcar.com\/location-voiture-martinique\" target=\"_blank\" rel=\"noopener noreferrer\">Consulter le guide de la location en Martinique<\/a><\/p>\n<p>&nbsp;<\/p>\n<ul>\n<li aria-level=\"1\">\n<h2><b>Les meilleures saisons pour partir en Martinique<\/b><\/h2>\n<\/li>\n<\/ul>\n<h3><b>Saison s\u00e8che de d\u00e9cembre \u00e0 avril<\/b><\/h3>\n<p><span style=\"font-weight: 400;\">La saison s\u00e8che, ou Car\u00eame, correspond \u00e0 la haute saison en Martinique ! C\u2019est le meilleur moment de l\u2019ann\u00e9e pour les <strong>activit\u00e9s<\/strong> <strong>nautiques<\/strong> et de plein air.<\/span><\/p>\n<p>&nbsp;<\/p>\n<h3><b>Saison des pluies de mai \u00e0 novembre<\/b><\/h3>\n<p><span style=\"font-weight: 400;\">L\u2019Hivernage est la saison humide et \u00e9galement celle o\u00f9 les temp\u00e9ratures font grimper le thermom\u00e8tre. C\u2019est l&rsquo;occasion de visiter les mus\u00e9es ou de d\u00e9couvrir de nombreuses <strong>facettes<\/strong> <strong>culturelles<\/strong> de l\u2019\u00eele.<\/span><\/p>\n<p><span style=\"font-weight: 400;\">Envie de conna\u00eetre la <\/span><span style=\"text-decoration: underline;\"><a href=\"https:\/\/www.zotcar.com\/blog\/quelle-est-la-meilleure-periode-pour-partir-en-martinique\/\" target=\"_blank\" rel=\"noopener noreferrer\"><b>meilleure p\u00e9riode pour partir en Martinique<\/b><\/a><\/span><span style=\"font-weight: 400;\"> ? Suivez le guide !<\/span><span style=\"font-weight: 400;\"><br \/>\n<\/span><\/p>\n<p>\n<b><\/b><\/p>\n<p>&nbsp;<\/p>\n<ul>\n<li aria-level=\"1\">\n<h2><b>5 curiosit\u00e9s \u00e0 ne pas manquer en Martinique<\/b><\/h2>\n<\/li>\n<\/ul>\n<h3><b>La savane des p\u00e9trifications<\/b><\/h3>\n<p><img decoding=\"async\" loading=\"lazy\" class=\"aligncenter wp-image-3708 size-full\" src=\"https:\/\/zc-blog.s3.eu-west-1.amazonaws.com\/blog\/wp-content\/uploads\/2022\/03\/18230151\/vacances-martinique-la-savane-des-pe%CC%81trifications.jpg\" alt=\"vacances martinique la savane des pe\u0301trifications\" width=\"1000\" height=\"500\" srcset=\"https:\/\/zc-blog.s3.eu-west-1.amazonaws.com\/blog\/wp-content\/uploads\/2022\/03\/18230151\/vacances-martinique-la-savane-des-pe%CC%81trifications.jpg 1000w, https:\/\/zc-blog.s3.eu-west-1.amazonaws.com\/blog\/wp-content\/uploads\/2022\/03\/18230151\/vacances-martinique-la-savane-des-pe%CC%81trifications-300x150.jpg 300w, https:\/\/zc-blog.s3.eu-west-1.amazonaws.com\/blog\/wp-content\/uploads\/2022\/03\/18230151\/vacances-martinique-la-savane-des-pe%CC%81trifications-768x384.jpg 768w\" sizes=\"(max-width: 1000px) 100vw, 1000px\" \/><\/p>\n<p>&nbsp;<\/p>\n<p><span style=\"font-weight: 400;\">Situ\u00e9 \u00e0 Sainte-Anne \u00e0 proximit\u00e9 de la plage des Salines, ce lieu d\u00e9tonne avec les paysages luxuriants de la Martinique en offrant un <strong>paysage<\/strong> <strong>d\u00e9sertique<\/strong>, quasi lunaire.\u00a0<\/span><\/p>\n<p><span style=\"font-weight: 400;\">Tr\u00e8s appr\u00e9ci\u00e9e pour la randonn\u00e9e, c\u2019est l\u2019une des deux parties les plus anciennes de la Martinique.<\/span><\/p>\n<p>&nbsp;<\/p>\n<h3><b>La presqu&rsquo;\u00eele de la Caravelle<\/b><\/h3>\n<p><span style=\"font-weight: 400;\"><strong>Ce bras de terre de 12 km<\/strong> qui s\u2019avance dans l\u2019oc\u00e9an \u00e9tait<strong> autrefois un repaire de pirates<\/strong>.\u00a0\u00a0<\/span><\/p>\n<p><span style=\"font-weight: 400;\">Ses sentiers de randonn\u00e9e m\u00e8nent aux vestiges du Ch\u00e2teau Dubuc et les <strong>panoramas<\/strong> <strong>terre-mer<\/strong> sont \u00e0 couper le souffle.<\/span><\/p>\n<p>&nbsp;<\/p>\n<p><span style=\"font-weight: 400;\">La presqu\u2019\u00eele de la Caravelle constitue la deuxi\u00e8me partie la plus ancienne de la Martinique.\u00a0<\/span><\/p>\n<p>&nbsp;<\/p>\n<h3><b>L\u2019anse Couleuvre<\/b><\/h3>\n<p><span style=\"font-weight: 400;\">Vous devrez traverser la for\u00eat tropicale avant d\u2019arriv\u00e9e sur cette plage de sable noir nich\u00e9e entre d\u2019imposantes falaises verdoyantes. Vous vous sentirez seuls au monde sur l\u2019une des anses les plus authentiques c\u00f4t\u00e9 mer des Cara\u00efbes.<\/span><\/p>\n<p>&nbsp;<\/p>\n<p><img decoding=\"async\" loading=\"lazy\" class=\"aligncenter wp-image-3707 size-full\" src=\"https:\/\/zc-blog.s3.eu-west-1.amazonaws.com\/blog\/wp-content\/uploads\/2022\/03\/18225835\/vacances-martinique-lanse-couleuvre.jpg\" alt=\"vacances martinique l\u2019anse couleuvre\" width=\"1000\" height=\"500\" srcset=\"https:\/\/zc-blog.s3.eu-west-1.amazonaws.com\/blog\/wp-content\/uploads\/2022\/03\/18225835\/vacances-martinique-lanse-couleuvre.jpg 1000w, https:\/\/zc-blog.s3.eu-west-1.amazonaws.com\/blog\/wp-content\/uploads\/2022\/03\/18225835\/vacances-martinique-lanse-couleuvre-300x150.jpg 300w, https:\/\/zc-blog.s3.eu-west-1.amazonaws.com\/blog\/wp-content\/uploads\/2022\/03\/18225835\/vacances-martinique-lanse-couleuvre-768x384.jpg 768w\" sizes=\"(max-width: 1000px) 100vw, 1000px\" \/><\/p>\n<p>&nbsp;<\/p>\n<h3><b>Le Tombolo de Sainte-Marie<\/b><\/h3>\n<p><span style=\"font-weight: 400;\">Le Tombolo forme une chauss\u00e9e de sable sur environ 200m et relie l&rsquo;\u00eelet Sainte-Marie \u00e0 la c\u00f4te. Le site est accessible de novembre \u00e0 avril, et interdit d\u2019acc\u00e8s le reste de l\u2019ann\u00e9e pour permettre la nidification des oiseaux marins migrateurs.<\/span><\/p>\n<p>&nbsp;<\/p>\n<h3><b>Grand\u2019Rivi\u00e8re ou le bout du monde<\/b><\/h3>\n<p><span style=\"font-weight: 400;\">Situ\u00e9 \u00e0 l\u2019extr\u00eame nord de l&rsquo;\u00eele, ce petit village de p\u00eacheurs au pied de la Montagne Pel\u00e9e a des airs de bout du monde et une douceur de vivre sans pareil. Vous appr\u00e9cierez son <strong>charme<\/strong> <strong>pittoresque<\/strong>, le bruit des vagues en fond sonore et le passage oblig\u00e9 par l\u2019unique pont qui relie Grand\u2019Rivi\u00e8re au reste de l\u2019\u00eele.<\/span><\/p>\n<p>&nbsp;<\/p>\n<p style=\"text-align: center;\"><a class=\"btn btn-primary bg-main bold fs14 c-white h50 center block w400\" href=\"https:\/\/www.zotcar.com\/location-voiture-martinique\" target=\"_blank\" rel=\"noopener noreferrer\">Comparer le tarif des locations en Martinique<\/a><b><\/b><\/p>\n<p>&nbsp;<\/p>\n<ul>\n<li aria-level=\"1\">\n<h2><b>Quelques infos pratiques \u00e0 conna\u00eetre<\/b><\/h2>\n<\/li>\n<\/ul>\n<h3><b>Le d\u00e9calage horaire<\/b><\/h3>\n<p><span style=\"font-weight: 400;\">Le d\u00e9calage horaire en Martinique est de -6h en \u00e9t\u00e9 et de -5h en hiver, par rapport \u00e0 la France hexagonale.<\/span><\/p>\n<p>&nbsp;<\/p>\n<h3><b>La taxe de s\u00e9jour<\/b><\/h3>\n<p><span style=\"font-weight: 400;\">Les vacanciers se rendant en Martinique payent une <strong>taxe<\/strong> <strong>de<\/strong> <strong>s\u00e9jour<\/strong> sur les h\u00e9bergements touristiques. A r\u00e9gler sur place, elle est due par personne et par nuit, d\u2019un montant variable selon le type d\u2019h\u00e9bergement choisi !<\/span><\/p>\n<p>&nbsp;<\/p>\n<h3><b>Le rythme les journ\u00e9es<\/b><\/h3>\n<p><span style=\"font-weight: 400;\">La vie en Martinique est rythm\u00e9e par les levers et couchers de soleil.<\/span><\/p>\n<p><span style=\"font-weight: 400;\">On se l\u00e8ve g\u00e9n\u00e9ralement \u00e0 6h ou au chant du coq, pour prendre le petit-d\u00e9jeuner et profiter de la fra\u00eecheur matinale.<\/span><\/p>\n<p>&nbsp;<\/p>\n<p><span style=\"font-weight: 400;\">Les horaires d\u2019ouvertures se situent entre 7h et 9h.<\/span><\/p>\n<p><span style=\"font-weight: 400;\">La nuit tombe vers 18h, heure de fermeture des petits commerces.<\/span><\/p>\n<p>&nbsp;<\/p>\n<h3><b>Les conditions sanitaires pour se rendre en Martinique<\/b><\/h3>\n<p><span style=\"font-weight: 400;\">Pour vos futurs d\u00e9placements \u00e0 destination de la Martinique, quelques <\/span><span style=\"text-decoration: underline;\"><a href=\"https:\/\/www.martinique.gouv.fr\/Politiques-publiques\/Environnement-sante-publique\/Sante\/Informations-COVID-19\/Les-transports\/COVID-19-Deplacements-en-provenance-et-a-destination-de-la-Martinique\" target=\"_blank\" rel=\"noopener noreferrer\"><span style=\"font-weight: 400;\"><strong>mesures sanitaires<\/strong><\/span><\/a><\/span><span style=\"font-weight: 400;\"> sont \u00e0 respecter pour \u00e9viter toute mauvaise surprise avant votre vol et pendant votre s\u00e9jour :<\/span><\/p>\n<ul>\n<li style=\"font-weight: 400;\" aria-level=\"1\"><span style=\"font-weight: 400;\">un motif imp\u00e9rieux est \u00e0 pr\u00e9senter pour les personnes non vaccin\u00e9es<\/span><\/li>\n<li style=\"font-weight: 400;\" aria-level=\"1\"><span style=\"font-weight: 400;\">un test PCR ou antig\u00e9nique n\u00e9gatif de moins de 24h est exig\u00e9 \u00e0 l&#8217;embarquement<\/span><\/li>\n<li style=\"font-weight: 400;\" aria-level=\"1\"><span style=\"font-weight: 400;\">une p\u00e9riode d\u2019isolement de 7 jours, suivie d\u2019un test \u00e0 la fin de l\u2019isolement, est vivement recommand\u00e9e pour les personnes non vaccin\u00e9es<\/span><span style=\"font-weight: 400;\"><br \/>\n<\/span><\/li>\n<\/ul>\n<p>\n<b><\/b><\/p>\n<p>&nbsp;<\/p>\n<ul>\n<li aria-level=\"1\">\n<h2><b>Les indispensables \u00e0 glisser dans la valise<\/b><\/h2>\n<\/li>\n<\/ul>\n<p><span style=\"font-weight: 400;\">Vous vous demandez s\u00fbrement <strong>quoi mettre dans votre valise<\/strong> pour votre voyage en Martinique ?<strong> Allez \u00e0 l\u2019essentiel en gardant en t\u00eate vos activit\u00e9s pr\u00e9f\u00e9r\u00e9es et les caract\u00e9ristiques de l\u2019\u00eele<\/strong> :<\/span><\/p>\n<p><span style=\"font-weight: 400;\">Pour le quotidien : quelques<strong> v\u00eatements d\u2019\u00e9t\u00e9<\/strong> suffiront, en plus des <strong>maillots de bain<\/strong>.\u00a0<\/span><\/p>\n<p><span style=\"font-weight: 400;\">Pour les soir\u00e9es fra\u00eeches et se prot\u00e9ger du vent, <strong>une veste l\u00e9g\u00e8re<\/strong> ou un petit lainage feront l\u2019affaire.<\/span><\/p>\n<p><span style=\"font-weight: 400;\">Pour se prot\u00e9ger du soleil, <strong>cr\u00e8me solaire, couvre-chef<\/strong>, foulard seront vos amis.<\/span><\/p>\n<p><span style=\"font-weight: 400;\">Par temps de pluie, <strong>un imperm\u00e9able<\/strong> est indispensable !<\/span><\/p>\n<p><span style=\"font-weight: 400;\">Pensez \u00e0 <strong>adapter vos chaussures<\/strong> aux activit\u00e9s pr\u00e9vues : chaussures de randonn\u00e9e, de plages, sandales\u2026<\/span><\/p>\n<p><span style=\"font-weight: 400;\">Enfin la <strong>lotion anti-moustique<\/strong> sera votre alli\u00e9e pendant votre s\u00e9jour !<\/span><\/p>\n<p>&nbsp;<\/p>\n<hr \/>\n<p><span style=\"font-weight: 400;\">Maintenant que vous en savez plus sur votre prochaine destination, vous voil\u00e0 fin pr\u00eats pour vos vacances au soleil : vos vacances en Martinique n&rsquo;attendent que vous ! Il ne vous reste qu\u2019\u00e0 fermer votre valise et embarquer sereinement. Vous n\u2019avez pas encore pr\u00e9vu de v\u00e9hicule sur l\u2019\u00eele ? Zotcar est pr\u00e9sent pour vos<\/span> <strong><span style=\"text-decoration: underline;\"><a href=\"https:\/\/zotcar.com\/location-voiture-martinique\" target=\"_blank\" rel=\"noopener noreferrer\">locations de voiture en Martinique<\/a><\/span><\/strong><span style=\"font-weight: 400;\">, que ce soit<\/span> <span style=\"text-decoration: underline;\"><a href=\"https:\/\/www.zotcar.com\/location-voiture-aeroport-martinique\" target=\"_blank\" rel=\"noopener noreferrer\"><span style=\"font-weight: 400;\"><strong>\u00e0 <\/strong><\/span><\/a><a href=\"https:\/\/www.zotcar.com\/location-voiture-aeroport-martinique\" target=\"_blank\" rel=\"noopener noreferrer\"><span style=\"font-weight: 400;\"><strong>l\u2019a\u00e9roport<\/strong><\/span><\/a><\/span> <span style=\"font-weight: 400;\">ou dans les villes de<\/span> <strong><span style=\"text-decoration: underline;\"><a href=\"https:\/\/www.zotcar.com\/location-voiture-sainte-luce-martinique\" target=\"_blank\" rel=\"noopener noreferrer\">Sainte<\/a><\/span><span style=\"text-decoration: underline;\"><a href=\"https:\/\/www.zotcar.com\/location-voiture-sainte-luce-martinique\" target=\"_blank\" rel=\"noopener noreferrer\">-Luce<\/a><\/span><\/strong><span style=\"font-weight: 400;\"><strong>,<\/strong> <\/span><span style=\"text-decoration: underline;\"><a href=\"https:\/\/www.zotcar.com\/location-voiture-le-marin-martinique\" target=\"_blank\" rel=\"noopener noreferrer\"><span style=\"font-weight: 400;\"><strong>au Marin<\/strong><\/span><\/a><\/span><span style=\"font-weight: 400;\">, <\/span><span style=\"text-decoration: underline;\"><a href=\"https:\/\/www.zotcar.com\/location-voiture-lamentin-martinique\" target=\"_blank\" rel=\"noopener noreferrer\"><span style=\"font-weight: 400;\"><strong>au<\/strong> <strong>Lamentin<\/strong><\/span><\/a><\/span><span style=\"font-weight: 400;\"> et<\/span> <span style=\"text-decoration: underline;\"><a href=\"https:\/\/www.zotcar.com\/location-voiture-saint-pierre-martinique\" target=\"_blank\" rel=\"noopener noreferrer\"><span style=\"font-weight: 400;\"><strong>\u00e0<\/strong> <strong>Saint<\/strong> <strong>Pierre<\/strong><\/span><\/a><\/span><span style=\"font-weight: 400;\">.<\/span><\/p>\n<p style=\"text-align: center;\">\u00a0<\/p>\n<p style=\"text-align: center;\"><a class=\"btn btn-primary bg-main bold fs14 c-white h50 center block w400\" href=\"https:\/\/www.zotcar.com\/location-voiture-martinique\" target=\"_blank\" rel=\"noopener noreferrer\">Louer une voiture sur\u00a0 Zotcar<\/a><\/p>\n","protected":false},"excerpt":{"rendered":"<p>Vous avez pr\u00e9vu de passer vos vacances en Martinique en famille, en couple ou entre amis, et r\u00eavez d\u00e9j\u00e0 d&rsquo;atterrir sur le tarmac sous une atmosph\u00e8re tropicale ?\u00a0 &nbsp; Infos pratiques, vie quotidienne, lieux \u00e0 visiter, voici quelques informations \u00e0 savoir pour planifier votre s\u00e9jour sur l\u2019\u00eele, vous envoler sereinement et profiter sur place comme [&hellip;]<\/p>\n","protected":false},"author":16,"featured_media":3720,"comment_status":"open","ping_status":"open","sticky":false,"template":"","format":"standard","meta":{"footnotes":"","_wpscppro_dont_share_socialmedia":false,"_wpscppro_custom_social_share_image":0},"categories":[22,29],"tags":[],"acf":[],"yoast_head":"<!-- This site is optimized with the Yoast SEO plugin v21.5 - https:\/\/yoast.com\/wordpress\/plugins\/seo\/ -->\n<title>Vacances en Martinique : que faut-il savoir avant de partir ? - Zotcar<\/title>\n<meta name=\"description\" content=\"Si vous souhaitez passer de super vacances en martinique, on a quelques recommandations \u00e0 vous faire, par ici !\" \/>\n<meta name=\"robots\" content=\"index, follow, max-snippet:-1, max-image-preview:large, max-video-preview:-1\" \/>\n<link rel=\"canonical\" href=\"https:\/\/www.zotcar.com\/blog\/vacances-martinique\/\" \/>\n<meta property=\"og:locale\" content=\"fr_FR\" \/>\n<meta property=\"og:type\" content=\"article\" \/>\n<meta property=\"og:title\" content=\"Vacances en Martinique : que faut-il savoir avant de partir ? - Zotcar\" \/>\n<meta property=\"og:description\" content=\"Si vous souhaitez passer de super vacances en martinique, on a quelques recommandations \u00e0 vous faire, par ici !\" \/>\n<meta property=\"og:url\" content=\"https:\/\/www.zotcar.com\/blog\/vacances-martinique\/\" \/>\n<meta property=\"og:site_name\" content=\"Zotcar\" \/>\n<meta property=\"article:publisher\" content=\"https:\/\/www.facebook.com\/zotcar\/\" \/>\n<meta property=\"article:published_time\" content=\"2022-03-21T10:59:12+00:00\" \/>\n<meta property=\"article:modified_time\" content=\"2023-07-25T11:12:19+00:00\" \/>\n<meta property=\"og:image\" content=\"https:\/\/zc-blog.s3.eu-west-1.amazonaws.com\/blog\/wp-content\/uploads\/2022\/03\/19001851\/vacances-martinique.jpg\" \/>\n\t<meta property=\"og:image:width\" content=\"1000\" \/>\n\t<meta property=\"og:image:height\" content=\"500\" \/>\n\t<meta property=\"og:image:type\" content=\"image\/jpeg\" \/>\n<meta name=\"author\" content=\"Le\u00efla De Zotcar\" \/>\n<meta name=\"twitter:card\" content=\"summary_large_image\" \/>\n<meta name=\"twitter:creator\" content=\"@zotcar974\" \/>\n<meta name=\"twitter:site\" content=\"@zotcar974\" \/>\n<meta name=\"twitter:label1\" content=\"\u00c9crit par\" \/>\n\t<meta name=\"twitter:data1\" content=\"Le\u00efla De Zotcar\" \/>\n\t<meta name=\"twitter:label2\" content=\"Dur\u00e9e de lecture estim\u00e9e\" \/>\n\t<meta name=\"twitter:data2\" content=\"5 minutes\" \/>\n<script type=\"application\/ld+json\" class=\"yoast-schema-graph\">{\"@context\":\"https:\/\/schema.org\",\"@graph\":[{\"@type\":\"WebPage\",\"@id\":\"https:\/\/www.zotcar.com\/blog\/vacances-martinique\/\",\"url\":\"https:\/\/www.zotcar.com\/blog\/vacances-martinique\/\",\"name\":\"Vacances en Martinique : que faut-il savoir avant de partir ? - Zotcar\",\"isPartOf\":{\"@id\":\"https:\/\/www.zotcar.com\/blog\/#website\"},\"datePublished\":\"2022-03-21T10:59:12+00:00\",\"dateModified\":\"2023-07-25T11:12:19+00:00\",\"author\":{\"@id\":\"https:\/\/www.zotcar.com\/blog\/#\/schema\/person\/e5cd6282afe5bef5a9e5268c5a5c3fa1\"},\"description\":\"Si vous souhaitez passer de super vacances en martinique, on a quelques recommandations \u00e0 vous faire, par ici !\",\"breadcrumb\":{\"@id\":\"https:\/\/www.zotcar.com\/blog\/vacances-martinique\/#breadcrumb\"},\"inLanguage\":\"fr-FR\",\"potentialAction\":[{\"@type\":\"ReadAction\",\"target\":[\"https:\/\/www.zotcar.com\/blog\/vacances-martinique\/\"]}]},{\"@type\":\"BreadcrumbList\",\"@id\":\"https:\/\/www.zotcar.com\/blog\/vacances-martinique\/#breadcrumb\",\"itemListElement\":[{\"@type\":\"ListItem\",\"position\":1,\"name\":\"Accueil\",\"item\":\"https:\/\/www.zotcar.com\/blog\/\"},{\"@type\":\"ListItem\",\"position\":2,\"name\":\"Vacances en Martinique : que faut-il savoir avant de partir ?\"}]},{\"@type\":\"WebSite\",\"@id\":\"https:\/\/www.zotcar.com\/blog\/#website\",\"url\":\"https:\/\/www.zotcar.com\/blog\/\",\"name\":\"Zotcar\",\"description\":\"Blog de Zotcar - Location de voiture entre particuliers \u00e0 La R\u00e9union, en Martinique et en Guadeloupe\",\"potentialAction\":[{\"@type\":\"SearchAction\",\"target\":{\"@type\":\"EntryPoint\",\"urlTemplate\":\"https:\/\/www.zotcar.com\/blog\/?s={search_term_string}\"},\"query-input\":\"required name=search_term_string\"}],\"inLanguage\":\"fr-FR\"},{\"@type\":\"Person\",\"@id\":\"https:\/\/www.zotcar.com\/blog\/#\/schema\/person\/e5cd6282afe5bef5a9e5268c5a5c3fa1\",\"name\":\"Le\u00efla De Zotcar\",\"image\":{\"@type\":\"ImageObject\",\"inLanguage\":\"fr-FR\",\"@id\":\"https:\/\/www.zotcar.com\/blog\/#\/schema\/person\/image\/\",\"url\":\"https:\/\/secure.gravatar.com\/avatar\/f1ff29837afdf729c85bdadabfcc52a3?s=96&d=mm&r=g\",\"contentUrl\":\"https:\/\/secure.gravatar.com\/avatar\/f1ff29837afdf729c85bdadabfcc52a3?s=96&d=mm&r=g\",\"caption\":\"Le\u00efla De Zotcar\"},\"sameAs\":[\"https:\/\/www.zotcar.com\"],\"url\":\"https:\/\/www.zotcar.com\/blog\/author\/leila-de-zotcar\/\"}]}<\/script>\n<!-- \/ Yoast SEO plugin. -->","yoast_head_json":{"title":"Vacances en Martinique : que faut-il savoir avant de partir ? - Zotcar","description":"Si vous souhaitez passer de super vacances en martinique, on a quelques recommandations \u00e0 vous faire, par ici !","robots":{"index":"index","follow":"follow","max-snippet":"max-snippet:-1","max-image-preview":"max-image-preview:large","max-video-preview":"max-video-preview:-1"},"canonical":"https:\/\/www.zotcar.com\/blog\/vacances-martinique\/","og_locale":"fr_FR","og_type":"article","og_title":"Vacances en Martinique : que faut-il savoir avant de partir ? - Zotcar","og_description":"Si vous souhaitez passer de super vacances en martinique, on a quelques recommandations \u00e0 vous faire, par ici !","og_url":"https:\/\/www.zotcar.com\/blog\/vacances-martinique\/","og_site_name":"Zotcar","article_publisher":"https:\/\/www.facebook.com\/zotcar\/","article_published_time":"2022-03-21T10:59:12+00:00","article_modified_time":"2023-07-25T11:12:19+00:00","og_image":[{"width":1000,"height":500,"url":"https:\/\/zc-blog.s3.eu-west-1.amazonaws.com\/blog\/wp-content\/uploads\/2022\/03\/19001851\/vacances-martinique.jpg","type":"image\/jpeg"}],"author":"Le\u00efla De Zotcar","twitter_card":"summary_large_image","twitter_creator":"@zotcar974","twitter_site":"@zotcar974","twitter_misc":{"\u00c9crit par":"Le\u00efla De Zotcar","Dur\u00e9e de lecture estim\u00e9e":"5 minutes"},"schema":{"@context":"https:\/\/schema.org","@graph":[{"@type":"WebPage","@id":"https:\/\/www.zotcar.com\/blog\/vacances-martinique\/","url":"https:\/\/www.zotcar.com\/blog\/vacances-martinique\/","name":"Vacances en Martinique : que faut-il savoir avant de partir ? - Zotcar","isPartOf":{"@id":"https:\/\/www.zotcar.com\/blog\/#website"},"datePublished":"2022-03-21T10:59:12+00:00","dateModified":"2023-07-25T11:12:19+00:00","author":{"@id":"https:\/\/www.zotcar.com\/blog\/#\/schema\/person\/e5cd6282afe5bef5a9e5268c5a5c3fa1"},"description":"Si vous souhaitez passer de super vacances en martinique, on a quelques recommandations \u00e0 vous faire, par ici !","breadcrumb":{"@id":"https:\/\/www.zotcar.com\/blog\/vacances-martinique\/#breadcrumb"},"inLanguage":"fr-FR","potentialAction":[{"@type":"ReadAction","target":["https:\/\/www.zotcar.com\/blog\/vacances-martinique\/"]}]},{"@type":"BreadcrumbList","@id":"https:\/\/www.zotcar.com\/blog\/vacances-martinique\/#breadcrumb","itemListElement":[{"@type":"ListItem","position":1,"name":"Accueil","item":"https:\/\/www.zotcar.com\/blog\/"},{"@type":"ListItem","position":2,"name":"Vacances en Martinique : que faut-il savoir avant de partir ?"}]},{"@type":"WebSite","@id":"https:\/\/www.zotcar.com\/blog\/#website","url":"https:\/\/www.zotcar.com\/blog\/","name":"Zotcar","description":"Blog de Zotcar - Location de voiture entre particuliers \u00e0 La R\u00e9union, en Martinique et en Guadeloupe","potentialAction":[{"@type":"SearchAction","target":{"@type":"EntryPoint","urlTemplate":"https:\/\/www.zotcar.com\/blog\/?s={search_term_string}"},"query-input":"required name=search_term_string"}],"inLanguage":"fr-FR"},{"@type":"Person","@id":"https:\/\/www.zotcar.com\/blog\/#\/schema\/person\/e5cd6282afe5bef5a9e5268c5a5c3fa1","name":"Le\u00efla De Zotcar","image":{"@type":"ImageObject","inLanguage":"fr-FR","@id":"https:\/\/www.zotcar.com\/blog\/#\/schema\/person\/image\/","url":"https:\/\/secure.gravatar.com\/avatar\/f1ff29837afdf729c85bdadabfcc52a3?s=96&d=mm&r=g","contentUrl":"https:\/\/secure.gravatar.com\/avatar\/f1ff29837afdf729c85bdadabfcc52a3?s=96&d=mm&r=g","caption":"Le\u00efla De Zotcar"},"sameAs":["https:\/\/www.zotcar.com"],"url":"https:\/\/www.zotcar.com\/blog\/author\/leila-de-zotcar\/"}]}},"_links":{"self":[{"href":"https:\/\/www.zotcar.com\/blog\/wp-json\/wp\/v2\/posts\/3706"}],"collection":[{"href":"https:\/\/www.zotcar.com\/blog\/wp-json\/wp\/v2\/posts"}],"about":[{"href":"https:\/\/www.zotcar.com\/blog\/wp-json\/wp\/v2\/types\/post"}],"author":[{"embeddable":true,"href":"https:\/\/www.zotcar.com\/blog\/wp-json\/wp\/v2\/users\/16"}],"replies":[{"embeddable":true,"href":"https:\/\/www.zotcar.com\/blog\/wp-json\/wp\/v2\/comments?post=3706"}],"version-history":[{"count":29,"href":"https:\/\/www.zotcar.com\/blog\/wp-json\/wp\/v2\/posts\/3706\/revisions"}],"predecessor-version":[{"id":4145,"href":"https:\/\/www.zotcar.com\/blog\/wp-json\/wp\/v2\/posts\/3706\/revisions\/4145"}],"wp:featuredmedia":[{"embeddable":true,"href":"https:\/\/www.zotcar.com\/blog\/wp-json\/wp\/v2\/media\/3720"}],"wp:attachment":[{"href":"https:\/\/www.zotcar.com\/blog\/wp-json\/wp\/v2\/media?parent=3706"}],"wp:term":[{"taxonomy":"category","embeddable":true,"href":"https:\/\/www.zotcar.com\/blog\/wp-json\/wp\/v2\/categories?post=3706"},{"taxonomy":"post_tag","embeddable":true,"href":"https:\/\/www.zotcar.com\/blog\/wp-json\/wp\/v2\/tags?post=3706"}],"curies":[{"name":"wp","href":"https:\/\/api.w.org\/{rel}","templated":true}]}}