{"id":3726,"date":"2022-03-28T09:00:48","date_gmt":"2022-03-28T05:00:48","guid":{"rendered":"https:\/\/www.zotcar.com\/blog\/?p=3726"},"modified":"2023-07-25T15:12:18","modified_gmt":"2023-07-25T11:12:18","slug":"martinique-covid-voyage","status":"publish","type":"post","link":"https:\/\/www.zotcar.com\/blog\/martinique-covid-voyage\/","title":{"rendered":"COVID : quelles pr\u00e9cautions prendre pour un voyage en Martinique ?"},"content":{"rendered":"<p><span style=\"font-weight: 400;\">Vous avez h\u00e2te de passer vos vacances en Martinique ou de partir rendre visite \u00e0 la famille sur l\u2019\u00eele ?\u00a0<\/span><\/p>\n<p>&nbsp;<\/p>\n<p><span style=\"font-weight: 400;\">Avant d\u2019embarquer pour <\/span><span style=\"text-decoration: underline;\"><strong><a href=\"https:\/\/www.zotcar.com\/blog\/visiter-la-martinique\/\" target=\"_blank\" rel=\"noopener noreferrer\">visiter la Martinique<\/a><\/strong><\/span><span style=\"font-weight: 400;\"> et vous adonner aux activit\u00e9s sportives et culturelles qu\u2019offre la destination, voici les <strong>mesures sanitaires anti-covid 19<\/strong> \u00e0 conna\u00eetre pour bien pr\u00e9parer votre d\u00e9part et profiter \u00e0 100% de votre s\u00e9jour sur place.<\/span><\/p>\n<p><!--more--><\/p>\n<p>&nbsp;<\/p>\n<ul>\n<li aria-level=\"1\">\n<h2><b>Les formalit\u00e9s d\u2019entr\u00e9e en Martinique<\/b><\/h2>\n<\/li>\n<\/ul>\n<h3><b>Vous \u00eates vaccin\u00e9<\/b><\/h3>\n<p><span style=\"font-weight: 400;\">Pendant l\u2019\u00e9pid\u00e9mie de Covid-19, les personnes pr\u00e9sentant un sch\u00e9ma vaccinal complet\u00a0 peuvent se d\u00e9placer en Martinique sans trop de contraintes.<\/span><\/p>\n<p>&nbsp;<\/p>\n<p><span style=\"font-weight: 400;\">Le <strong>r\u00e9sultat<\/strong> <strong>n\u00e9gatif<\/strong> d\u2019un test antig\u00e9nique ou d\u2019un test PCR de moins de 24 heures avant l&#8217;embarquement suffit.<\/span><\/p>\n<p>&nbsp;<\/p>\n<h3><b>Vous n\u2019\u00eates pas vaccin\u00e9<\/b><\/h3>\n<p><span style=\"font-weight: 400;\">Les mesures sanitaires sont un peu plus strictes pour les personnes non vaccin\u00e9es qui doivent quant \u00e0 elles montrer patte blanche pour se rendre en Martinique.<\/span> <span style=\"font-weight: 400;\">Si vous n\u2019\u00eates pas vaccin\u00e9, vous devez :<\/span><\/p>\n<ul>\n<li style=\"font-weight: 400;\" aria-level=\"1\"><span style=\"font-weight: 400;\">justifier votre d\u00e9placement par un motif imp\u00e9rieux d\u2019ordre personnel ou familial, un motif de sant\u00e9 ou un motif professionnel<\/span><\/li>\n<li style=\"font-weight: 400;\" aria-level=\"1\"><span style=\"font-weight: 400;\">pr\u00e9senter une <\/span><span style=\"text-decoration: underline;\"><strong><a href=\"https:\/\/www.martinique.gouv.fr\/content\/download\/19112\/130195\/file\/2022%20ATTESTATION%20SUR%20L%E2%80%99HONNEUR%20POUR%20LES%20VOYAGEURS%20ENTRE%20LA%20FRANCE%20HEXAGONALE%20ET%20LA%20MARTINIQUE.pdf\" target=\"_blank\" rel=\"noopener noreferrer\">attestation sur l\u2019honneur<\/a><\/strong><\/span><span style=\"font-weight: 400;\"> pour les d\u00e9placements entre la France hexagonale et la Martinique\u00a0<\/span><\/li>\n<li style=\"font-weight: 400;\" aria-level=\"1\"><span style=\"font-weight: 400;\">pr\u00e9senter un test PCR ou antig\u00e9nique n\u00e9gatif de moins de 24h avant l\u2019embarquement<\/span><\/li>\n<li style=\"font-weight: 400;\" aria-level=\"1\"><span style=\"font-weight: 400;\">respecter un isolement de 7 jours apr\u00e8s votre arriv\u00e9e<\/span><\/li>\n<li style=\"font-weight: 400;\" aria-level=\"1\"><span style=\"font-weight: 400;\">r\u00e9aliser un nouveau test PCR ou antig\u00e9nique \u00e0 la suite de votre septaine.<\/span><\/li>\n<\/ul>\n<p>&nbsp;<\/p>\n<p><img decoding=\"async\" loading=\"lazy\" class=\"aligncenter wp-image-3730 size-full\" src=\"https:\/\/zc-blog.s3.eu-west-1.amazonaws.com\/blog\/wp-content\/uploads\/2022\/03\/19120234\/martinique-covid-voyage-formalite%CC%81s-dentre%CC%81e.jpg\" alt=\"martinique covid voyage formalite\u0301s d\u2019entre\u0301e\" width=\"1000\" height=\"500\" srcset=\"https:\/\/zc-blog.s3.eu-west-1.amazonaws.com\/blog\/wp-content\/uploads\/2022\/03\/19120234\/martinique-covid-voyage-formalite%CC%81s-dentre%CC%81e.jpg 1000w, https:\/\/zc-blog.s3.eu-west-1.amazonaws.com\/blog\/wp-content\/uploads\/2022\/03\/19120234\/martinique-covid-voyage-formalite%CC%81s-dentre%CC%81e-300x150.jpg 300w, https:\/\/zc-blog.s3.eu-west-1.amazonaws.com\/blog\/wp-content\/uploads\/2022\/03\/19120234\/martinique-covid-voyage-formalite%CC%81s-dentre%CC%81e-768x384.jpg 768w\" sizes=\"(max-width: 1000px) 100vw, 1000px\" \/> <b><\/b><\/p>\n<p>&nbsp;<\/p>\n<ul>\n<li aria-level=\"1\">\n<h2><b>Liste des motifs imp\u00e9rieux pour voyager en martinique<\/b><\/h2>\n<\/li>\n<\/ul>\n<p><span style=\"font-weight: 400;\">Les d\u00e9placements des personnes en provenance de l\u2019hexagone ou d\u2019ailleurs sont soumis au <strong>motif<\/strong> <strong>imp\u00e9rieux<\/strong>. Voici une <\/span><span style=\"text-decoration: underline;\"><strong><a href=\"https:\/\/www.martinique.gouv.fr\/Politiques-publiques\/Environnement-sante-publique\/Sante\/Informations-COVID-19\/Les-transports\/Liste-des-motifs-imperieux\" target=\"_blank\" rel=\"noopener noreferrer\">liste<\/a><\/strong><\/span><span style=\"font-weight: 400;\"> qui vous sera utile.<\/span><\/p>\n<p>&nbsp;<\/p>\n<h3><b>Motifs d\u2019ordre familial ou personnel<\/b><b> <\/b><\/h3>\n<ul>\n<li style=\"font-weight: 400;\" aria-level=\"1\"><span style=\"font-weight: 400;\">Retour \u00e0 son domicile<\/span><\/li>\n<li style=\"font-weight: 400;\" aria-level=\"1\"><span style=\"font-weight: 400;\">D\u00e9placement pour s\u2019occuper de parents proches vuln\u00e9rables ou en situation de handicap<\/span><\/li>\n<li style=\"font-weight: 400;\" aria-level=\"1\"><span style=\"font-weight: 400;\">D\u00e9c\u00e8s ou maladie grave d\u2019un parent<\/span><\/li>\n<li style=\"font-weight: 400;\" aria-level=\"1\"><span style=\"font-weight: 400;\">Aide \u00e0 l&rsquo;installation d&rsquo;un \u00e9tudiant en hexagone par un de ses parents \/ Retour des \u00e9tudiants ayant leurs parents domicili\u00e9s dans les DOM<\/span><\/li>\n<li style=\"font-weight: 400;\" aria-level=\"1\"><span style=\"font-weight: 400;\">Visite au conjoint, g\u00e9ographiquement isol\u00e9<\/span><\/li>\n<li style=\"font-weight: 400;\" aria-level=\"1\"><span style=\"font-weight: 400;\">Exercice des droits de visite et d\u2019h\u00e9bergement des enfants (parents s\u00e9par\u00e9s)<\/span><\/li>\n<li style=\"font-weight: 400;\" aria-level=\"1\"><span style=\"font-weight: 400;\">Voyage du conjoint \u00e0 la suite d\u2019un accouchement<\/span><\/li>\n<\/ul>\n<p>&nbsp;<\/p>\n<p><span style=\"font-weight: 400;\"><strong>Justificatifs<\/strong> : justificatif de domicile de moins de trois mois, certificat de d\u00e9c\u00e8s, certificat m\u00e9dical, certificat de scolarit\u00e9, livret de famille, acte de naissance, certificat de mariage, convocation.<\/span><\/p>\n<p>&nbsp;<\/p>\n<h3><b>Motifs d\u2019ordre professionnel<\/b><\/h3>\n<ul>\n<li style=\"font-weight: 400;\" aria-level=\"1\"><span style=\"font-weight: 400;\">Entretien d\u2019embauche<\/span><\/li>\n<li style=\"font-weight: 400;\" aria-level=\"1\"><span style=\"font-weight: 400;\">Concours<\/span><\/li>\n<li style=\"font-weight: 400;\" aria-level=\"1\"><span style=\"font-weight: 400;\">Prise de fonction dans un nouvel emploi<\/span><\/li>\n<li style=\"font-weight: 400;\" aria-level=\"1\"><span style=\"font-weight: 400;\">Stage obligatoire pour valider une formation<\/span><\/li>\n<li style=\"font-weight: 400;\" aria-level=\"1\"><span style=\"font-weight: 400;\">Sportifs professionnels de haut niveau pour la participation \u00e0 des rencontres valid\u00e9es par le minist\u00e8re des sports<\/span><\/li>\n<\/ul>\n<p>&nbsp;<\/p>\n<p><span style=\"font-weight: 400;\"><strong>Justificatifs<\/strong> : K-bis, ordre de mission, attestation de l\u2019employeur, convocation \u00e0 un examen ou concours, contrat de travail.<\/span><\/p>\n<p>&nbsp;<\/p>\n<h3><b>Motifs d\u2019ordre m\u00e9dical<\/b><\/h3>\n<ul>\n<li style=\"font-weight: 400;\" aria-level=\"1\"><span style=\"font-weight: 400;\">Convocation m\u00e9dicale d\u2019un sp\u00e9cialiste<\/span><\/li>\n<li style=\"font-weight: 400;\" aria-level=\"1\"><span style=\"font-weight: 400;\">Intervention, soins m\u00e9dicaux ne pouvant pas \u00eatre report\u00e9s et r\u00e9alis\u00e9s sur le territoire<\/span><\/li>\n<li style=\"font-weight: 400;\" aria-level=\"1\"><span style=\"font-weight: 400;\">Retour au domicile apr\u00e8s un convocation m\u00e9dicale<\/span><\/li>\n<\/ul>\n<p><span style=\"font-weight: 400;\">\u00a0<\/span><\/p>\n<p><span style=\"font-weight: 400;\"><strong>Justificatifs<\/strong> : certificat m\u00e9dical, convocation du m\u00e9decin, preuve d&rsquo;une hospitalisation programm\u00e9e.<\/span><\/p>\n<p>&nbsp;<\/p>\n<p>&nbsp;<\/p>\n<ul>\n<li aria-level=\"1\">\n<h2><b>L\u2019application des mesures sanitaires en Martinique<\/b><\/h2>\n<\/li>\n<\/ul>\n<h3><b>Dans les commerces et lieux publics<\/b><\/h3>\n<p><span style=\"font-weight: 400;\">Pour que vous puissiez profiter sereinement de votre s\u00e9jour, <strong>le respect des gestes barri\u00e8res est de rigueur<\/strong> et le <strong>port du masque est obligatoire<\/strong> pour toute personne de plus de 12 ans dans les lieux suivants :\u00a0<\/span><\/p>\n<ul>\n<li style=\"font-weight: 400;\" aria-level=\"1\"><span style=\"font-weight: 400;\">salles d\u2019exposition et conf\u00e9rences<\/span><\/li>\n<li style=\"font-weight: 400;\" aria-level=\"1\"><span style=\"font-weight: 400;\">\u00e9tablissements sportifs<\/span><\/li>\n<li style=\"font-weight: 400;\" aria-level=\"1\"><span style=\"font-weight: 400;\">biblioth\u00e8ques, mus\u00e9es, <\/span><span style=\"text-decoration: underline;\"><strong><a href=\"https:\/\/www.zotcar.com\/blog\/distillerie-martinique\/\" target=\"_blank\" rel=\"noopener noreferrer\">distilleries<\/a><\/strong><\/span><span style=\"font-weight: 400;\">\u00a0<\/span><\/li>\n<li style=\"font-weight: 400;\" aria-level=\"1\"><span style=\"font-weight: 400;\">magasins de ventes et centre commerciaux<\/span><\/li>\n<li style=\"font-weight: 400;\" aria-level=\"1\"><span style=\"font-weight: 400;\">bars et <\/span><span style=\"text-decoration: underline;\"><strong><a href=\"https:\/\/www.zotcar.com\/blog\/restaurant-martinique\/\" target=\"_blank\" rel=\"noopener noreferrer\">restaurants<\/a><\/strong><\/span><\/li>\n<li style=\"font-weight: 400;\" aria-level=\"1\"><span style=\"font-weight: 400;\">salles de spectacles, de danse et de jeux<\/span><\/li>\n<li style=\"font-weight: 400;\" aria-level=\"1\"><span style=\"font-weight: 400;\">lieux de cultes<\/span><\/li>\n<li style=\"font-weight: 400;\" aria-level=\"1\"><span style=\"font-weight: 400;\">administrations, banques et bureaux\u00a0<\/span><\/li>\n<li style=\"font-weight: 400;\" aria-level=\"1\"><span style=\"font-weight: 400;\">h\u00f4tels et autres \u00e9tablissements d\u2019h\u00e9bergement<\/span><\/li>\n<\/ul>\n<p><span style=\"font-weight: 400;\">La capacit\u00e9 d\u2019accueil maximale des magasins et des centres commerciaux est affich\u00e9e et visible de l\u2019ext\u00e9rieur.<\/span> <span style=\"font-weight: 400;\">Les bars et restaurants sont soumis au <strong>pass vaccinal<\/strong> si vous souhaitez consommer sur place.<\/span><\/p>\n<p>&nbsp;<\/p>\n<p><span style=\"font-weight: 400;\">Le <strong>port<\/strong> <strong>obligatoire<\/strong> <strong>du<\/strong> <strong>masque<\/strong> a \u00e9t\u00e9 \u00e9largi \u00e0 certaines zones ext\u00e9rieures comme les march\u00e9s en plein air et les aires de vente ambulante en bord de route.<\/span><\/p>\n<p><span style=\"font-weight: 400;\">Un <strong>couvre-feu<\/strong> est appliqu\u00e9 sur l\u2019\u00eele de 22h \u00e0 5h du matin.<\/span><\/p>\n<p>&nbsp;<\/p>\n<p><img decoding=\"async\" loading=\"lazy\" class=\"aligncenter wp-image-3729 size-full\" src=\"https:\/\/zc-blog.s3.eu-west-1.amazonaws.com\/blog\/wp-content\/uploads\/2022\/03\/19115917\/martinique-covid-voyage-mesures-sanitaire.jpg\" alt=\"martinique covid voyage mesures sanitaire\" width=\"1000\" height=\"500\" srcset=\"https:\/\/zc-blog.s3.eu-west-1.amazonaws.com\/blog\/wp-content\/uploads\/2022\/03\/19115917\/martinique-covid-voyage-mesures-sanitaire.jpg 1000w, https:\/\/zc-blog.s3.eu-west-1.amazonaws.com\/blog\/wp-content\/uploads\/2022\/03\/19115917\/martinique-covid-voyage-mesures-sanitaire-300x150.jpg 300w, https:\/\/zc-blog.s3.eu-west-1.amazonaws.com\/blog\/wp-content\/uploads\/2022\/03\/19115917\/martinique-covid-voyage-mesures-sanitaire-768x384.jpg 768w\" sizes=\"(max-width: 1000px) 100vw, 1000px\" \/><\/p>\n<h3>\u00a0<\/h3>\n<h3><b>\u00c0 l\u2019a\u00e9roport<\/b><\/h3>\n<p><span style=\"font-weight: 400;\">Un <strong>dispositif<\/strong> <strong>sanitaire<\/strong> adapt\u00e9 a \u00e9t\u00e9 mis en place \u00e0 l\u2019a\u00e9roport Aim\u00e9 C\u00e9saire pour <strong>garantir<\/strong> <strong>la<\/strong> <strong>s\u00e9curit\u00e9<\/strong> <strong>des<\/strong> <strong>passagers et des<\/strong> <strong>agents<\/strong>. <\/span> <span style=\"font-weight: 400;\">En plus du port du masque impos\u00e9 pour les passagers de 11 ans et plus, des marquages au sol et des vitres sur les comptoirs garantissent la distanciation physique.<\/span><\/p>\n<p><span style=\"font-weight: 400;\">L&rsquo;a\u00e9roport propose \u00e9galement un <strong>centre de tests antig\u00e9niques gratuit<\/strong> et sans rendez-vous. Situ\u00e9 au parking P1, il est ouvert 7\/7jours de 8h \u00e0 20h.<\/span><\/p>\n<p>&nbsp;<\/p>\n<p>&nbsp;<\/p>\n<ul>\n<li aria-level=\"1\">\n<h2><b>Profiter de son voyage en Martinique pendant le covid\u00a0<\/b><\/h2>\n<\/li>\n<\/ul>\n<p><span style=\"font-weight: 400;\">S\u2019il y a bien des endroits o\u00f9 les mesures sanitaires ne s\u2019appliquent pas, ce sont les sentiers de randonn\u00e9e et les <\/span><span style=\"text-decoration: underline;\"><strong><a href=\"https:\/\/www.zotcar.com\/blog\/plus-belle-plage-martinique\/\" target=\"_blank\" rel=\"noopener noreferrer\">plages de la Martinique<\/a><\/strong><\/span><span style=\"font-weight: 400;\">. Vous pourrez donc <strong>souffler<\/strong> <strong>au<\/strong> <strong>grand<\/strong> <strong>air<\/strong>, autour de la <\/span><span style=\"text-decoration: underline;\"><strong><a href=\"https:\/\/www.martinique.org\/experience\/la-montagne-pelee\" target=\"_blank\" rel=\"noopener noreferrer\">Montagne Pel\u00e9e<\/a><\/strong><\/span><span style=\"font-weight: 400;\">, poser vos serviettes et vous \u00e9taler sur le sable en toute libert\u00e9 et profiter de la baignade !<\/span><\/p>\n<p><span style=\"font-weight: 400;\">Besoin d\u2019une info ou de conna\u00eetre la mise \u00e0 jour des recommandations sanitaires ? La <\/span><strong><span style=\"text-decoration: underline;\"><a href=\"https:\/\/www.martinique.gouv.fr\/Politiques-publiques\/Environnement-sante-publique\/Sante\/Informations-COVID-19\/Les-transports\/COVID-19-Deplacements-en-provenance-et-a-destination-de-la-Martinique#:~:text=COVID%2D19%20%3A%20D%C3%A9placements%20en%20provenance%20et%20%C3%A0%20destination%20de%20la%20Martinique,-Mise%20%C3%A0%20jour&amp;text=Pour%20toutes%20vos%20questions%2C%20vous,communication%20sur%20les%20r%C3%A9seaux%20sociaux\" target=\"_blank\" rel=\"noopener noreferrer\">pr\u00e9fecture de Martinique<\/a><\/span><\/strong><span style=\"font-weight: 400;\"> a mis en place une cellule d\u2019information du public disponible au 0 800 130 000.<\/span><\/p>\n<p>&nbsp;<\/p>\n<hr \/>\n<p><span style=\"font-weight: 400;\">Vaccin\u00e9s ou non, vous avez maintenant toutes les informations n\u00e9cessaires entre vos mains pour voyager en Martinique pendant le covid-19. A vous les vacances au soleil !<\/span><\/p>\n<p>&nbsp;<\/p>\n<p><span style=\"font-weight: 400;\">Si vous avez besoin d\u2019un v\u00e9hicule sur l&rsquo;\u00eele, Zotcar est pr\u00e9sent pour vos<\/span> <span style=\"text-decoration: underline;\"><a href=\"https:\/\/zotcar.com\/location-voiture-martinique\" target=\"_blank\" rel=\"noopener noreferrer\"><span style=\"font-weight: 400;\"><strong>locations de voiture<\/strong> <strong>en<\/strong> <strong>Martinique<\/strong><\/span><\/a><\/span><span style=\"font-weight: 400;\">, que ce soit<\/span> <span style=\"text-decoration: underline;\"><a href=\"https:\/\/www.zotcar.com\/location-voiture-aeroport-martinique\" target=\"_blank\" rel=\"noopener noreferrer\"><span style=\"font-weight: 400;\"><strong>\u00e0<\/strong> <strong>l\u2019a\u00e9roport<\/strong><\/span><\/a><\/span> <span style=\"font-weight: 400;\">ou dans les villes de<\/span> <strong><span style=\"text-decoration: underline;\"><a href=\"https:\/\/www.zotcar.com\/location-voiture-sainte-luce-martinique\" target=\"_blank\" rel=\"noopener noreferrer\">Sainte-Luce<\/a><\/span><\/strong><span style=\"font-weight: 400;\">, <\/span><span style=\"text-decoration: underline;\"><a href=\"https:\/\/www.zotcar.com\/location-voiture-le-marin-martinique\" target=\"_blank\" rel=\"noopener noreferrer\"><span style=\"font-weight: 400;\"><strong>au<\/strong> <strong>Marin<\/strong><\/span><\/a><\/span><span style=\"font-weight: 400;\">, <\/span><span style=\"text-decoration: underline;\"><a href=\"https:\/\/www.zotcar.com\/location-voiture-lamentin-martinique\" target=\"_blank\" rel=\"noopener noreferrer\"><span style=\"font-weight: 400;\"><strong>au<\/strong> <strong>Lamentin<\/strong><\/span><\/a><\/span><span style=\"font-weight: 400;\"> et<\/span> <span style=\"text-decoration: underline;\"><a href=\"https:\/\/www.zotcar.com\/location-voiture-saint-pierre-martinique\" target=\"_blank\" rel=\"noopener noreferrer\"><span style=\"font-weight: 400;\"><strong>\u00e0<\/strong> <strong>Saint<\/strong> <strong>Pierre<\/strong><\/span><\/a><\/span><span style=\"font-weight: 400;\">.<\/span><\/p>\n<p>&nbsp;<\/p>\n<p style=\"text-align: center;\"><a class=\"btn btn-primary bg-main bold fs14 c-white h50 center block w400\" href=\"https:\/\/www.zotcar.com\/location-voiture-martinique\">Louer une voiture sur Zotcar<\/a><\/p>\n","protected":false},"excerpt":{"rendered":"<p>Vous avez h\u00e2te de passer vos vacances en Martinique ou de partir rendre visite \u00e0 la famille sur l\u2019\u00eele ?\u00a0 &nbsp; Avant d\u2019embarquer pour visiter la Martinique et vous adonner aux activit\u00e9s sportives et culturelles qu\u2019offre la destination, voici les mesures sanitaires anti-covid 19 \u00e0 conna\u00eetre pour bien pr\u00e9parer votre d\u00e9part et profiter \u00e0 100% [&hellip;]<\/p>\n","protected":false},"author":16,"featured_media":3727,"comment_status":"open","ping_status":"open","sticky":false,"template":"","format":"standard","meta":{"footnotes":"","_wpscppro_dont_share_socialmedia":false,"_wpscppro_custom_social_share_image":0},"categories":[22,29],"tags":[],"acf":[],"yoast_head":"<!-- This site is optimized with the Yoast SEO plugin v21.5 - https:\/\/yoast.com\/wordpress\/plugins\/seo\/ -->\n<title>COVID : quelles pr\u00e9cautions prendre pour un voyage en Martinique ? - Zotcar<\/title>\n<meta name=\"description\" content=\"Direction la Martinique ! mais avant \u00e7a, quelques pr\u00e9cautions li\u00e9es au COVID sont \u00e0 bien prendre en compte avant votre voyage.\" \/>\n<meta name=\"robots\" content=\"index, follow, max-snippet:-1, max-image-preview:large, max-video-preview:-1\" \/>\n<link rel=\"canonical\" href=\"https:\/\/www.zotcar.com\/blog\/martinique-covid-voyage\/\" \/>\n<meta property=\"og:locale\" content=\"fr_FR\" \/>\n<meta property=\"og:type\" content=\"article\" \/>\n<meta property=\"og:title\" content=\"COVID : quelles pr\u00e9cautions prendre pour un voyage en Martinique ? - Zotcar\" \/>\n<meta property=\"og:description\" content=\"Direction la Martinique ! mais avant \u00e7a, quelques pr\u00e9cautions li\u00e9es au COVID sont \u00e0 bien prendre en compte avant votre voyage.\" \/>\n<meta property=\"og:url\" content=\"https:\/\/www.zotcar.com\/blog\/martinique-covid-voyage\/\" \/>\n<meta property=\"og:site_name\" content=\"Zotcar\" \/>\n<meta property=\"article:publisher\" content=\"https:\/\/www.facebook.com\/zotcar\/\" \/>\n<meta property=\"article:published_time\" content=\"2022-03-28T05:00:48+00:00\" \/>\n<meta property=\"article:modified_time\" content=\"2023-07-25T11:12:18+00:00\" \/>\n<meta property=\"og:image\" content=\"https:\/\/zc-blog.s3.eu-west-1.amazonaws.com\/blog\/wp-content\/uploads\/2022\/03\/19115353\/martinique-covid-voyage.jpg\" \/>\n\t<meta property=\"og:image:width\" content=\"1000\" \/>\n\t<meta property=\"og:image:height\" content=\"500\" \/>\n\t<meta property=\"og:image:type\" content=\"image\/jpeg\" \/>\n<meta name=\"author\" content=\"Le\u00efla De Zotcar\" \/>\n<meta name=\"twitter:card\" content=\"summary_large_image\" \/>\n<meta name=\"twitter:creator\" content=\"@zotcar974\" \/>\n<meta name=\"twitter:site\" content=\"@zotcar974\" \/>\n<meta name=\"twitter:label1\" content=\"\u00c9crit par\" \/>\n\t<meta name=\"twitter:data1\" content=\"Le\u00efla De Zotcar\" \/>\n\t<meta name=\"twitter:label2\" content=\"Dur\u00e9e de lecture estim\u00e9e\" \/>\n\t<meta name=\"twitter:data2\" content=\"5 minutes\" \/>\n<script type=\"application\/ld+json\" class=\"yoast-schema-graph\">{\"@context\":\"https:\/\/schema.org\",\"@graph\":[{\"@type\":\"WebPage\",\"@id\":\"https:\/\/www.zotcar.com\/blog\/martinique-covid-voyage\/\",\"url\":\"https:\/\/www.zotcar.com\/blog\/martinique-covid-voyage\/\",\"name\":\"COVID : quelles pr\u00e9cautions prendre pour un voyage en Martinique ? - Zotcar\",\"isPartOf\":{\"@id\":\"https:\/\/www.zotcar.com\/blog\/#website\"},\"datePublished\":\"2022-03-28T05:00:48+00:00\",\"dateModified\":\"2023-07-25T11:12:18+00:00\",\"author\":{\"@id\":\"https:\/\/www.zotcar.com\/blog\/#\/schema\/person\/e5cd6282afe5bef5a9e5268c5a5c3fa1\"},\"description\":\"Direction la Martinique ! mais avant \u00e7a, quelques pr\u00e9cautions li\u00e9es au COVID sont \u00e0 bien prendre en compte avant votre voyage.\",\"breadcrumb\":{\"@id\":\"https:\/\/www.zotcar.com\/blog\/martinique-covid-voyage\/#breadcrumb\"},\"inLanguage\":\"fr-FR\",\"potentialAction\":[{\"@type\":\"ReadAction\",\"target\":[\"https:\/\/www.zotcar.com\/blog\/martinique-covid-voyage\/\"]}]},{\"@type\":\"BreadcrumbList\",\"@id\":\"https:\/\/www.zotcar.com\/blog\/martinique-covid-voyage\/#breadcrumb\",\"itemListElement\":[{\"@type\":\"ListItem\",\"position\":1,\"name\":\"Accueil\",\"item\":\"https:\/\/www.zotcar.com\/blog\/\"},{\"@type\":\"ListItem\",\"position\":2,\"name\":\"COVID : quelles pr\u00e9cautions prendre pour un voyage en Martinique ?\"}]},{\"@type\":\"WebSite\",\"@id\":\"https:\/\/www.zotcar.com\/blog\/#website\",\"url\":\"https:\/\/www.zotcar.com\/blog\/\",\"name\":\"Zotcar\",\"description\":\"Blog de Zotcar - Location de voiture entre particuliers \u00e0 La R\u00e9union, en Martinique et en Guadeloupe\",\"potentialAction\":[{\"@type\":\"SearchAction\",\"target\":{\"@type\":\"EntryPoint\",\"urlTemplate\":\"https:\/\/www.zotcar.com\/blog\/?s={search_term_string}\"},\"query-input\":\"required name=search_term_string\"}],\"inLanguage\":\"fr-FR\"},{\"@type\":\"Person\",\"@id\":\"https:\/\/www.zotcar.com\/blog\/#\/schema\/person\/e5cd6282afe5bef5a9e5268c5a5c3fa1\",\"name\":\"Le\u00efla De Zotcar\",\"image\":{\"@type\":\"ImageObject\",\"inLanguage\":\"fr-FR\",\"@id\":\"https:\/\/www.zotcar.com\/blog\/#\/schema\/person\/image\/\",\"url\":\"https:\/\/secure.gravatar.com\/avatar\/f1ff29837afdf729c85bdadabfcc52a3?s=96&d=mm&r=g\",\"contentUrl\":\"https:\/\/secure.gravatar.com\/avatar\/f1ff29837afdf729c85bdadabfcc52a3?s=96&d=mm&r=g\",\"caption\":\"Le\u00efla De Zotcar\"},\"sameAs\":[\"https:\/\/www.zotcar.com\"],\"url\":\"https:\/\/www.zotcar.com\/blog\/author\/leila-de-zotcar\/\"}]}<\/script>\n<!-- \/ Yoast SEO plugin. -->","yoast_head_json":{"title":"COVID : quelles pr\u00e9cautions prendre pour un voyage en Martinique ? - Zotcar","description":"Direction la Martinique ! mais avant \u00e7a, quelques pr\u00e9cautions li\u00e9es au COVID sont \u00e0 bien prendre en compte avant votre voyage.","robots":{"index":"index","follow":"follow","max-snippet":"max-snippet:-1","max-image-preview":"max-image-preview:large","max-video-preview":"max-video-preview:-1"},"canonical":"https:\/\/www.zotcar.com\/blog\/martinique-covid-voyage\/","og_locale":"fr_FR","og_type":"article","og_title":"COVID : quelles pr\u00e9cautions prendre pour un voyage en Martinique ? - Zotcar","og_description":"Direction la Martinique ! mais avant \u00e7a, quelques pr\u00e9cautions li\u00e9es au COVID sont \u00e0 bien prendre en compte avant votre voyage.","og_url":"https:\/\/www.zotcar.com\/blog\/martinique-covid-voyage\/","og_site_name":"Zotcar","article_publisher":"https:\/\/www.facebook.com\/zotcar\/","article_published_time":"2022-03-28T05:00:48+00:00","article_modified_time":"2023-07-25T11:12:18+00:00","og_image":[{"width":1000,"height":500,"url":"https:\/\/zc-blog.s3.eu-west-1.amazonaws.com\/blog\/wp-content\/uploads\/2022\/03\/19115353\/martinique-covid-voyage.jpg","type":"image\/jpeg"}],"author":"Le\u00efla De Zotcar","twitter_card":"summary_large_image","twitter_creator":"@zotcar974","twitter_site":"@zotcar974","twitter_misc":{"\u00c9crit par":"Le\u00efla De Zotcar","Dur\u00e9e de lecture estim\u00e9e":"5 minutes"},"schema":{"@context":"https:\/\/schema.org","@graph":[{"@type":"WebPage","@id":"https:\/\/www.zotcar.com\/blog\/martinique-covid-voyage\/","url":"https:\/\/www.zotcar.com\/blog\/martinique-covid-voyage\/","name":"COVID : quelles pr\u00e9cautions prendre pour un voyage en Martinique ? - Zotcar","isPartOf":{"@id":"https:\/\/www.zotcar.com\/blog\/#website"},"datePublished":"2022-03-28T05:00:48+00:00","dateModified":"2023-07-25T11:12:18+00:00","author":{"@id":"https:\/\/www.zotcar.com\/blog\/#\/schema\/person\/e5cd6282afe5bef5a9e5268c5a5c3fa1"},"description":"Direction la Martinique ! mais avant \u00e7a, quelques pr\u00e9cautions li\u00e9es au COVID sont \u00e0 bien prendre en compte avant votre voyage.","breadcrumb":{"@id":"https:\/\/www.zotcar.com\/blog\/martinique-covid-voyage\/#breadcrumb"},"inLanguage":"fr-FR","potentialAction":[{"@type":"ReadAction","target":["https:\/\/www.zotcar.com\/blog\/martinique-covid-voyage\/"]}]},{"@type":"BreadcrumbList","@id":"https:\/\/www.zotcar.com\/blog\/martinique-covid-voyage\/#breadcrumb","itemListElement":[{"@type":"ListItem","position":1,"name":"Accueil","item":"https:\/\/www.zotcar.com\/blog\/"},{"@type":"ListItem","position":2,"name":"COVID : quelles pr\u00e9cautions prendre pour un voyage en Martinique ?"}]},{"@type":"WebSite","@id":"https:\/\/www.zotcar.com\/blog\/#website","url":"https:\/\/www.zotcar.com\/blog\/","name":"Zotcar","description":"Blog de Zotcar - Location de voiture entre particuliers \u00e0 La R\u00e9union, en Martinique et en Guadeloupe","potentialAction":[{"@type":"SearchAction","target":{"@type":"EntryPoint","urlTemplate":"https:\/\/www.zotcar.com\/blog\/?s={search_term_string}"},"query-input":"required name=search_term_string"}],"inLanguage":"fr-FR"},{"@type":"Person","@id":"https:\/\/www.zotcar.com\/blog\/#\/schema\/person\/e5cd6282afe5bef5a9e5268c5a5c3fa1","name":"Le\u00efla De Zotcar","image":{"@type":"ImageObject","inLanguage":"fr-FR","@id":"https:\/\/www.zotcar.com\/blog\/#\/schema\/person\/image\/","url":"https:\/\/secure.gravatar.com\/avatar\/f1ff29837afdf729c85bdadabfcc52a3?s=96&d=mm&r=g","contentUrl":"https:\/\/secure.gravatar.com\/avatar\/f1ff29837afdf729c85bdadabfcc52a3?s=96&d=mm&r=g","caption":"Le\u00efla De Zotcar"},"sameAs":["https:\/\/www.zotcar.com"],"url":"https:\/\/www.zotcar.com\/blog\/author\/leila-de-zotcar\/"}]}},"_links":{"self":[{"href":"https:\/\/www.zotcar.com\/blog\/wp-json\/wp\/v2\/posts\/3726"}],"collection":[{"href":"https:\/\/www.zotcar.com\/blog\/wp-json\/wp\/v2\/posts"}],"about":[{"href":"https:\/\/www.zotcar.com\/blog\/wp-json\/wp\/v2\/types\/post"}],"author":[{"embeddable":true,"href":"https:\/\/www.zotcar.com\/blog\/wp-json\/wp\/v2\/users\/16"}],"replies":[{"embeddable":true,"href":"https:\/\/www.zotcar.com\/blog\/wp-json\/wp\/v2\/comments?post=3726"}],"version-history":[{"count":13,"href":"https:\/\/www.zotcar.com\/blog\/wp-json\/wp\/v2\/posts\/3726\/revisions"}],"predecessor-version":[{"id":4143,"href":"https:\/\/www.zotcar.com\/blog\/wp-json\/wp\/v2\/posts\/3726\/revisions\/4143"}],"wp:featuredmedia":[{"embeddable":true,"href":"https:\/\/www.zotcar.com\/blog\/wp-json\/wp\/v2\/media\/3727"}],"wp:attachment":[{"href":"https:\/\/www.zotcar.com\/blog\/wp-json\/wp\/v2\/media?parent=3726"}],"wp:term":[{"taxonomy":"category","embeddable":true,"href":"https:\/\/www.zotcar.com\/blog\/wp-json\/wp\/v2\/categories?post=3726"},{"taxonomy":"post_tag","embeddable":true,"href":"https:\/\/www.zotcar.com\/blog\/wp-json\/wp\/v2\/tags?post=3726"}],"curies":[{"name":"wp","href":"https:\/\/api.w.org\/{rel}","templated":true}]}}