{"id":3941,"date":"2022-04-19T09:26:49","date_gmt":"2022-04-19T05:26:49","guid":{"rendered":"https:\/\/www.zotcar.com\/blog\/?p=3941"},"modified":"2023-07-25T15:18:07","modified_gmt":"2023-07-25T11:18:07","slug":"plage-reunion","status":"publish","type":"post","link":"https:\/\/www.zotcar.com\/blog\/plage-reunion\/","title":{"rendered":"8 plages o\u00f9 se poser sous le soleil de La R\u00e9union"},"content":{"rendered":"<p>Contrairement \u00e0 son \u00eele s\u0153ur, l\u2019\u00eele Maurice, <strong>La R\u00e9union<\/strong> est davantage r\u00e9put\u00e9e pour ses <strong>reliefs escarp\u00e9s et sa nature majestueuse<\/strong> que pour ses <strong>plages<\/strong> paradisiaques. La beaut\u00e9 du littoral r\u00e9unionnais n\u2019est pourtant pas \u00e0 d\u00e9montrer\u2009! Ici, il prend souvent des airs de r\u00e9compense apr\u00e8s avoir <a href=\"https:\/\/www.zotcar.com\/blog\/visiter-la-reunion-en-bus\/\" target=\"_blank\" rel=\"noopener noreferrer\"><span style=\"text-decoration: underline;\"><strong>arpent\u00e9 les routes de l\u2019\u00eele en bus<\/strong><\/span><\/a> ou en <strong><span style=\"text-decoration: underline;\"><a href=\"https:\/\/www.zotcar.com\/location-voiture-reunion\" target=\"_blank\" rel=\"noopener noreferrer\">voiture de location<\/a><\/span><\/strong>, crapahut\u00e9 dans les cirques ou gravi le <strong><span style=\"text-decoration: underline;\"><a href=\"https:\/\/www.zotcar.com\/blog\/piton-de-la-fournaise\/\" target=\"_blank\" rel=\"noopener noreferrer\">volcan du piton de la Fournaise<\/a><\/span><\/strong>.<\/p>\n<p>\nSi l\u2019\u00eele intense regorge de choses \u00e0 voir, hors de question de faire l\u2019impasse sur <strong>la bronzette et la baignade<\/strong>. L\u2019eau cristalline des <strong>bassins<\/strong> en bord de mer et des <strong>lagons<\/strong> prot\u00e9g\u00e9s par la barri\u00e8re de corail ne saurait mieux vous convaincre. Paysages de carte postale, fonds marins color\u00e9s, filaos et cocotiers, laissez-vous guider par notre<strong> panorama des 8 plus belles plages de La R\u00e9union de la c\u00f4te ouest au Sud sauvage<\/strong>.<\/p>\n<p><!--more--><\/p>\n<p>&nbsp;<\/p>\n<h2>1. Boucan Canot : la plus belle plage de La R\u00e9union<\/h2>\n<p>Situ\u00e9e entre le <strong>Cap Lahoussaye<\/strong> et<strong> Saint-Gilles les Bains<\/strong>, <strong>Boucan Canot<\/strong> est une plage appr\u00e9ci\u00e9e pour ses fonds poissonneux et ses <strong>vagues puissantes<\/strong>. Sur la longue \u00e9tendue de sable blanc, vous trouverez beaucoup d\u2019amateurs de <strong>bronzette<\/strong>, de <strong>surfeurs<\/strong> et d\u2019adeptes de <strong>beach-volley<\/strong>.<\/p>\n<p>\nPrudence, la zone de baignade, en pleine mer, est <strong>plus profonde que le lagon<\/strong> et les courants s\u2019av\u00e8rent parfois dangereux. Elle est n\u00e9anmoins prot\u00e9g\u00e9e par<strong> un filet anti-requins<\/strong> et <strong>surveill\u00e9e<\/strong> par des ma\u00eetres nageurs. Les moins t\u00e9m\u00e9raires et les enfants peuvent profiter de la <strong>piscine naturelle form\u00e9e dans les roches volcaniques<\/strong> \u00e0 l\u2019extr\u00e9mit\u00e9 droite du site.<\/p>\n<p>&nbsp;<\/p>\n<table style=\"width: 100%; border-collapse: collapse; border-style: solid; border-color: #32b298;\" border=\"1\">\n<tbody>\n<tr>\n<td style=\"width: 100%;\">\n<p style=\"text-align: center;\"><strong>Le saviez-vous\u2009? Surf et crise requin \u00e0 La R\u00e9union.<\/strong><\/p>\n<p style=\"text-align: center;\">Entre 2011 et 2013, une forte hausse des attaques de requins a forc\u00e9 les autorit\u00e9s \u00e0 interdire la baignade, le surf et le bodyboard, hors des zones s\u00e9curis\u00e9es. La pr\u00e9sence du lagon a naturellement prot\u00e9g\u00e9 les nageurs, mais les surfeurs ont longtemps \u00e9t\u00e9 priv\u00e9s de vagues. Depuis 2021, la discipline reprend vie sur certains spots gr\u00e2ce \u00e0 un dispositif de Vigies Requins Renforc\u00e9es. Renseignez-vous avant de vous mettre \u00e0 l\u2019eau\u2009!<\/p>\n<\/td>\n<\/tr>\n<\/tbody>\n<\/table>\n<p>&nbsp;<\/p>\n<p>&nbsp;<\/p>\n<h2>2. Plage des Roches Noires : soleil et bronzette sur la croisette locale<\/h2>\n<p><img decoding=\"async\" loading=\"lazy\" class=\"aligncenter wp-image-3943 size-full\" src=\"https:\/\/zc-blog.s3.eu-west-1.amazonaws.com\/blog\/wp-content\/uploads\/2022\/04\/15153026\/plage-reunion-roches-noires.jpg\" alt=\"plage reunion - roches noires\" width=\"1000\" height=\"500\" srcset=\"https:\/\/zc-blog.s3.eu-west-1.amazonaws.com\/blog\/wp-content\/uploads\/2022\/04\/15153026\/plage-reunion-roches-noires.jpg 1000w, https:\/\/zc-blog.s3.eu-west-1.amazonaws.com\/blog\/wp-content\/uploads\/2022\/04\/15153026\/plage-reunion-roches-noires-300x150.jpg 300w, https:\/\/zc-blog.s3.eu-west-1.amazonaws.com\/blog\/wp-content\/uploads\/2022\/04\/15153026\/plage-reunion-roches-noires-768x384.jpg 768w\" sizes=\"(max-width: 1000px) 100vw, 1000px\" \/><\/p>\n<p>Face \u00e0 une <strong>esplanade<\/strong> bien am\u00e9nag\u00e9e, remplie de <strong><span style=\"text-decoration: underline;\"><a href=\"https:\/\/www.zotcar.com\/blog\/restaurant-ile-de-la-reunion\/\" target=\"_blank\" rel=\"noopener noreferrer\">bars et restaurants<\/a><\/span><\/strong>\u00a0attrayants, la plage des<strong> Roches Noires<\/strong> est petite, mais mythique. Situ\u00e9e au <strong>c\u0153ur de Saint-Gilles les Bains<\/strong>, la station baln\u00e9aire branch\u00e9e de l\u2019\u00eele, elle est fr\u00e9quent\u00e9e avant tout par <strong>les jeunes de la c\u00f4te ouest<\/strong> qui viennent se dorer au soleil.<\/p>\n<p>Sans barri\u00e8re de corail ni lagon, l\u2019<strong>espace de baignade est surveill\u00e9 en journ\u00e9e<\/strong> et il est prot\u00e9g\u00e9 par<strong> un filet anti-requins<\/strong>. N\u00e9anmoins, les courants sont puissants et il n\u2019y a pas de bassin naturel pour se prot\u00e9ger. <strong>V\u00e9rifiez les drapeaux<\/strong> ou dirigez-vous vers une plage plus s\u00e9curis\u00e9e si vous voulez piquer une t\u00eate\u2009!<\/p>\n<p>&nbsp;<\/p>\n<p>&nbsp;<\/p>\n<h2>3. Plage de l\u2019Hermitage : snorkeling et tortues marines<\/h2>\n<p>Prot\u00e9g\u00e9e par la <strong>barri\u00e8re de corail<\/strong>, la plage de <strong>l\u2019Hermitage<\/strong> est le lieu privil\u00e9gi\u00e9 des <strong>traditionnels pique-niques du dimanche midi<\/strong>. Les familles viennent ici en masse pour profiter de la mer, les pieds dans le sable chaud et <strong>\u00e0 l\u2019ombre des filaos<\/strong>.<\/p>\n<p>En raison de la richesse de la faune et de sa flore, le <strong>r\u00e9cif corallien du lagon<\/strong> est class\u00e9<strong> R\u00e9serve naturelle<\/strong>. C\u2019est un v\u00e9ritable aquarium grandeur nature \u00e0 admirer <strong>en masque et tuba<\/strong>, notamment au niveau de La Passe, en face de l\u2019h\u00f4tel Lux, o\u00f9 il n\u2019est pas rare de croiser des <strong>tortues marines<\/strong>.<\/p>\n<p>&nbsp;<\/p>\n<table style=\"width: 100%; border-collapse: collapse; border-style: solid; border-color: #32b298;\" border=\"1\">\n<tbody>\n<tr>\n<td style=\"width: 100%;\">\n<p style=\"text-align: center;\"><strong>Bon \u00e0 savoir : un sentier d\u00e9couverte dans la r\u00e9serve marine \u00e0 l\u2019Hermitage.<\/strong><\/p>\n<p style=\"text-align: center;\">Toute l\u2019ann\u00e9e, des guides qualifi\u00e9s proposent <strong>gratuitement<\/strong> au grand public de d\u00e9couvrir les richesses et la<strong> fragilit\u00e9 du r\u00e9cif corallien<\/strong>. L\u2019exploration du sentier sous-marin en <strong>snorkeling<\/strong> dans le lagon est un r\u00e9gal pour les yeux. <strong><span style=\"text-decoration: underline;\"><a href=\"https:\/\/www.mairie-saintpaul.re\/\" target=\"_blank\" rel=\"noopener noreferrer\">R\u00e9servez aupr\u00e8s de la mairie de Saint-Paul\u2009!<\/a><\/span><\/strong><\/p>\n<\/td>\n<\/tr>\n<\/tbody>\n<\/table>\n<p>&nbsp;<\/p>\n<p>&nbsp;<\/p>\n<h2>4. Plage du Trou d\u2019Eau : paddle, kayak et coucher de soleil<\/h2>\n<p><img decoding=\"async\" loading=\"lazy\" class=\"aligncenter wp-image-3944 size-full\" src=\"https:\/\/zc-blog.s3.eu-west-1.amazonaws.com\/blog\/wp-content\/uploads\/2022\/04\/15153028\/plage-reunion-trou-deau.jpg\" alt=\"plage reunion - trou d'eau\" width=\"1000\" height=\"500\" srcset=\"https:\/\/zc-blog.s3.eu-west-1.amazonaws.com\/blog\/wp-content\/uploads\/2022\/04\/15153028\/plage-reunion-trou-deau.jpg 1000w, https:\/\/zc-blog.s3.eu-west-1.amazonaws.com\/blog\/wp-content\/uploads\/2022\/04\/15153028\/plage-reunion-trou-deau-300x150.jpg 300w, https:\/\/zc-blog.s3.eu-west-1.amazonaws.com\/blog\/wp-content\/uploads\/2022\/04\/15153028\/plage-reunion-trou-deau-768x384.jpg 768w\" sizes=\"(max-width: 1000px) 100vw, 1000px\" \/><\/p>\n<p>Dans le prolongement de l\u2019Hermitage, la plage de la<strong> Saline-les-Bains<\/strong> se d\u00e9ploie sur une<strong> longue bande de sable blanc<\/strong> bord\u00e9e par les eaux peu profondes du lagon. \u00c0 son extr\u00e9mit\u00e9 sud, la plage de<strong> Trou d\u2019Eau<\/strong> m\u00e9rite vraiment le d\u00e9tour.<\/p>\n<p>Tr\u00e8s appr\u00e9ci\u00e9 des R\u00e9unionnais, ce coin tranquille, mais <strong>non surveill\u00e9<\/strong>, propose une<strong> foule d\u2019activit\u00e9s nautiques<\/strong>. Louez un <strong>paddle<\/strong> ou un <strong>kayak<\/strong> <strong>transparent<\/strong> et assistez \u00e0 un coucher de soleil \u00e9poustouflant sur l\u2019eau turquoise. Et pour bien cl\u00f4turer la journ\u00e9e, passez boire un verre les pieds dans le sable au restaurant de plage l\u2019<a href=\"https:\/\/l-univert.re\/\" target=\"_blank\" rel=\"noopener noreferrer\"><span style=\"text-decoration: underline;\"><strong>Uni-Vert<\/strong><\/span><\/a>. Leurs cocktails sont exquis\u2009!<\/p>\n<p>&nbsp;<\/p>\n<p>&nbsp;<\/p>\n<h2>5. Plage de Saint-Leu : baignade en famille et sieste sous les filaos<\/h2>\n<p>\u00c0 Saint-Leu, il n\u2019y a pas une, mais <strong>deux plages<\/strong>, toutes <strong>surveill\u00e9es.<\/strong> Elles sont parfaites pour la <strong>baignade<\/strong> et les <strong>sorties en famille<\/strong>. Sur la plage du centre-ville, pas de filaos, alors n\u2019oubliez pas votre parasol pour vous prot\u00e9ger du soleil qui tape fort dans l\u2019ouest de La R\u00e9union.<\/p>\n<p>La plage de la <strong>citerne 46<\/strong>, situ\u00e9e \u00e0 la sortie de la ville, est, au contraire, tr\u00e8s arbor\u00e9e. Attention, ses tables de pique-nique sont souvent prises d\u2019assaut par les familles le week-end. Les journ\u00e9es dans le lagon se terminent g\u00e9n\u00e9ralement dans un des nombreux <strong>rondavelles<\/strong> ou<strong> bars de plage<\/strong> du front de mer. Une dodo, la c\u00e9l\u00e8bre <strong>bi\u00e8re* locale<\/strong>, \u00e0 la main, vous pourrez admirer un majestueux<strong> coucher de soleil<\/strong>.<\/p>\n<p>&nbsp;<\/p>\n<table style=\"width: 100%; border-collapse: collapse; border-style: solid; border-color: #32b298;\" border=\"1\">\n<tbody>\n<tr>\n<td style=\"width: 100%;\">\n<p style=\"text-align: center;\"><strong>Bon plan : le secret bien gard\u00e9 de la Pointe au Sel<\/strong><\/p>\n<p style=\"text-align: center;\">Vous r\u00eavez d\u2019une plage sauvage et (presque) d\u00e9serte\u2009? Rendez-vous \u00e0 la<strong> Pointe au Sel\u2009<\/strong>! Vous y trouverez une <strong>petite crique<\/strong> de sable blanc \u00e0 l\u2019abri des regards. En contrebas des falaises basaltiques, les eaux limpides du <strong>Bassin Caverne<\/strong> vous invitent \u00e0 faire trempette dans un d\u00e9cor inoubliable.<\/p>\n<\/td>\n<\/tr>\n<\/tbody>\n<\/table>\n<p>&nbsp;<\/p>\n<p>&nbsp;<\/p>\n<h2>6. Bassin Pirogue : un demi-lagon singulier \u00e0 l\u2019\u00c9tang Sal\u00e9<\/h2>\n<figure id=\"attachment_3946\" aria-describedby=\"caption-attachment-3946\" style=\"width: 1000px\" class=\"wp-caption aligncenter\"><img decoding=\"async\" loading=\"lazy\" class=\"wp-image-3946 size-full\" src=\"https:\/\/zc-blog.s3.eu-west-1.amazonaws.com\/blog\/wp-content\/uploads\/2022\/04\/15154712\/plage-reunion-bassin-pirogue-Il-y-eut-un-matin.jpg\" alt=\"plage reunion - bassin pirogue\" width=\"1000\" height=\"500\" srcset=\"https:\/\/zc-blog.s3.eu-west-1.amazonaws.com\/blog\/wp-content\/uploads\/2022\/04\/15154712\/plage-reunion-bassin-pirogue-Il-y-eut-un-matin.jpg 1000w, https:\/\/zc-blog.s3.eu-west-1.amazonaws.com\/blog\/wp-content\/uploads\/2022\/04\/15154712\/plage-reunion-bassin-pirogue-Il-y-eut-un-matin-300x150.jpg 300w, https:\/\/zc-blog.s3.eu-west-1.amazonaws.com\/blog\/wp-content\/uploads\/2022\/04\/15154712\/plage-reunion-bassin-pirogue-Il-y-eut-un-matin-768x384.jpg 768w\" sizes=\"(max-width: 1000px) 100vw, 1000px\" \/><figcaption id=\"caption-attachment-3946\" class=\"wp-caption-text\">\u00a9 Il y eut un matin<\/figcaption><\/figure>\n<p>La plage de L\u2019<strong>\u00c9tang-Sal\u00e9<\/strong> est l\u2019une des seules plages de <strong>sable noires<\/strong> de La R\u00e9union, ce qui lui conf\u00e8re un charme sauvage. Situ\u00e9e entre l\u2019Ouest et le sud de l\u2019\u00eele, elle est <strong>bord\u00e9e d\u2019une large bande de Filaos<\/strong>. En absence de lagon, un <strong>filet anti-squale a \u00e9t\u00e9 install\u00e9<\/strong> et la baignade est interdite hors de ses limites.<\/p>\n<p>Une autre zone am\u00e9nag\u00e9e, nomm\u00e9e <strong>Bassin Pirogue<\/strong>, \u00e0 la sortie du port de p\u00eache, est prot\u00e9g\u00e9e en partie par <strong>une barri\u00e8re de corail<\/strong>. Ce spot de snorkeling singulier est propice \u00e0 l\u2019<strong>observation des fonds marins<\/strong>. Attention, sous le soleil ardent, le sable devient br\u00fblant : n\u2019oubliez pas vos chaussures de plage\u2009!<\/p>\n<p>&nbsp;<\/p>\n<p>&nbsp;<\/p>\n<h2>7. Plage de Saint-Pierre : natation et sports nautiques en centre-ville<\/h2>\n<p>La particularit\u00e9 de la <strong>plage de Saint-Pierre<\/strong> est qu\u2019elle se trouve en <strong>plein centre-ville<\/strong> face \u00e0 un front de mer calme et arbor\u00e9. Les familles sont nombreuses \u00e0 se pr\u00e9lasser sur la vaste \u00e9tendue de sable blanc. Les enfants peuvent <strong>barboter sans danger dans ce lagon<\/strong> \u00e9quip\u00e9 d\u2019un poste de <strong>surveillance<\/strong> et de douches am\u00e9nag\u00e9es.<\/p>\n<p>Tout au long de la journ\u00e9e et en particulier le matin, les sportifs profitent de ce terrain de jeu \u00e0 ciel ouvert pour faire leurs longueurs ou du jogging sur la plage. Un peu plus loin au Nord, face au <strong>quartier de Ravine Blanche<\/strong>, les adeptes de <strong>kitesurf<\/strong> et de <strong>planche \u00e0 voile<\/strong> s\u2019en donnent \u00e0 c\u0153ur joie. Il faut dire que cette partie de l\u2019\u00eele est particuli\u00e8rement venteuse.<\/p>\n<p>&nbsp;<\/p>\n<p>&nbsp;<\/p>\n<h2>8. Plage de Grande Anse : s\u00e9ance photo sous les cocotiers<\/h2>\n<p><img decoding=\"async\" loading=\"lazy\" class=\"aligncenter wp-image-3947 size-full\" src=\"https:\/\/zc-blog.s3.eu-west-1.amazonaws.com\/blog\/wp-content\/uploads\/2022\/04\/15155317\/plage-reunion-grande-anse.jpg\" alt=\"plage reunion - grande anse\" width=\"1000\" height=\"500\" srcset=\"https:\/\/zc-blog.s3.eu-west-1.amazonaws.com\/blog\/wp-content\/uploads\/2022\/04\/15155317\/plage-reunion-grande-anse.jpg 1000w, https:\/\/zc-blog.s3.eu-west-1.amazonaws.com\/blog\/wp-content\/uploads\/2022\/04\/15155317\/plage-reunion-grande-anse-300x150.jpg 300w, https:\/\/zc-blog.s3.eu-west-1.amazonaws.com\/blog\/wp-content\/uploads\/2022\/04\/15155317\/plage-reunion-grande-anse-768x384.jpg 768w\" sizes=\"(max-width: 1000px) 100vw, 1000px\" \/><\/p>\n<p>Avec son paysage de <strong>carte postale<\/strong>, la plage de<strong> Grande Anse<\/strong> \u00e0 Petite-\u00cele fait partie des<strong> 10 plus belles plages de France<\/strong>. La photog\u00e9nie du sable blanc et des cocotiers dans un d\u00e9cor de montagnes luxuriantes ne laisse personne indiff\u00e9rent.<\/p>\n<p>Locaux et touristes ne peuvent s\u2019emp\u00eacher de <strong>capturer la beaut\u00e9 environnante.<\/strong> Si vous ne r\u00e9sistez pas \u00e0 l\u2019appel des eaux cristallines : un bassin prot\u00e9g\u00e9 par des rochers a \u00e9t\u00e9 <strong>am\u00e9nag\u00e9<\/strong> \u00e0 l\u2019extr\u00e9mit\u00e9 sud de la plage.<\/p>\n<p>&nbsp;<\/p>\n<table style=\"width: 100%; border-collapse: collapse; border-style: solid; border-color: #32b298;\" border=\"1\">\n<tbody>\n<tr>\n<td style=\"width: 100%;\">\n<p style=\"text-align: center;\"><strong>Bon plan : profitez de la vue panoramique du Palm Hotel et Spa\u2009!<\/strong><\/p>\n<p style=\"text-align: center;\">Blotti dans la nature opulente de<strong> Grande Anse<\/strong>, le <span style=\"text-decoration: underline;\"><a href=\"https:\/\/palm.re\/\" target=\"_blank\" rel=\"noopener noreferrer\"><strong>Palm Hotel et Spa<\/strong><\/a><\/span> est \u00ab\u2009the place to be\u2009\u00bb aux portes du sud sauvage. Situ\u00e9 sur les hauteurs <strong>entre mer et jungle<\/strong>, cet \u00e9crin de verdure tropical dot\u00e9 d\u2019une pure architecture cr\u00e9ole offre un panorama \u00e0 couper le souffle.<\/p>\n<\/td>\n<\/tr>\n<\/tbody>\n<\/table>\n<p>&nbsp;<\/p>\n<p>&nbsp;<\/p>\n<hr \/>\n<p>Ce panorama des<strong> 8 plus belles plages de La R\u00e9union est une s\u00e9lection limit\u00e9e<\/strong> : l\u2019\u00eele regorge de <strong>criques sauvages<\/strong> et peu fr\u00e9quent\u00e9es accessibles en <a href=\"https:\/\/www.zotcar.com\/location-voiture-reunion\" target=\"_blank\" rel=\"noopener noreferrer\"><span style=\"text-decoration: underline;\"><strong>voiture de location<\/strong><\/span><\/a>.<\/p>\n<p>V\u00e9rifiez toujours si la <strong>baignade est autoris\u00e9e<\/strong> et observez autour de vous avant de vous baigner. Si vous ne voyez personne dans l\u2019eau, il y a probablement une raison : <strong>en dehors du lagon, l\u2019oc\u00e9an Indien n\u2019est pas de tout repos\u2009! <\/strong><\/p>\n<p>Pour vos d\u00e9placements en voiture, Zotcar est pr\u00e9sent dans les villes de <a href=\"https:\/\/www.zotcar.com\/location-voiture-saint-pierre-reunion\" target=\"_blank\" rel=\"noopener noreferrer\"><span style=\"text-decoration: underline;\"><strong>Saint-Pierre<\/strong><\/span><\/a>, <a href=\"https:\/\/www.zotcar.com\/location-voiture-saint-denis-reunion\" target=\"_blank\" rel=\"noopener noreferrer\"><span style=\"text-decoration: underline;\"><strong>Saint-Denis<\/strong><\/span><\/a>, <span style=\"text-decoration: underline;\"><strong><a href=\"https:\/\/www.zotcar.com\/location-voiture-saint-paul-reunion\" target=\"_blank\" rel=\"noopener noreferrer\">Saint-Paul<\/a><\/strong><\/span> et \u00e0 l\u2019<span style=\"text-decoration: underline;\"><strong><a href=\"https:\/\/www.zotcar.com\/location-voiture-aeroport-reunion\" target=\"_blank\" rel=\"noopener noreferrer\">a\u00e9roport de La R\u00e9union<\/a><\/strong><\/span>.<\/p>\n<p>&nbsp;<\/p>\n<p style=\"text-align: center;\"><a class=\"btn btn-primary bg-main bold fs14 c-white h50 center block w400\" href=\"https:\/\/www.zotcar.com\/location-voiture-reunion\" target=\"_blank\" rel=\"noopener noreferrer\">Louer une voiture sur Zotcar<\/a><\/p>\n<p>&nbsp;<\/p>\n<p><em>* L&rsquo;abus d&rsquo;alcool est dangereux pour la sant\u00e9, \u00e0 consommer avec mod\u00e9ration.<\/em><\/p>\n","protected":false},"excerpt":{"rendered":"<p>Contrairement \u00e0 son \u00eele s\u0153ur, l\u2019\u00eele Maurice, La R\u00e9union est davantage r\u00e9put\u00e9e pour ses reliefs escarp\u00e9s et sa nature majestueuse que pour ses plages paradisiaques. La beaut\u00e9 du littoral r\u00e9unionnais n\u2019est pourtant pas \u00e0 d\u00e9montrer\u2009! Ici, il prend souvent des airs de r\u00e9compense apr\u00e8s avoir arpent\u00e9 les routes de l\u2019\u00eele en bus ou en voiture [&hellip;]<\/p>\n","protected":false},"author":1,"featured_media":3945,"comment_status":"open","ping_status":"open","sticky":false,"template":"","format":"standard","meta":{"footnotes":"","_wpscppro_dont_share_socialmedia":false,"_wpscppro_custom_social_share_image":0},"categories":[22,24],"tags":[],"acf":[],"yoast_head":"<!-- This site is optimized with the Yoast SEO plugin v21.5 - https:\/\/yoast.com\/wordpress\/plugins\/seo\/ -->\n<title>8 plages o\u00f9 se poser sous le soleil de La R\u00e9union - Zotcar<\/title>\n<meta name=\"description\" content=\"Un petit tour d&#039;horizon des 8 plus belles plages de La R\u00e9union ? De la c\u00f4te ouest au sud, d\u00e9couvrez notre s\u00e9lection dans cet article !\" \/>\n<meta name=\"robots\" content=\"index, follow, max-snippet:-1, max-image-preview:large, max-video-preview:-1\" \/>\n<link rel=\"canonical\" href=\"https:\/\/www.zotcar.com\/blog\/plage-reunion\/\" \/>\n<meta property=\"og:locale\" content=\"fr_FR\" \/>\n<meta property=\"og:type\" content=\"article\" \/>\n<meta property=\"og:title\" content=\"8 plages o\u00f9 se poser sous le soleil de La R\u00e9union - Zotcar\" \/>\n<meta property=\"og:description\" content=\"Un petit tour d&#039;horizon des 8 plus belles plages de La R\u00e9union ? De la c\u00f4te ouest au sud, d\u00e9couvrez notre s\u00e9lection dans cet article !\" \/>\n<meta property=\"og:url\" content=\"https:\/\/www.zotcar.com\/blog\/plage-reunion\/\" \/>\n<meta property=\"og:site_name\" content=\"Zotcar\" \/>\n<meta property=\"article:publisher\" content=\"https:\/\/www.facebook.com\/zotcar\/\" \/>\n<meta property=\"article:author\" content=\"https:\/\/www.facebook.com\/zotcar\/\" \/>\n<meta property=\"article:published_time\" content=\"2022-04-19T05:26:49+00:00\" \/>\n<meta property=\"article:modified_time\" content=\"2023-07-25T11:18:07+00:00\" \/>\n<meta property=\"og:image\" content=\"https:\/\/zc-blog.s3.eu-west-1.amazonaws.com\/blog\/wp-content\/uploads\/2022\/04\/15153030\/plage-reunion.jpg\" \/>\n\t<meta property=\"og:image:width\" content=\"1000\" \/>\n\t<meta property=\"og:image:height\" content=\"500\" \/>\n\t<meta property=\"og:image:type\" content=\"image\/jpeg\" \/>\n<meta name=\"author\" content=\"michel\" \/>\n<meta name=\"twitter:card\" content=\"summary_large_image\" \/>\n<meta name=\"twitter:creator\" content=\"@zotcar974\" \/>\n<meta name=\"twitter:site\" content=\"@zotcar974\" \/>\n<meta name=\"twitter:label1\" content=\"\u00c9crit par\" \/>\n\t<meta name=\"twitter:data1\" content=\"michel\" \/>\n\t<meta name=\"twitter:label2\" content=\"Dur\u00e9e de lecture estim\u00e9e\" \/>\n\t<meta name=\"twitter:data2\" content=\"8 minutes\" \/>\n<script type=\"application\/ld+json\" class=\"yoast-schema-graph\">{\"@context\":\"https:\/\/schema.org\",\"@graph\":[{\"@type\":\"WebPage\",\"@id\":\"https:\/\/www.zotcar.com\/blog\/plage-reunion\/\",\"url\":\"https:\/\/www.zotcar.com\/blog\/plage-reunion\/\",\"name\":\"8 plages o\u00f9 se poser sous le soleil de La R\u00e9union - Zotcar\",\"isPartOf\":{\"@id\":\"https:\/\/www.zotcar.com\/blog\/#website\"},\"datePublished\":\"2022-04-19T05:26:49+00:00\",\"dateModified\":\"2023-07-25T11:18:07+00:00\",\"author\":{\"@id\":\"https:\/\/www.zotcar.com\/blog\/#\/schema\/person\/e605c8a3aa6efa4eb7967d86e8a6a657\"},\"description\":\"Un petit tour d'horizon des 8 plus belles plages de La R\u00e9union ? De la c\u00f4te ouest au sud, d\u00e9couvrez notre s\u00e9lection dans cet article !\",\"breadcrumb\":{\"@id\":\"https:\/\/www.zotcar.com\/blog\/plage-reunion\/#breadcrumb\"},\"inLanguage\":\"fr-FR\",\"potentialAction\":[{\"@type\":\"ReadAction\",\"target\":[\"https:\/\/www.zotcar.com\/blog\/plage-reunion\/\"]}]},{\"@type\":\"BreadcrumbList\",\"@id\":\"https:\/\/www.zotcar.com\/blog\/plage-reunion\/#breadcrumb\",\"itemListElement\":[{\"@type\":\"ListItem\",\"position\":1,\"name\":\"Accueil\",\"item\":\"https:\/\/www.zotcar.com\/blog\/\"},{\"@type\":\"ListItem\",\"position\":2,\"name\":\"8 plages o\u00f9 se poser sous le soleil de La R\u00e9union\"}]},{\"@type\":\"WebSite\",\"@id\":\"https:\/\/www.zotcar.com\/blog\/#website\",\"url\":\"https:\/\/www.zotcar.com\/blog\/\",\"name\":\"Zotcar\",\"description\":\"Blog de Zotcar - Location de voiture entre particuliers \u00e0 La R\u00e9union, en Martinique et en Guadeloupe\",\"potentialAction\":[{\"@type\":\"SearchAction\",\"target\":{\"@type\":\"EntryPoint\",\"urlTemplate\":\"https:\/\/www.zotcar.com\/blog\/?s={search_term_string}\"},\"query-input\":\"required name=search_term_string\"}],\"inLanguage\":\"fr-FR\"},{\"@type\":\"Person\",\"@id\":\"https:\/\/www.zotcar.com\/blog\/#\/schema\/person\/e605c8a3aa6efa4eb7967d86e8a6a657\",\"name\":\"michel\",\"image\":{\"@type\":\"ImageObject\",\"inLanguage\":\"fr-FR\",\"@id\":\"https:\/\/www.zotcar.com\/blog\/#\/schema\/person\/image\/\",\"url\":\"https:\/\/secure.gravatar.com\/avatar\/cfc7629b21c96d13c82cc526e7cf0ea4?s=96&d=mm&r=g\",\"contentUrl\":\"https:\/\/secure.gravatar.com\/avatar\/cfc7629b21c96d13c82cc526e7cf0ea4?s=96&d=mm&r=g\",\"caption\":\"michel\"},\"description\":\"Michel, fondateur de Zotcar, est un entrepreneur de nature. Ses exp\u00e9riences professionnelles dans les start-up parisiennes l\u2019ont conduit \u00e0 d\u00e9velopper Zotcar, leader de la location de voiture entre particuliers \u00e0 La R\u00e9union. Passionn\u00e9 de trail, il adore parcourir les sentiers de notre belle \u00eele !\",\"sameAs\":[\"https:\/\/www.zotcar.com\",\"https:\/\/www.facebook.com\/zotcar\/\",\"https:\/\/www.instagram.com\/zotcar\/\",\"https:\/\/www.linkedin.com\/company\/10668298\",\"https:\/\/twitter.com\/zotcar974\"],\"url\":\"https:\/\/www.zotcar.com\/blog\/author\/michel\/\"}]}<\/script>\n<!-- \/ Yoast SEO plugin. -->","yoast_head_json":{"title":"8 plages o\u00f9 se poser sous le soleil de La R\u00e9union - Zotcar","description":"Un petit tour d'horizon des 8 plus belles plages de La R\u00e9union ? De la c\u00f4te ouest au sud, d\u00e9couvrez notre s\u00e9lection dans cet article !","robots":{"index":"index","follow":"follow","max-snippet":"max-snippet:-1","max-image-preview":"max-image-preview:large","max-video-preview":"max-video-preview:-1"},"canonical":"https:\/\/www.zotcar.com\/blog\/plage-reunion\/","og_locale":"fr_FR","og_type":"article","og_title":"8 plages o\u00f9 se poser sous le soleil de La R\u00e9union - Zotcar","og_description":"Un petit tour d'horizon des 8 plus belles plages de La R\u00e9union ? De la c\u00f4te ouest au sud, d\u00e9couvrez notre s\u00e9lection dans cet article !","og_url":"https:\/\/www.zotcar.com\/blog\/plage-reunion\/","og_site_name":"Zotcar","article_publisher":"https:\/\/www.facebook.com\/zotcar\/","article_author":"https:\/\/www.facebook.com\/zotcar\/","article_published_time":"2022-04-19T05:26:49+00:00","article_modified_time":"2023-07-25T11:18:07+00:00","og_image":[{"width":1000,"height":500,"url":"https:\/\/zc-blog.s3.eu-west-1.amazonaws.com\/blog\/wp-content\/uploads\/2022\/04\/15153030\/plage-reunion.jpg","type":"image\/jpeg"}],"author":"michel","twitter_card":"summary_large_image","twitter_creator":"@zotcar974","twitter_site":"@zotcar974","twitter_misc":{"\u00c9crit par":"michel","Dur\u00e9e de lecture estim\u00e9e":"8 minutes"},"schema":{"@context":"https:\/\/schema.org","@graph":[{"@type":"WebPage","@id":"https:\/\/www.zotcar.com\/blog\/plage-reunion\/","url":"https:\/\/www.zotcar.com\/blog\/plage-reunion\/","name":"8 plages o\u00f9 se poser sous le soleil de La R\u00e9union - Zotcar","isPartOf":{"@id":"https:\/\/www.zotcar.com\/blog\/#website"},"datePublished":"2022-04-19T05:26:49+00:00","dateModified":"2023-07-25T11:18:07+00:00","author":{"@id":"https:\/\/www.zotcar.com\/blog\/#\/schema\/person\/e605c8a3aa6efa4eb7967d86e8a6a657"},"description":"Un petit tour d'horizon des 8 plus belles plages de La R\u00e9union ? De la c\u00f4te ouest au sud, d\u00e9couvrez notre s\u00e9lection dans cet article !","breadcrumb":{"@id":"https:\/\/www.zotcar.com\/blog\/plage-reunion\/#breadcrumb"},"inLanguage":"fr-FR","potentialAction":[{"@type":"ReadAction","target":["https:\/\/www.zotcar.com\/blog\/plage-reunion\/"]}]},{"@type":"BreadcrumbList","@id":"https:\/\/www.zotcar.com\/blog\/plage-reunion\/#breadcrumb","itemListElement":[{"@type":"ListItem","position":1,"name":"Accueil","item":"https:\/\/www.zotcar.com\/blog\/"},{"@type":"ListItem","position":2,"name":"8 plages o\u00f9 se poser sous le soleil de La R\u00e9union"}]},{"@type":"WebSite","@id":"https:\/\/www.zotcar.com\/blog\/#website","url":"https:\/\/www.zotcar.com\/blog\/","name":"Zotcar","description":"Blog de Zotcar - Location de voiture entre particuliers \u00e0 La R\u00e9union, en Martinique et en Guadeloupe","potentialAction":[{"@type":"SearchAction","target":{"@type":"EntryPoint","urlTemplate":"https:\/\/www.zotcar.com\/blog\/?s={search_term_string}"},"query-input":"required name=search_term_string"}],"inLanguage":"fr-FR"},{"@type":"Person","@id":"https:\/\/www.zotcar.com\/blog\/#\/schema\/person\/e605c8a3aa6efa4eb7967d86e8a6a657","name":"michel","image":{"@type":"ImageObject","inLanguage":"fr-FR","@id":"https:\/\/www.zotcar.com\/blog\/#\/schema\/person\/image\/","url":"https:\/\/secure.gravatar.com\/avatar\/cfc7629b21c96d13c82cc526e7cf0ea4?s=96&d=mm&r=g","contentUrl":"https:\/\/secure.gravatar.com\/avatar\/cfc7629b21c96d13c82cc526e7cf0ea4?s=96&d=mm&r=g","caption":"michel"},"description":"Michel, fondateur de Zotcar, est un entrepreneur de nature. Ses exp\u00e9riences professionnelles dans les start-up parisiennes l\u2019ont conduit \u00e0 d\u00e9velopper Zotcar, leader de la location de voiture entre particuliers \u00e0 La R\u00e9union. Passionn\u00e9 de trail, il adore parcourir les sentiers de notre belle \u00eele !","sameAs":["https:\/\/www.zotcar.com","https:\/\/www.facebook.com\/zotcar\/","https:\/\/www.instagram.com\/zotcar\/","https:\/\/www.linkedin.com\/company\/10668298","https:\/\/twitter.com\/zotcar974"],"url":"https:\/\/www.zotcar.com\/blog\/author\/michel\/"}]}},"_links":{"self":[{"href":"https:\/\/www.zotcar.com\/blog\/wp-json\/wp\/v2\/posts\/3941"}],"collection":[{"href":"https:\/\/www.zotcar.com\/blog\/wp-json\/wp\/v2\/posts"}],"about":[{"href":"https:\/\/www.zotcar.com\/blog\/wp-json\/wp\/v2\/types\/post"}],"author":[{"embeddable":true,"href":"https:\/\/www.zotcar.com\/blog\/wp-json\/wp\/v2\/users\/1"}],"replies":[{"embeddable":true,"href":"https:\/\/www.zotcar.com\/blog\/wp-json\/wp\/v2\/comments?post=3941"}],"version-history":[{"count":7,"href":"https:\/\/www.zotcar.com\/blog\/wp-json\/wp\/v2\/posts\/3941\/revisions"}],"predecessor-version":[{"id":4097,"href":"https:\/\/www.zotcar.com\/blog\/wp-json\/wp\/v2\/posts\/3941\/revisions\/4097"}],"wp:featuredmedia":[{"embeddable":true,"href":"https:\/\/www.zotcar.com\/blog\/wp-json\/wp\/v2\/media\/3945"}],"wp:attachment":[{"href":"https:\/\/www.zotcar.com\/blog\/wp-json\/wp\/v2\/media?parent=3941"}],"wp:term":[{"taxonomy":"category","embeddable":true,"href":"https:\/\/www.zotcar.com\/blog\/wp-json\/wp\/v2\/categories?post=3941"},{"taxonomy":"post_tag","embeddable":true,"href":"https:\/\/www.zotcar.com\/blog\/wp-json\/wp\/v2\/tags?post=3941"}],"curies":[{"name":"wp","href":"https:\/\/api.w.org\/{rel}","templated":true}]}}