{"id":5699,"date":"2024-11-21T00:49:47","date_gmt":"2024-11-20T20:49:47","guid":{"rendered":"https:\/\/www.zotcar.com\/blog\/?p=5699"},"modified":"2024-11-21T01:03:22","modified_gmt":"2024-11-20T21:03:22","slug":"quelle-est-la-bonne-periode-pour-partir-a-la-reunion","status":"publish","type":"post","link":"https:\/\/www.zotcar.com\/blog\/quelle-est-la-bonne-periode-pour-partir-a-la-reunion\/","title":{"rendered":"Quelle est la bonne p\u00e9riode pour partir \u00e0 La R\u00e9union ?"},"content":{"rendered":"<p><span style=\"font-weight: 400;\">La R\u00e9union attire chaque ann\u00e9e des <strong>centaines de milliers de touristes<\/strong>. Des voyageurs en qu\u00eate de soleil, d&rsquo;aventures et de paysages \u00e0 couper le souffle. Mais quelle est la meilleure p\u00e9riode pour profiter pleinement de tout ce que l&rsquo;\u00eele a \u00e0 offrir ? Entre diversit\u00e9 climatique, \u00e9v\u00e8nements culturels et activit\u00e9s saisonni\u00e8res, nous vous proposons dans cet article de faire le tour du calendrier et ainsi faciliter votre choix.\u00a0<\/span><\/p>\n<p>&nbsp;<\/p>\n<p><!--more--><\/p>\n<h2><span style=\"font-weight: 400;\">Quel est le climat r\u00e9unionnais ?\u00a0<\/span><\/h2>\n<p><span style=\"font-weight: 400;\">\u00cele tropicale oblige, le <strong>climat r\u00e9unionnais<\/strong> est des plus agr\u00e9ables et ce, quelle que soit la p\u00e9riode de l&rsquo;ann\u00e9e. On distingue cependant <strong>deux saisons<\/strong> :<\/span><\/p>\n<p>&nbsp;<\/p>\n<h3><span style=\"font-weight: 400;\">La saison chaude et humide (novembre \u00e0 avril)<\/span><\/h3>\n<p><span style=\"font-weight: 400;\">Avec l&rsquo;\u00e9t\u00e9 austral, les temp\u00e9ratures avoisinent en moyenne les 25-30\u00b0 avec des <strong>pics de chaleur<\/strong> localis\u00e9s sur le littoral et un l\u00e9ger rafra\u00eechissement dans les hauteurs. Cette p\u00e9riode est donc id\u00e9ale pour profiter du lagon qui offre \u00e0 ces p\u00e9riodes de l\u2019ann\u00e9e une eau transparente et particuli\u00e8rement chaude. Cr\u00e8me solaire indispensable !<\/span><\/p>\n<p><span style=\"font-weight: 400;\">Mais cette saison est aussi celle des <a href=\"https:\/\/www.zotcar.com\/blog\/cyclone-reunion-location-voiture\/\">cyclones<\/a>. Bien que les ph\u00e9nom\u00e8nes restent relativement rares, vous n&rsquo;\u00eates pas \u00e0 l&rsquo;abri de vivre une petite <strong>alerte rouge<\/strong> qui vous obligera \u00e0 rester confin\u00e9 quelques heures. C\u00f4t\u00e9 pluies, elles sont aussi de saison mais ne durent jamais trop longtemps (on est loin de la mousson que l&rsquo;on peut observer en Asie par exemple).\u00a0<\/span><\/p>\n<p>&nbsp;<\/p>\n<p><img decoding=\"async\" loading=\"lazy\" class=\"alignnone  wp-image-3434\" src=\"https:\/\/zc-blog.s3.eu-west-1.amazonaws.com\/blog\/wp-content\/uploads\/2021\/10\/27111408\/spot-garer-voiture-reunion-foret-300x150.jpg\" alt=\"spot garer voiture reunion foret\" width=\"1596\" height=\"798\" srcset=\"https:\/\/zc-blog.s3.eu-west-1.amazonaws.com\/blog\/wp-content\/uploads\/2021\/10\/27111408\/spot-garer-voiture-reunion-foret-300x150.jpg 300w, https:\/\/zc-blog.s3.eu-west-1.amazonaws.com\/blog\/wp-content\/uploads\/2021\/10\/27111408\/spot-garer-voiture-reunion-foret-768x384.jpg 768w, https:\/\/zc-blog.s3.eu-west-1.amazonaws.com\/blog\/wp-content\/uploads\/2021\/10\/27111408\/spot-garer-voiture-reunion-foret.jpg 1000w\" sizes=\"(max-width: 1596px) 100vw, 1596px\" \/><\/p>\n<p>&nbsp;<\/p>\n<h3><span style=\"font-weight: 400;\">La saison fra\u00eeche et s\u00e8che (mai \u00e0 octobre)<\/span><\/h3>\n<p><span style=\"font-weight: 400;\">Avec l&rsquo;<strong>hiver austral<\/strong>, les temp\u00e9ratures descendent de mani\u00e8re assez franche. En moyenne, il fait aux alentours de 20-25 degr\u00e9s en journ\u00e9e, idem pour la temp\u00e9rature du lagon. En revanche, plus on monte en altitude et plus les degr\u00e9s descendent. Il n&rsquo;est pas rare d&rsquo;observer sur le thermom\u00e8tre 2-3\u00b0 au Ma\u00efdo, au Volcan ou encore dans <a href=\"https:\/\/www.zotcar.com\/blog\/mafate\/\">Mafate<\/a>. C&rsquo;est aussi une <strong>p\u00e9riode s\u00e8che<\/strong> avec tr\u00e8s peu de pr\u00e9cipitations et un ciel bleu qui pr\u00e9domine.\u00a0<\/span><\/p>\n<p><i><span style=\"font-weight: 400;\">\u00c0 noter qu\u2019\u00e0 la R\u00e9union, vous serez forc\u00e9ment surpris par le nombre de microclimats. Il en existe plus de 200 ! Entre les c\u00f4tes, les mi-pentes, les montagnes, les ravines, les plateaux\u2026dans la journ\u00e9e, vous pouvez passer de la pluie tropicale au grand ciel bleu en l\u2019espace de quelques m\u00e8tres et quelques minutes (v\u00e9ridique!). Alors m\u00eame si vous optez pour l\u2019une ou l\u2019autre saison, vous vivrez forc\u00e9ment diff\u00e9rentes temp\u00e9ratures.\u00a0<\/span><\/i><\/p>\n<p>&nbsp;<\/p>\n<p><a class=\"btn btn-primary bg-main bold fs14 c-white h50 center block w400\" href=\"https:\/\/www.zotcar.com\/location-voiture-reunion\">Louer une voiture \u00e0 La R\u00e9union<\/a><\/p>\n<p>&nbsp;<\/p>\n<h2><span style=\"font-weight: 400;\">Quand partir pour pas cher \u00e0 la R\u00e9union ?\u00a0<\/span><\/h2>\n<p><span style=\"font-weight: 400;\">Comme pour toutes les destinations de vacances, il existe une haute et une basse saison \u00e0 la R\u00e9union qui correspondent aux <strong>p\u00e9riodes de vacances<\/strong> et aux temp\u00e9ratures !<\/span><\/p>\n<p><span style=\"font-weight: 400;\">Pour profiter de prix plus avantageux, nous vous conseillons de miser sur l&rsquo;arri\u00e8re-saison, c&rsquo;est-\u00e0-dire les mois de mai, juin et septembre.\u00a0<\/span><\/p>\n<p><span style=\"font-weight: 400;\">Les mois les plus convoit\u00e9s mais aussi les plus chers en termes de <strong>billets d&rsquo;avion<\/strong> sont les mois d&rsquo;octobre, d\u00e9cembre et janvier.\u00a0<\/span><\/p>\n<p>&nbsp;<\/p>\n<h3><span style=\"font-weight: 400;\">Des activit\u00e9s en fonction des saisons\u00a0<\/span><\/h3>\n<p><span style=\"font-weight: 400;\">La R\u00e9union offre des exp\u00e9riences uniques aux visiteurs de passage. Ici, <strong>activit\u00e9s nautiques<\/strong> (plong\u00e9e sous-marine, paddle, jet ski, kayak transparent&#8230;) et <a href=\"https:\/\/www.zotcar.com\/blog\/randonnee-la-reunion\/\">randonn\u00e9es en montagne<\/a> se pratiquent tout au long de l&rsquo;ann\u00e9e. Bien entendu, la saison chaude sera forc\u00e9ment plus plaisante pour appr\u00e9cier le lagon et la saison fra\u00eeche plus agr\u00e9able pour parcourir l&rsquo;int\u00e9rieur de l&rsquo;\u00eele sereinement et partir \u00e0 la conqu\u00eate de ses points de vue \u00e0 couper le souffle.<\/span><\/p>\n<p><span style=\"font-weight: 400;\">Quelles que soient vos dates, vous pourrez vous immerger dans une <strong>culture locale<\/strong> extr\u00eamement riche et assister \u00e0 des \u00e9v\u00e8nements majeurs. En voici quelque-uns :\u00a0<\/span><\/p>\n<p>&nbsp;<\/p>\n<h4><strong>Janvier : Les marches sur le feu\u00a0<\/strong><\/h4>\n<p><span style=\"font-weight: 400;\">Le d\u00e9but d&rsquo;ann\u00e9e est traditionnellement marqu\u00e9 par des <strong>c\u00e9l\u00e9brations tamoules<\/strong> en l&rsquo;honneur de la d\u00e9esse Pandial\u00e9. Apr\u00e8s une longue p\u00e9riode de car\u00eame, les temples de l&rsquo;\u00eele organisent des <strong>marches sur le feu de purification<\/strong> auxquelles peuvent assister le grand public. Un moment hors du temps qui permet de s&rsquo;immerger pleinement dans les pratiques de l&rsquo;une des nombreuses communaut\u00e9s de l&rsquo;\u00eele.<\/span><\/p>\n<p>&nbsp;<\/p>\n<h4><strong>F\u00e9vrier : Le Nouvel an Chinois<\/strong><\/h4>\n<p><span style=\"font-weight: 400;\">C\u00e9l\u00e9br\u00e9 le premier jour de l&rsquo;ann\u00e9e lunaire, le Nouvel An chinois est la plus importante des <strong>c\u00e9l\u00e9brations traditionnelles chinoises<\/strong>. Partout dans l&rsquo;\u00eele, de grandes c\u00e9r\u00e9monies sont organis\u00e9es durant une quinzaine de jours. Au programme : la <strong>danse du dragon<\/strong> et des lions, des feux d&rsquo;artifices et p\u00e9tards \u00e0 volont\u00e9 et bien entendu une possibilit\u00e9 unique de d\u00e9couvrir la gastronomie de l\u2019empire du milieu.\u00a0<\/span><\/p>\n<p>&nbsp;<\/p>\n<h4><strong>Juin-septembre : La saison des baleines<\/strong><\/h4>\n<p><span style=\"font-weight: 400;\">La R\u00e9union est un lieu privil\u00e9gi\u00e9 pour <a href=\"https:\/\/www.zotcar.com\/blog\/la-reunion-voir-les-baleines\/\">observer baleines et dauphins<\/a>. Si ces derniers se font admirer volontiers tout au long de l&rsquo;ann\u00e9e, la <strong>saison hivernale<\/strong> est marqu\u00e9e par une pr\u00e9sence exceptionnelle de <strong>baleines \u00e0 bosses<\/strong>.\u00a0<\/span><\/p>\n<p><span style=\"font-weight: 400;\">Apr\u00e8s un long voyage depuis la zone polaire, elles viennent se reproduire, mettre au monde leurs b\u00e9b\u00e9s et les allaiter dans l&rsquo;eau chaude de l&rsquo;oc\u00e9an indien. Un ballet inoubliable se joue alors pr\u00e8s des c\u00f4tes. Entre sauts spectaculaires et souffles, vous pouvez graver un souvenir \u00e0 vie en embarquant sur un bateau d&rsquo;observation ou tout simplement en vous arr\u00eatant sur le bord de la route quelques minutes. Plusieurs spots sont possibles pour observer les c\u00e9tac\u00e9 s: Cap La Houssaye, Trois-Bassins, Pointe au sel, Saint-Gilles les bains.\u00a0<\/span><\/p>\n<p>&nbsp;<\/p>\n<p><img decoding=\"async\" loading=\"lazy\" class=\"alignnone  wp-image-4748\" src=\"https:\/\/zc-blog.s3.eu-west-1.amazonaws.com\/blog\/wp-content\/uploads\/2021\/07\/11102257\/la-reunion-voir-les-baleines-baleine-et-baleineau-300x150.jpg\" alt=\"\" width=\"1598\" height=\"799\" srcset=\"https:\/\/zc-blog.s3.eu-west-1.amazonaws.com\/blog\/wp-content\/uploads\/2021\/07\/11102257\/la-reunion-voir-les-baleines-baleine-et-baleineau-300x150.jpg 300w, https:\/\/zc-blog.s3.eu-west-1.amazonaws.com\/blog\/wp-content\/uploads\/2021\/07\/11102257\/la-reunion-voir-les-baleines-baleine-et-baleineau-768x384.jpg 768w, https:\/\/zc-blog.s3.eu-west-1.amazonaws.com\/blog\/wp-content\/uploads\/2021\/07\/11102257\/la-reunion-voir-les-baleines-baleine-et-baleineau.jpg 1000w\" sizes=\"(max-width: 1598px) 100vw, 1598px\" \/><\/p>\n<p>&nbsp;<\/p>\n<h4><strong>Octobre : Le Grand Raid<\/strong><\/h4>\n<p><span style=\"font-weight: 400;\">Si on devait ne retenir qu&rsquo;un <strong>\u00e9v\u00e9nement sportif<\/strong> local, ce serait sans aucun doute <a href=\"https:\/\/www.zotcar.com\/blog\/grand-raid-de-la-reunion-preparation-conseils-et-infos-cles\/\">Le Grand Raid<\/a>. Appel\u00e9e commun\u00e9ment la <strong>Diagonale des Fous<\/strong>, cette course mythique de 160 km qui traverse l&rsquo;\u00eele de part en part est un incontournable. Que vous soyez \u00e0 Cilaos, Saint-Pierre ou <a href=\"https:\/\/www.zotcar.com\/blog\/saint-denis-reunion\/\">Saint-Denis<\/a>, n&rsquo;h\u00e9sitez pas une seconde \u00e0 aller encourager les coureurs venus du monde entier et qui ne r\u00eavent que d&rsquo;une chose : \u00eatre finisher de cet ultra-trail d\u00e9mentiel.\u00a0<\/span><\/p>\n<p>&nbsp;<\/p>\n<h4><strong>Novembre : Le Dipavali\u00a0<\/strong><\/h4>\n<p><span style=\"font-weight: 400;\">Le Dipavali est l&rsquo;occasion de c\u00e9l\u00e9brer Latchimi, la d\u00e9esse de la lumi\u00e8re et de la prosp\u00e9rit\u00e9. \u00c0 cette occasion, vous pourrez assister \u00e0 des <strong>processions nocturnes<\/strong> de femmes et d&rsquo;hommes en costumes traditionnels, de chars fleuris et profiter des festivit\u00e9s organis\u00e9es dans toutes les grandes villes.\u00a0<\/span><\/p>\n<p>&nbsp;<\/p>\n<h4><strong>D\u00e9cembre : La F\u00e8t kaf<\/strong><\/h4>\n<p><span style=\"font-weight: 400;\">C&rsquo;est l&rsquo;\u00e9v\u00e8nement culturel et historique majeur de notre \u00eele. Le 20 d\u00e9cembre, toutes les communaut\u00e9s de la R\u00e9union se r\u00e9unissent pour c\u00e9l\u00e9brer dans la joie et dans un devoir de m\u00e9moire l&rsquo;<strong>abolition de l&rsquo;esclavage<\/strong>. Une journ\u00e9e tellement importante qu&rsquo;elle est, depuis 1983, f\u00e9ri\u00e9e. Des \u00e9v\u00e9nements sont organis\u00e9s aux quatre coins de la R\u00e9union au rythme du maloya, la musique des esclaves, celle de La R\u00e9union. C&rsquo;est l\u2019occasion r\u00eav\u00e9e de comprendre et de vivre en immersion le m\u00e9tissage r\u00e9unionnais.\u00a0<\/span><\/p>\n<p>&nbsp;<\/p>\n<p><a class=\"btn btn-primary bg-main bold fs14 c-white h50 center block w400\" href=\"https:\/\/www.zotcar.com\/location-voiture-reunion\">Louer une voiture sur Zotcar<\/a><\/p>\n<p>&nbsp;<\/p>\n<h3><span style=\"font-weight: 400;\">C\u00f4t\u00e9 cuisine<\/span><\/h3>\n<p><span style=\"font-weight: 400;\">Vous pourrez toute l&rsquo;ann\u00e9e \u00e0 la R\u00e9union vous r\u00e9galer de <strong>fruits frais<\/strong>. Beaucoup sont consommables \u00e0 n&rsquo;importe quelle saison, c&rsquo;est le cas des d\u00e9licieuses petites bananes sucr\u00e9es, de la papaye, de la noix de coco ou encore du fruit \u00e0 pain.\u00a0<\/span><\/p>\n<p><span style=\"font-weight: 400;\">En revanche, certains ne se d\u00e9gustent qu&rsquo;une fois par an alors si, pour vous, les papilles sont tr\u00e8s importantes en voyage, vous pouvez s\u00e9lectionner vos dates de vacances en fonction.\u00a0<\/span><\/p>\n<p><span style=\"font-weight: 400;\">&#8211; D\u00e9cembre-janvier : c&rsquo;est la p\u00e9riode phare pour les letchis bien rouges et les mangues juteuses<\/span><\/p>\n<p><span style=\"font-weight: 400;\">&#8211; F\u00e9vrier- mars : longanis et fruits de la passion sont de sortie<\/span><\/p>\n<p><span style=\"font-weight: 400;\">&#8211; Avril-Juin : c&rsquo;est le temps des goyaviers, des avocats et des pitayas (fruits du dragon)<\/span><\/p>\n<p><span style=\"font-weight: 400;\">&#8211; Juillet-ao\u00fbt : si les fruits se rar\u00e9fient \u00e0 cette p\u00e9riode, vous pourrez malgr\u00e9 tout d\u00e9guster de nombreux agrumes locaux, comme la Tangor tr\u00e8s appr\u00e9ci\u00e9e pour faire le plein d&rsquo;\u00e9nergie.\u00a0<\/span><\/p>\n<p>&nbsp;<\/p>\n<p>&nbsp;<\/p>\n<p><span style=\"font-weight: 400;\">Choisir les dates de ses vacances \u00e0 la R\u00e9union, c&rsquo;est donc avant tout en fonction de votre budget, de l&rsquo;ambiance que vous souhaitez retrouver sur l&rsquo;\u00eele, estivale ou plus calme, et bien entendu des activit\u00e9s que vous souhaitez y faire. Chez Zotcar, nous avons quand m\u00eame un petit penchant pour les<strong> mois de mai et septembre<\/strong> ;), ni trop chauds, ni trop frais, ni trop touristiques&#8230;on fr\u00f4le la perfection !\u00a0<\/span><\/p>\n<h2>\u00a0<\/h2>\n","protected":false},"excerpt":{"rendered":"<p>La R\u00e9union attire chaque ann\u00e9e des centaines de milliers de touristes. Des voyageurs en qu\u00eate de soleil, d&rsquo;aventures et de paysages \u00e0 couper le souffle. Mais quelle est la meilleure p\u00e9riode pour profiter pleinement de tout ce que l&rsquo;\u00eele a \u00e0 offrir ? Entre diversit\u00e9 climatique, \u00e9v\u00e8nements culturels et activit\u00e9s saisonni\u00e8res, nous vous proposons dans [&hellip;]<\/p>\n","protected":false},"author":34,"featured_media":5701,"comment_status":"open","ping_status":"open","sticky":false,"template":"","format":"standard","meta":{"footnotes":"","_wpscppro_dont_share_socialmedia":null,"_wpscppro_custom_social_share_image":0},"categories":[44,22,26,24],"tags":[],"acf":[],"yoast_head":"<!-- This site is optimized with the Yoast SEO plugin v21.5 - https:\/\/yoast.com\/wordpress\/plugins\/seo\/ -->\n<title>Quelle est la bonne p\u00e9riode pour partir \u00e0 La R\u00e9union ? - Zotcar<\/title>\n<meta name=\"description\" content=\"D\u00e9couvrez la meilleure p\u00e9riode pour voyager \u00e0 La R\u00e9union : m\u00e9t\u00e9o, activit\u00e9s et conseils pratiques pour un s\u00e9jour inoubliable avec Zotcar.\" \/>\n<meta name=\"robots\" content=\"index, follow, max-snippet:-1, max-image-preview:large, max-video-preview:-1\" \/>\n<link rel=\"canonical\" href=\"https:\/\/www.zotcar.com\/blog\/quelle-est-la-bonne-periode-pour-partir-a-la-reunion\/\" \/>\n<meta property=\"og:locale\" content=\"fr_FR\" \/>\n<meta property=\"og:type\" content=\"article\" \/>\n<meta property=\"og:title\" content=\"Quelle est la bonne p\u00e9riode pour partir \u00e0 La R\u00e9union ? - Zotcar\" \/>\n<meta property=\"og:description\" content=\"D\u00e9couvrez la meilleure p\u00e9riode pour voyager \u00e0 La R\u00e9union : m\u00e9t\u00e9o, activit\u00e9s et conseils pratiques pour un s\u00e9jour inoubliable avec Zotcar.\" \/>\n<meta property=\"og:url\" content=\"https:\/\/www.zotcar.com\/blog\/quelle-est-la-bonne-periode-pour-partir-a-la-reunion\/\" \/>\n<meta property=\"og:site_name\" content=\"Zotcar\" \/>\n<meta property=\"article:publisher\" content=\"https:\/\/www.facebook.com\/zotcar\/\" \/>\n<meta property=\"article:published_time\" content=\"2024-11-20T20:49:47+00:00\" \/>\n<meta property=\"article:modified_time\" content=\"2024-11-20T21:03:22+00:00\" \/>\n<meta property=\"og:image\" content=\"https:\/\/zc-blog.s3.eu-west-1.amazonaws.com\/blog\/wp-content\/uploads\/2024\/11\/21004934\/blog-nov-reunion.png\" \/>\n\t<meta property=\"og:image:width\" content=\"1000\" \/>\n\t<meta property=\"og:image:height\" content=\"500\" \/>\n\t<meta property=\"og:image:type\" content=\"image\/png\" \/>\n<meta name=\"author\" content=\"Laure\" \/>\n<meta name=\"twitter:card\" content=\"summary_large_image\" \/>\n<meta name=\"twitter:creator\" content=\"@atelier\" \/>\n<meta name=\"twitter:site\" content=\"@zotcar974\" \/>\n<meta name=\"twitter:label1\" content=\"\u00c9crit par\" \/>\n\t<meta name=\"twitter:data1\" content=\"Laure\" \/>\n\t<meta name=\"twitter:label2\" content=\"Dur\u00e9e de lecture estim\u00e9e\" \/>\n\t<meta name=\"twitter:data2\" content=\"7 minutes\" \/>\n<script type=\"application\/ld+json\" class=\"yoast-schema-graph\">{\"@context\":\"https:\/\/schema.org\",\"@graph\":[{\"@type\":\"WebPage\",\"@id\":\"https:\/\/www.zotcar.com\/blog\/quelle-est-la-bonne-periode-pour-partir-a-la-reunion\/\",\"url\":\"https:\/\/www.zotcar.com\/blog\/quelle-est-la-bonne-periode-pour-partir-a-la-reunion\/\",\"name\":\"Quelle est la bonne p\u00e9riode pour partir \u00e0 La R\u00e9union ? - Zotcar\",\"isPartOf\":{\"@id\":\"https:\/\/www.zotcar.com\/blog\/#website\"},\"datePublished\":\"2024-11-20T20:49:47+00:00\",\"dateModified\":\"2024-11-20T21:03:22+00:00\",\"author\":{\"@id\":\"https:\/\/www.zotcar.com\/blog\/#\/schema\/person\/56c905792b645f3ea0f4182258a859d3\"},\"description\":\"D\u00e9couvrez la meilleure p\u00e9riode pour voyager \u00e0 La R\u00e9union : m\u00e9t\u00e9o, activit\u00e9s et conseils pratiques pour un s\u00e9jour inoubliable avec Zotcar.\",\"breadcrumb\":{\"@id\":\"https:\/\/www.zotcar.com\/blog\/quelle-est-la-bonne-periode-pour-partir-a-la-reunion\/#breadcrumb\"},\"inLanguage\":\"fr-FR\",\"potentialAction\":[{\"@type\":\"ReadAction\",\"target\":[\"https:\/\/www.zotcar.com\/blog\/quelle-est-la-bonne-periode-pour-partir-a-la-reunion\/\"]}]},{\"@type\":\"BreadcrumbList\",\"@id\":\"https:\/\/www.zotcar.com\/blog\/quelle-est-la-bonne-periode-pour-partir-a-la-reunion\/#breadcrumb\",\"itemListElement\":[{\"@type\":\"ListItem\",\"position\":1,\"name\":\"Accueil\",\"item\":\"https:\/\/www.zotcar.com\/blog\/\"},{\"@type\":\"ListItem\",\"position\":2,\"name\":\"Quelle est la bonne p\u00e9riode pour partir \u00e0 La R\u00e9union ?\"}]},{\"@type\":\"WebSite\",\"@id\":\"https:\/\/www.zotcar.com\/blog\/#website\",\"url\":\"https:\/\/www.zotcar.com\/blog\/\",\"name\":\"Zotcar\",\"description\":\"Blog de Zotcar - Location de voiture entre particuliers \u00e0 La R\u00e9union, en Martinique et en Guadeloupe\",\"potentialAction\":[{\"@type\":\"SearchAction\",\"target\":{\"@type\":\"EntryPoint\",\"urlTemplate\":\"https:\/\/www.zotcar.com\/blog\/?s={search_term_string}\"},\"query-input\":\"required name=search_term_string\"}],\"inLanguage\":\"fr-FR\"},{\"@type\":\"Person\",\"@id\":\"https:\/\/www.zotcar.com\/blog\/#\/schema\/person\/56c905792b645f3ea0f4182258a859d3\",\"name\":\"Laure\",\"image\":{\"@type\":\"ImageObject\",\"inLanguage\":\"fr-FR\",\"@id\":\"https:\/\/www.zotcar.com\/blog\/#\/schema\/person\/image\/\",\"url\":\"https:\/\/secure.gravatar.com\/avatar\/8d64d507004b7167668ae5cd3b151799?s=96&d=mm&r=g\",\"contentUrl\":\"https:\/\/secure.gravatar.com\/avatar\/8d64d507004b7167668ae5cd3b151799?s=96&d=mm&r=g\",\"caption\":\"Laure\"},\"sameAs\":[\"https:\/\/twitter.com\/atelier\"],\"url\":\"https:\/\/www.zotcar.com\/blog\/author\/atelier\/\"}]}<\/script>\n<!-- \/ Yoast SEO plugin. -->","yoast_head_json":{"title":"Quelle est la bonne p\u00e9riode pour partir \u00e0 La R\u00e9union ? - Zotcar","description":"D\u00e9couvrez la meilleure p\u00e9riode pour voyager \u00e0 La R\u00e9union : m\u00e9t\u00e9o, activit\u00e9s et conseils pratiques pour un s\u00e9jour inoubliable avec Zotcar.","robots":{"index":"index","follow":"follow","max-snippet":"max-snippet:-1","max-image-preview":"max-image-preview:large","max-video-preview":"max-video-preview:-1"},"canonical":"https:\/\/www.zotcar.com\/blog\/quelle-est-la-bonne-periode-pour-partir-a-la-reunion\/","og_locale":"fr_FR","og_type":"article","og_title":"Quelle est la bonne p\u00e9riode pour partir \u00e0 La R\u00e9union ? - Zotcar","og_description":"D\u00e9couvrez la meilleure p\u00e9riode pour voyager \u00e0 La R\u00e9union : m\u00e9t\u00e9o, activit\u00e9s et conseils pratiques pour un s\u00e9jour inoubliable avec Zotcar.","og_url":"https:\/\/www.zotcar.com\/blog\/quelle-est-la-bonne-periode-pour-partir-a-la-reunion\/","og_site_name":"Zotcar","article_publisher":"https:\/\/www.facebook.com\/zotcar\/","article_published_time":"2024-11-20T20:49:47+00:00","article_modified_time":"2024-11-20T21:03:22+00:00","og_image":[{"width":1000,"height":500,"url":"https:\/\/zc-blog.s3.eu-west-1.amazonaws.com\/blog\/wp-content\/uploads\/2024\/11\/21004934\/blog-nov-reunion.png","type":"image\/png"}],"author":"Laure","twitter_card":"summary_large_image","twitter_creator":"@atelier","twitter_site":"@zotcar974","twitter_misc":{"\u00c9crit par":"Laure","Dur\u00e9e de lecture estim\u00e9e":"7 minutes"},"schema":{"@context":"https:\/\/schema.org","@graph":[{"@type":"WebPage","@id":"https:\/\/www.zotcar.com\/blog\/quelle-est-la-bonne-periode-pour-partir-a-la-reunion\/","url":"https:\/\/www.zotcar.com\/blog\/quelle-est-la-bonne-periode-pour-partir-a-la-reunion\/","name":"Quelle est la bonne p\u00e9riode pour partir \u00e0 La R\u00e9union ? - Zotcar","isPartOf":{"@id":"https:\/\/www.zotcar.com\/blog\/#website"},"datePublished":"2024-11-20T20:49:47+00:00","dateModified":"2024-11-20T21:03:22+00:00","author":{"@id":"https:\/\/www.zotcar.com\/blog\/#\/schema\/person\/56c905792b645f3ea0f4182258a859d3"},"description":"D\u00e9couvrez la meilleure p\u00e9riode pour voyager \u00e0 La R\u00e9union : m\u00e9t\u00e9o, activit\u00e9s et conseils pratiques pour un s\u00e9jour inoubliable avec Zotcar.","breadcrumb":{"@id":"https:\/\/www.zotcar.com\/blog\/quelle-est-la-bonne-periode-pour-partir-a-la-reunion\/#breadcrumb"},"inLanguage":"fr-FR","potentialAction":[{"@type":"ReadAction","target":["https:\/\/www.zotcar.com\/blog\/quelle-est-la-bonne-periode-pour-partir-a-la-reunion\/"]}]},{"@type":"BreadcrumbList","@id":"https:\/\/www.zotcar.com\/blog\/quelle-est-la-bonne-periode-pour-partir-a-la-reunion\/#breadcrumb","itemListElement":[{"@type":"ListItem","position":1,"name":"Accueil","item":"https:\/\/www.zotcar.com\/blog\/"},{"@type":"ListItem","position":2,"name":"Quelle est la bonne p\u00e9riode pour partir \u00e0 La R\u00e9union ?"}]},{"@type":"WebSite","@id":"https:\/\/www.zotcar.com\/blog\/#website","url":"https:\/\/www.zotcar.com\/blog\/","name":"Zotcar","description":"Blog de Zotcar - Location de voiture entre particuliers \u00e0 La R\u00e9union, en Martinique et en Guadeloupe","potentialAction":[{"@type":"SearchAction","target":{"@type":"EntryPoint","urlTemplate":"https:\/\/www.zotcar.com\/blog\/?s={search_term_string}"},"query-input":"required name=search_term_string"}],"inLanguage":"fr-FR"},{"@type":"Person","@id":"https:\/\/www.zotcar.com\/blog\/#\/schema\/person\/56c905792b645f3ea0f4182258a859d3","name":"Laure","image":{"@type":"ImageObject","inLanguage":"fr-FR","@id":"https:\/\/www.zotcar.com\/blog\/#\/schema\/person\/image\/","url":"https:\/\/secure.gravatar.com\/avatar\/8d64d507004b7167668ae5cd3b151799?s=96&d=mm&r=g","contentUrl":"https:\/\/secure.gravatar.com\/avatar\/8d64d507004b7167668ae5cd3b151799?s=96&d=mm&r=g","caption":"Laure"},"sameAs":["https:\/\/twitter.com\/atelier"],"url":"https:\/\/www.zotcar.com\/blog\/author\/atelier\/"}]}},"_links":{"self":[{"href":"https:\/\/www.zotcar.com\/blog\/wp-json\/wp\/v2\/posts\/5699"}],"collection":[{"href":"https:\/\/www.zotcar.com\/blog\/wp-json\/wp\/v2\/posts"}],"about":[{"href":"https:\/\/www.zotcar.com\/blog\/wp-json\/wp\/v2\/types\/post"}],"author":[{"embeddable":true,"href":"https:\/\/www.zotcar.com\/blog\/wp-json\/wp\/v2\/users\/34"}],"replies":[{"embeddable":true,"href":"https:\/\/www.zotcar.com\/blog\/wp-json\/wp\/v2\/comments?post=5699"}],"version-history":[{"count":3,"href":"https:\/\/www.zotcar.com\/blog\/wp-json\/wp\/v2\/posts\/5699\/revisions"}],"predecessor-version":[{"id":5704,"href":"https:\/\/www.zotcar.com\/blog\/wp-json\/wp\/v2\/posts\/5699\/revisions\/5704"}],"wp:featuredmedia":[{"embeddable":true,"href":"https:\/\/www.zotcar.com\/blog\/wp-json\/wp\/v2\/media\/5701"}],"wp:attachment":[{"href":"https:\/\/www.zotcar.com\/blog\/wp-json\/wp\/v2\/media?parent=5699"}],"wp:term":[{"taxonomy":"category","embeddable":true,"href":"https:\/\/www.zotcar.com\/blog\/wp-json\/wp\/v2\/categories?post=5699"},{"taxonomy":"post_tag","embeddable":true,"href":"https:\/\/www.zotcar.com\/blog\/wp-json\/wp\/v2\/tags?post=5699"}],"curies":[{"name":"wp","href":"https:\/\/api.w.org\/{rel}","templated":true}]}}