{"id":574,"date":"2022-01-03T17:52:27","date_gmt":"2022-01-03T13:52:27","guid":{"rendered":"https:\/\/www.zotcar.com\/blog\/?p=574"},"modified":"2023-07-25T15:18:10","modified_gmt":"2023-07-25T11:18:10","slug":"roadtrip-la-reunion","status":"publish","type":"post","link":"https:\/\/www.zotcar.com\/blog\/roadtrip-la-reunion\/","title":{"rendered":"RoadTrip inoubliable sur 10 jours \u00e0 La R\u00e9union"},"content":{"rendered":"<p><span style=\"font-weight: 400;\">C\u2019est fait, vous avez lou\u00e9 votre 4X4 SUV sur Zotcar \u00e0 un r\u00e9unionnais super sympa qui vous a m\u00eame d\u00e9pos\u00e9 votre <a href=\"https:\/\/www.zotcar.com\/location-voiture-aeroport-reunion\">voiture \u00e0 l\u2019a\u00e9roport<\/a>.<\/span><\/p>\n<p><span style=\"font-weight: 400;\">Vous \u00eates \u00e0 La R\u00e9union pour une <strong>dizaine de jours<\/strong> ! Ce sont VOS vacances de l\u2019ann\u00e9e et vous comptez bien en profiter !<\/span><\/p>\n<p><span style=\"font-weight: 400;\">Vous avez envie de randonner, de profiter de la plage, des cascades, de manger cr\u00e9ole, de d\u00e9couvrir la culture et l\u2019histoire de La R\u00e9union et surtout&#8230; faire des vid\u00e9os \u00e0 poster sur Instagram, histoire de faire r\u00e2ler les copains qui se p\u00e8lent en m\u00e9tropole !<\/span><\/p>\n<p><span style=\"font-weight: 400;\">Cela tombe tr\u00e8s bien car dans cet article, nous vous avons concoct\u00e9 un <strong>roadtrip<\/strong> <strong>\u00e0 La R\u00e9union<\/strong> sur 10 jours ! Laissez vos avis en commentaires.<\/span><\/p>\n<p><!--more--><\/p>\n<h2>\u00a0<\/h2>\n<h2 style=\"text-align: center;\"><strong>Itin\u00e9raire\u00a0<\/strong><\/h2>\n<p style=\"text-align: center;\"><span style=\"color: #00be9c;\"><a style=\"color: #00be9c;\" href=\"#section1\"><span style=\"font-weight: 400;\">Jours 1 et 2 : Salazie et Hell Bourg<\/span><\/a><\/span><\/p>\n<p style=\"text-align: center;\"><span style=\"color: #00be9c;\"><a style=\"color: #00be9c;\" href=\"#section2\"><span style=\"font-weight: 400;\">Jours 3 et 4 : Mafate, la canalisation des orangers depuis Sans-Soucis<\/span><\/a><\/span><\/p>\n<p style=\"text-align: center;\"><span style=\"color: #00be9c;\"><a style=\"color: #00be9c;\" href=\"#section3\">Jour 5 : Le Sud Sauvage<\/a><\/span><\/p>\n<p style=\"text-align: center;\"><span style=\"color: #00be9c;\"><a style=\"color: #00be9c;\" href=\"#section4\"><span style=\"font-weight: 400;\">Jour 6 : Le volcan du Piton de la Fournaise<\/span><\/a><\/span><\/p>\n<p style=\"text-align: center;\"><span style=\"color: #00be9c;\"><a style=\"color: #00be9c;\" href=\"#section5\"><span style=\"font-weight: 400;\">Jours 7 et 8 : D\u00e9couverte de Cilaos<\/span><\/a><\/span><\/p>\n<p style=\"text-align: center;\"><span style=\"color: #00be9c;\"><a style=\"color: #00be9c;\" href=\"#section6\"><span style=\"font-weight: 400;\">Jours 9 et 10 : Farniente dans l\u2019Ouest et culture locale<\/span><\/a><\/span><\/p>\n<h2><strong><a id=\"section1\"><\/a>Jours 1 et 2 : Salazie et Hell Bourg<\/strong><\/h2>\n<p>&nbsp;<\/p>\n<p><img decoding=\"async\" loading=\"lazy\" class=\"aligncenter wp-image-603\" src=\"https:\/\/zc-blog.s3.eu-west-1.amazonaws.com\/blog\/wp-content\/uploads\/2019\/09\/18085037\/shutterstock_1237281046-1-min.jpg\" alt=\"road-trip-reunion-mare-a-martin-salazie\" width=\"600\" height=\"400\" srcset=\"https:\/\/zc-blog.s3.eu-west-1.amazonaws.com\/blog\/wp-content\/uploads\/2019\/09\/18085037\/shutterstock_1237281046-1-min.jpg 1000w, https:\/\/zc-blog.s3.eu-west-1.amazonaws.com\/blog\/wp-content\/uploads\/2019\/09\/18085037\/shutterstock_1237281046-1-min-300x200.jpg 300w, https:\/\/zc-blog.s3.eu-west-1.amazonaws.com\/blog\/wp-content\/uploads\/2019\/09\/18085037\/shutterstock_1237281046-1-min-768x512.jpg 768w\" sizes=\"(max-width: 600px) 100vw, 600px\" \/><\/p>\n<p style=\"text-align: center;\"><i><span style=\"font-weight: 400;\">Vue sur le Piton des Neiges depuis la Mare \u00e0 Martin \u00e0 Salazie<\/span><\/i><\/p>\n<p>&nbsp;<\/p>\n<p><b>Le pays du chouchou<\/b><span style=\"font-weight: 400;\">, vous connaissez ? Ce l\u00e9gume appel\u00e9 aussi chayotte est roi \u00e0 Salazie. En gratin c\u2019est d\u00e9licieux ! Miam !<\/span><\/p>\n<p><span style=\"font-weight: 400;\">C\u2019est ce que vous propose \u00e0 l\u2019entr\u00e9e du menu concoct\u00e9 par le G\u00eete de B\u00e9louve qui vous accueille pour votre premi\u00e8re nuit \u00e0 La R\u00e9union.<\/span><\/p>\n<p><span style=\"font-weight: 400;\">Entre l\u2019a\u00e9roport et Hell Bourg, la route a \u00e9t\u00e9 plut\u00f4t sympa ! Pas trop fatigu\u00e9 par votre vol, il vous reste des forces pour conduire et marcher !\u00a0<\/span><\/p>\n<p><span style=\"font-weight: 400;\">Sur la route de Salazie, vous \u00eates surpris par le<\/span><b> \u201cpisse en l\u2019air\u201d<\/b><span style=\"font-weight: 400;\">, une petite cascade d\u2019eau qui tombe sur le toit de votre voiture ! Un peu plus loin&#8230;stop&#8230;car devant vous se tient le majestueux <\/span><b>Voile de la Mari\u00e9e<\/b><span style=\"font-weight: 400;\"> !\u00a0<\/span><\/p>\n<p><span style=\"font-weight: 400;\">Super occasion pour faire une vid\u00e9o ! Vous sortez votre smartphone et filmez la belle cascade.<\/span><\/p>\n<p><span style=\"font-weight: 400;\">Vous avez d\u00e9cid\u00e9 de joindre <\/span><b>Hell Bourg au G\u00eete de B\u00e9louve \u00e0 pieds<\/b><span style=\"font-weight: 400;\"> ! Quel courage ! Cette mont\u00e9e est tr\u00e8s escarp\u00e9e mais le sportif que vous \u00eates ne recule devant rien !<\/span><\/p>\n<p><span style=\"font-weight: 400;\">Vous garez votre voiture de location \u00e0 la mairie annexe de Hell Bourg ! Et vous entamez votre ascension avec votre sac \u00e0 dos vers le G\u00eete de B\u00e9louve, en un peu plus de <strong>3h00<\/strong> de grimpette , \u00e7a y est vous y \u00eates. Un repos bien m\u00e9rit\u00e9, dans un havre de paix.<\/span><\/p>\n<p><span style=\"font-weight: 400;\">Apr\u00e8s un excellent<\/span><b> repas cr\u00e9ole, gratin de chouchou, carri poulet, g\u00e2teau patate, salade de fruits p\u00e9i, ti rhum arrang\u00e9<\/b><span style=\"font-weight: 400;\">&#8230;vous vous endormez comme une masse.<\/span><\/p>\n<p><span style=\"font-weight: 400;\">Au programme du lendemain,<\/span><b> le Trou de fer <\/b><span style=\"font-weight: 400;\">! Lev\u00e9 aux aurores par l\u2019activit\u00e9 du g\u00eete, apr\u00e8s un petit d\u00e9jeuner bien copieux, vous entamez votre route vers le Trou de fer !\u00a0<\/span><\/p>\n<p><span style=\"font-weight: 400;\">Vous traversez la magnifique <\/span><b>for\u00eat de B\u00e9bour <\/b><span style=\"font-weight: 400;\">remplie d\u2019immenses cryptom\u00e9rias\u2026<\/span><\/p>\n<p><span style=\"font-weight: 400;\">Le sentier est tr\u00e8s boueux, mais c\u2019est quand m\u00eame cool de marcher dans la gadoue !<\/span><\/p>\n<p>&nbsp;<\/p>\n<p><img decoding=\"async\" loading=\"lazy\" class=\"aligncenter wp-image-604\" src=\"https:\/\/zc-blog.s3.eu-west-1.amazonaws.com\/blog\/wp-content\/uploads\/2019\/09\/18085143\/shutterstock_518521630-1-min.jpg\" alt=\"road-trip-reunion-trou-de-fer\" width=\"600\" height=\"453\" srcset=\"https:\/\/zc-blog.s3.eu-west-1.amazonaws.com\/blog\/wp-content\/uploads\/2019\/09\/18085143\/shutterstock_518521630-1-min.jpg 1000w, https:\/\/zc-blog.s3.eu-west-1.amazonaws.com\/blog\/wp-content\/uploads\/2019\/09\/18085143\/shutterstock_518521630-1-min-300x227.jpg 300w, https:\/\/zc-blog.s3.eu-west-1.amazonaws.com\/blog\/wp-content\/uploads\/2019\/09\/18085143\/shutterstock_518521630-1-min-768x580.jpg 768w, https:\/\/zc-blog.s3.eu-west-1.amazonaws.com\/blog\/wp-content\/uploads\/2019\/09\/18085143\/shutterstock_518521630-1-min-94x70.jpg 94w\" sizes=\"(max-width: 600px) 100vw, 600px\" \/><\/p>\n<p style=\"text-align: center;\"><i><span style=\"font-weight: 400;\">Vue sur le Trou de fer<\/span><\/i><\/p>\n<p>&nbsp;<\/p>\n<p><span style=\"font-weight: 400;\">Sans difficult\u00e9, vous parvenez au magnifique point de vue qui surplombe ce que vous avez si souvent admir\u00e9 en vid\u00e9o ; le Trou de fer. \u00c0 votre tour de jouer les cam\u00e9ramans\u2026 Et une autre vid\u00e9o \u00e0 poster sur Instagram !<\/span><\/p>\n<p><span style=\"font-weight: 400;\">Vous \u00eates revenus au bout de 3h00 au g\u00eete. Le reste de la journ\u00e9e est consacr\u00e9e au repos, et puis, vous devez redescendre \u00e0 Hell Bourg r\u00e9cup\u00e9rer votre voiture !<\/span><\/p>\n<p><span style=\"font-weight: 400;\">Votre retour se fait sans difficult\u00e9.\u00a0<\/span><\/p>\n<p><span style=\"font-weight: 400;\">Vous avez r\u00e9serv\u00e9 une nuit \u00e0 Hell Bourg. Vous y \u00eates accueilli comme chez vous !<\/span><\/p>\n<p>&nbsp;<\/p>\n<hr \/>\n<p><span style=\"font-weight: 400;\">Besoin d\u2019aide pour <strong>choisir votre voiture de location<\/strong> ? Consultez notre <span style=\"color: #00be9c;\"><a style=\"color: #00be9c;\" href=\"https:\/\/www.zotcar.com\/location-voiture-reunion\">guide de la location de voiture \u00e0 La R\u00e9union<\/a><\/span>.<\/span><\/p>\n<p><a href=\"http:\/\/www.zotcar.com\/search\"><img decoding=\"async\" loading=\"lazy\" class=\"aligncenter wp-image-701\" src=\"https:\/\/zc-blog.s3.eu-west-1.amazonaws.com\/blog\/wp-content\/uploads\/2019\/06\/08104829\/Zotcar_cta_1.png\" alt=\"Zotcar_location-voiture-sans-caution\" width=\"713\" height=\"372\" srcset=\"https:\/\/zc-blog.s3.eu-west-1.amazonaws.com\/blog\/wp-content\/uploads\/2019\/06\/08104829\/Zotcar_cta_1.png 1039w, https:\/\/zc-blog.s3.eu-west-1.amazonaws.com\/blog\/wp-content\/uploads\/2019\/06\/08104829\/Zotcar_cta_1-300x157.png 300w, https:\/\/zc-blog.s3.eu-west-1.amazonaws.com\/blog\/wp-content\/uploads\/2019\/06\/08104829\/Zotcar_cta_1-768x401.png 768w, https:\/\/zc-blog.s3.eu-west-1.amazonaws.com\/blog\/wp-content\/uploads\/2019\/06\/08104829\/Zotcar_cta_1-1024x535.png 1024w\" sizes=\"(max-width: 713px) 100vw, 713px\" \/><\/a><\/p>\n<hr \/>\n<p>&nbsp;<\/p>\n<h2><strong><a id=\"section2\"><\/a>Jours 3 et 4 : Mafate, la canalisation des orangers depuis Sans-Soucis<\/strong><\/h2>\n<p>&nbsp;<\/p>\n<p><span style=\"font-weight: 400;\">Le lendemain, vous quittez Salazie \u00e0 6h00 du matin pour vous diriger vers Sans-Soucis dans les <\/span><b>Hauts de Saint-Paul <\/b><span style=\"font-weight: 400;\">o\u00f9 d\u00e9bute la fameuse canalisation des orangers !<\/span><\/p>\n<p><span style=\"font-weight: 400;\">Vous traversez <a href=\"https:\/\/www.zotcar.com\/location-voiture-saint-denis-reunion\">Saint-Denis<\/a> et \u00e9vitez les embouteillages ! Ouf !<\/span><\/p>\n<p><span style=\"font-weight: 400;\">\u00c0 9h00, vous rejoignez gaiement \u00e0 la Citerne Rouge. C\u2019est parti pour environ <strong>8h30 de marche<\/strong>, sur un sentier presque plat ! Que du bonheur !<\/span><\/p>\n<p><span style=\"font-weight: 400;\">De magnifiques panoramas s\u2019offrent \u00e0 vous tandis que vous vous enfoncez un peu plus dans <\/span><span style=\"color: #00be9c;\"><a style=\"color: #00be9c;\" href=\"https:\/\/www.zotcar.com\/blog\/comment-aller-a-mafate\/\"><b>Mafate.<\/b><\/a><\/span><\/p>\n<p><span style=\"font-weight: 400;\">Vous en profitez pour faire de belles photos, des selfies, des photos de groupe, des petits films \u00e0 poster sur Instagram pour vos amis qui vous suivent !<\/span><\/p>\n<p>&nbsp;<\/p>\n<p><img decoding=\"async\" loading=\"lazy\" class=\"aligncenter wp-image-605\" src=\"https:\/\/zc-blog.s3.eu-west-1.amazonaws.com\/blog\/wp-content\/uploads\/2019\/09\/18085244\/shutterstock_1011692992-1-min.jpg\" alt=\"road-trip-reunion-ilet-des-orangers\" width=\"600\" height=\"400\" srcset=\"https:\/\/zc-blog.s3.eu-west-1.amazonaws.com\/blog\/wp-content\/uploads\/2019\/09\/18085244\/shutterstock_1011692992-1-min.jpg 1000w, https:\/\/zc-blog.s3.eu-west-1.amazonaws.com\/blog\/wp-content\/uploads\/2019\/09\/18085244\/shutterstock_1011692992-1-min-300x200.jpg 300w, https:\/\/zc-blog.s3.eu-west-1.amazonaws.com\/blog\/wp-content\/uploads\/2019\/09\/18085244\/shutterstock_1011692992-1-min-768x512.jpg 768w\" sizes=\"(max-width: 600px) 100vw, 600px\" \/><\/p>\n<p style=\"text-align: center;\"><em>L&rsquo;\u00celet aux Orangers vu par h\u00e9licopt\u00e8re<\/em><\/p>\n<p>&nbsp;<\/p>\n<p><span style=\"font-weight: 400;\">Arriv\u00e9e \u00e0 l&rsquo;<\/span><b>\u00celet aux Orangers<\/b><span style=\"font-weight: 400;\">, il est pr\u00e8s de 18h30 ! Vous passez une soir\u00e9e tr\u00e8s sympa en musique, un concert est donn\u00e9 par les habitants du coin ! Vous apprenez \u00e0 danser le maloya au son du Kayamb ! Qu\u2019est ce que c\u2019est cool, les vacances \u00e0 La R\u00e9union !<\/span><\/p>\n<p><span style=\"font-weight: 400;\">Le lendemain, vous reprenez la route en sens inverse, vos compagnons de route, eux continuent vers Roche Plate ! Juste le temps pour vous de retrouver votre super 4X4 SUV et de partir \u00e0 la Plaine des Cafres pour y passer la nuit.<\/span><\/p>\n<p>&nbsp;<\/p>\n<h2><strong><a id=\"section3\"><\/a>Jour 5 : le \u201cSud Sauvage\u201d<\/strong><\/h2>\n<p>&nbsp;<\/p>\n<p><span style=\"font-weight: 400;\">\u00c0 la Plaine des Cafres, vous avez r\u00e9serv\u00e9 deux nuits en g\u00eete, avec d\u00eener et petit d\u00e9jeuner.\u00a0<\/span><\/p>\n<p><span style=\"font-weight: 400;\">C\u2019est votre camp de base pour visiter le Sud Sauvage et aller au Piton de la Fournaise !<\/span><\/p>\n<p><span style=\"font-weight: 400;\">Le lendemain, vous redescendez vers <\/span><b>Saint-Pierre<\/b><span style=\"font-weight: 400;\">, puis direction le Sud Sauvage !<\/span><\/p>\n<p><span style=\"font-weight: 400;\">Visite de <\/span><b>Grand Anse<\/b><span style=\"font-weight: 400;\">, <\/span><b>Manapany<\/b><span style=\"font-weight: 400;\">, une baignade-pique-nique \u00e0 la <\/span><b>cascade<\/b> <b>Langevin<\/b><span style=\"font-weight: 400;\"> !<\/span><\/p>\n<p>&nbsp;<\/p>\n<p><img decoding=\"async\" loading=\"lazy\" class=\"aligncenter wp-image-606\" src=\"https:\/\/zc-blog.s3.eu-west-1.amazonaws.com\/blog\/wp-content\/uploads\/2019\/09\/18085338\/shutterstock_1384046444-1-min.jpg\" alt=\"road-trip-reunion-manapany-les-bains\" width=\"600\" height=\"393\" srcset=\"https:\/\/zc-blog.s3.eu-west-1.amazonaws.com\/blog\/wp-content\/uploads\/2019\/09\/18085338\/shutterstock_1384046444-1-min.jpg 1000w, https:\/\/zc-blog.s3.eu-west-1.amazonaws.com\/blog\/wp-content\/uploads\/2019\/09\/18085338\/shutterstock_1384046444-1-min-300x197.jpg 300w, https:\/\/zc-blog.s3.eu-west-1.amazonaws.com\/blog\/wp-content\/uploads\/2019\/09\/18085338\/shutterstock_1384046444-1-min-768x503.jpg 768w\" sizes=\"(max-width: 600px) 100vw, 600px\" \/><\/p>\n<p style=\"text-align: center;\"><em>Vue sur l&rsquo;oc\u00e9an depuis Manapany<\/em><\/p>\n<p style=\"text-align: center;\"><span style=\"font-weight: 400;\">\u00a0<\/span><\/p>\n<p><span style=\"font-weight: 400;\">Vous poursuivez votre route jusqu\u2019\u00e0 <\/span><b>Saint-Philippe jusqu\u2019au lieu dit \u201cCap M\u00e9chant\u201d<\/b><span style=\"font-weight: 400;\">&#8230; Oui, ici, les vagues se d\u00e9cha\u00eenent dans l\u2019oc\u00e9an, ce lieu porte bien son nom.<\/span><\/p>\n<p><span style=\"font-weight: 400;\">Vous avez tr\u00e8s envie de voir la fameuse<\/span><b> coul\u00e9e de lave<\/b> <b>du Tremblet <\/b><span style=\"font-weight: 400;\">qui a travers\u00e9 la route en 2007 et s\u2019est engouffr\u00e9e dans la mer. C\u2019est un premier aper\u00e7u du volcan, demain vous en verrez plus&#8230;<\/span><\/p>\n<p><a href=\"http:\/\/www.zotcar.com\/search\"><img decoding=\"async\" loading=\"lazy\" class=\"aligncenter wp-image-831\" src=\"https:\/\/zc-blog.s3.eu-west-1.amazonaws.com\/blog\/wp-content\/uploads\/2019\/11\/21120231\/L-louer-voiture-sur-zotcar.png\" alt=\"\" width=\"352\" height=\"95\" srcset=\"https:\/\/zc-blog.s3.eu-west-1.amazonaws.com\/blog\/wp-content\/uploads\/2019\/11\/21120231\/L-louer-voiture-sur-zotcar.png 395w, https:\/\/zc-blog.s3.eu-west-1.amazonaws.com\/blog\/wp-content\/uploads\/2019\/11\/21120231\/L-louer-voiture-sur-zotcar-300x81.png 300w\" sizes=\"(max-width: 352px) 100vw, 352px\" \/><\/a><\/p>\n<p>&nbsp;<\/p>\n<h2><strong><a id=\"section4\"><\/a>Jour 6 : Le volcan du Piton de la Fournaise<\/strong><\/h2>\n<p>&nbsp;<\/p>\n<p><span style=\"font-weight: 400;\">Votre g\u00eete se trouve id\u00e9alement \u00e0 quelques kilom\u00e8tres du <\/span><b>Pas de Bellecombe<\/b><span style=\"font-weight: 400;\">, qui vous permettra d\u2019acc\u00e9der au <\/span><span style=\"color: #00be9c;\"><b style=\"color: #00be9c;\"><a style=\"color: #00be9c;\" href=\"https:\/\/www.zotcar.com\/blog\/comment-aller-au-piton-de-la-fournaise\/\">Piton de la Fournaise<\/a>.<\/b><\/span><\/p>\n<p><span style=\"font-weight: 400;\">Vous quittez le g\u00eete \u00e0 7h00 du matin et entamez la route qui m\u00e8ne au Volcan.<\/span><\/p>\n<p><span style=\"font-weight: 400;\">Vous \u00eates \u00e9poustoufl\u00e9 par ce que vous voyez : eh bien, on ne vous a pas tromp\u00e9, vous \u00eates bien sur la Lune ! En fait, vous \u00eates \u00e0<\/span><b> La Plaine des Sables<\/b><span style=\"font-weight: 400;\"> ! Vous en profitez pour faire un stop au point de vue et faites une jolie vid\u00e9o de ce paysage fantastique sorti de nulle part.<\/span><\/p>\n<p><span style=\"font-weight: 400;\">Quelques kilom\u00e8tres encore et vous voil\u00e0 au parking du <\/span><b>Pas de Bellecombe<\/b><span style=\"font-weight: 400;\"> !<\/span><\/p>\n<p><span style=\"font-weight: 400;\">Vous descendez les quelques <\/span><b>630 marches<\/b><span style=\"font-weight: 400;\">&#8230;rien que \u00e7a&#8230;aie, aie, aie, apr\u00e8s il faudra les remonter&#8230;qui m\u00e8nent \u00e0 <\/span><b>Formica L\u00e9o<\/b><span style=\"font-weight: 400;\">, ce dr\u00f4le de mini volcan pos\u00e9 l\u00e0 au centre du grand !<\/span><\/p>\n<p><span style=\"font-weight: 400;\">Le brouillard se l\u00e8ve ? Il est temps de rentrer !<\/span><\/p>\n<p>&nbsp;<\/p>\n<hr \/>\n<p><span style=\"font-weight: 400;\">Besoin de <strong>r\u00e9cup\u00e9rer une voiture de location en chemin<\/strong> ? Consultez notre <span style=\"color: #00be9c;\"><a style=\"color: #00be9c;\" href=\"https:\/\/www.zotcar.com\/location-voiture-reunion\">guide de la location de voiture \u00e0 La R\u00e9union.<\/a><\/span><\/span><\/p>\n<hr \/>\n<p>&nbsp;<\/p>\n<h2><strong><a id=\"section5\"><\/a>Jours 7 et 8 : D\u00e9couverte de Cilaos<\/strong><\/h2>\n<p>&nbsp;<\/p>\n<p><span style=\"font-weight: 400;\">Le lendemain, direction <\/span><b>Cilaos<\/b><span style=\"font-weight: 400;\">, vous allez y passer deux jours pour une vir\u00e9e en\u00a0 canyoning \u00e0 sensation : <\/span><b>Fleur Jaune<\/b><span style=\"font-weight: 400;\"> !<\/span><\/p>\n<p><span style=\"font-weight: 400;\">Vous \u00eates attendus par un groupe et les encadrants le lendemain pour 7h30, le canyonning d\u00e9butant \u00e0 8h00 !\u00a0<\/span><\/p>\n<p>&nbsp;<\/p>\n<p><img decoding=\"async\" loading=\"lazy\" class=\"aligncenter wp-image-607\" src=\"https:\/\/zc-blog.s3.eu-west-1.amazonaws.com\/blog\/wp-content\/uploads\/2019\/09\/18085434\/shutterstock_762189382-1-min.jpg\" alt=\"road-trip-reunion-chapelle-canyon\" width=\"600\" height=\"450\" srcset=\"https:\/\/zc-blog.s3.eu-west-1.amazonaws.com\/blog\/wp-content\/uploads\/2019\/09\/18085434\/shutterstock_762189382-1-min.jpg 1000w, https:\/\/zc-blog.s3.eu-west-1.amazonaws.com\/blog\/wp-content\/uploads\/2019\/09\/18085434\/shutterstock_762189382-1-min-300x225.jpg 300w, https:\/\/zc-blog.s3.eu-west-1.amazonaws.com\/blog\/wp-content\/uploads\/2019\/09\/18085434\/shutterstock_762189382-1-min-768x576.jpg 768w, https:\/\/zc-blog.s3.eu-west-1.amazonaws.com\/blog\/wp-content\/uploads\/2019\/09\/18085434\/shutterstock_762189382-1-min-94x70.jpg 94w, https:\/\/zc-blog.s3.eu-west-1.amazonaws.com\/blog\/wp-content\/uploads\/2019\/09\/18085434\/shutterstock_762189382-1-min-600x450.jpg 600w, https:\/\/zc-blog.s3.eu-west-1.amazonaws.com\/blog\/wp-content\/uploads\/2019\/09\/18085434\/shutterstock_762189382-1-min-900x675.jpg 900w\" sizes=\"(max-width: 600px) 100vw, 600px\" \/><\/p>\n<p style=\"text-align: center;\"><em>Canyon \u00e0 Cilaos<\/em><\/p>\n<p>&nbsp;<\/p>\n<p><span style=\"font-weight: 400;\">Vous prenez la route vers Cilaos tranquillement vers 8h00, le temps de grimper les <\/span><b>400 virages<\/b><span style=\"font-weight: 400;\">\u2026vous arrivez vers 10h00.<\/span><\/p>\n<p><span style=\"font-weight: 400;\">Vous avez une belle journ\u00e9e devant vous et prenez le temps de vous poser au g\u00eete, et de parler aux gens (et oui c\u2019est aussi \u00e7a qui est top dans un g\u00eete !).<\/span><\/p>\n<p><span style=\"font-weight: 400;\">Apr\u00e8s une soir\u00e9e tr\u00e8s sympa, vous rentrez vous endormir au g\u00eete, la t\u00eate pleine de jolies images de cette belle \u00eele !<\/span><\/p>\n<p><span style=\"font-weight: 400;\">C\u2019est le jour J : le canyoning ! Sauts, descentes en rappel, en toboggan, quelle aventure ! \u00c0 mi-chemin, vue magnifique sur le Piton des Neiges et Cilaos !<\/span><\/p>\n<p><span style=\"font-weight: 400;\">Au bout de 5h00, \u00e7a y est c\u2019est l\u2019arriv\u00e9e !<\/span><\/p>\n<p><span style=\"font-weight: 400;\">Bon, apr\u00e8s toutes ces \u00e9motions, si vous preniez deux jours pour paresser comme un cam\u00e9l\u00e9on sous le soleil de La R\u00e9union !<\/span><\/p>\n<p>&nbsp;<\/p>\n<h2><strong><a id=\"section6\"><\/a>Jours 9 et 10 : Farniente dans l\u2019Ouest et culture locale\u00a0<\/strong><\/h2>\n<p>&nbsp;<\/p>\n<p><span style=\"font-weight: 400;\">La fin de votre road-trip approche !\u00a0<\/span><\/p>\n<p><span style=\"font-weight: 400;\">Vos deux derniers jours sont consacr\u00e9s \u00e0 la culture locale\u2026 Visites au choix :<\/span><\/p>\n<ul>\n<li style=\"font-weight: 400;\"><span style=\"color: #00be9c;\"><a style=\"color: #00be9c;\" href=\"http:\/\/museesreunion.re\/kelonia\"><b>K\u00e9lonia<\/b><\/a><\/span><span style=\"font-weight: 400;\">, la ferme aux Tortues<\/span><\/li>\n<li style=\"font-weight: 400;\"><span style=\"color: #00be9c;\"><a style=\"color: #00be9c;\" href=\"http:\/\/museesreunion.re\/stellamatutina\"><b>Stella Matutina<\/b><\/a><\/span><span style=\"font-weight: 400;\">, le mus\u00e9e de la canne \u00e0 sucre<\/span><\/li>\n<li style=\"font-weight: 400;\"><b>Jardin Botanique des Mascarins\u00a0<\/b><\/li>\n<\/ul>\n<p>&nbsp;<\/p>\n<p><img decoding=\"async\" loading=\"lazy\" class=\"aligncenter wp-image-608\" src=\"https:\/\/zc-blog.s3.eu-west-1.amazonaws.com\/blog\/wp-content\/uploads\/2019\/09\/18085519\/shutterstock_1043773255-1-min.jpg\" alt=\"road-trip-reunion-boucan-canot-plage\" width=\"600\" height=\"400\" srcset=\"https:\/\/zc-blog.s3.eu-west-1.amazonaws.com\/blog\/wp-content\/uploads\/2019\/09\/18085519\/shutterstock_1043773255-1-min.jpg 1000w, https:\/\/zc-blog.s3.eu-west-1.amazonaws.com\/blog\/wp-content\/uploads\/2019\/09\/18085519\/shutterstock_1043773255-1-min-300x200.jpg 300w, https:\/\/zc-blog.s3.eu-west-1.amazonaws.com\/blog\/wp-content\/uploads\/2019\/09\/18085519\/shutterstock_1043773255-1-min-768x512.jpg 768w\" sizes=\"(max-width: 600px) 100vw, 600px\" \/><\/p>\n<p style=\"text-align: center;\"><em>Plage de la R\u00e9union<\/em><\/p>\n<p>&nbsp;<\/p>\n<p><span style=\"font-weight: 400;\">Et plouf, un petit plongeon dans l\u2019eau de nos plages pr\u00e9f\u00e9r\u00e9es :<\/span><\/p>\n<ul>\n<li style=\"font-weight: 400;\"><b>Lagon de Saint-Leu, de Trou d\u2019eau ou Lagon de la Saline<\/b><span style=\"font-weight: 400;\"> avec palmes masque et tuba !<\/span><\/li>\n<li style=\"font-weight: 400;\"><span style=\"font-weight: 400;\">Les plages des <\/span><b>Roches Noires, de Boucan Canot<\/b><span style=\"font-weight: 400;\"> (Saint Gilles). Privil\u00e9giez les plages surveill\u00e9es, le drapeau doit \u00eatre au vert !<\/span><\/li>\n<li style=\"font-weight: 400;\"><span style=\"font-weight: 400;\">Piscine naturelle de la <\/span><b>Pointe au Sel<\/b><span style=\"font-weight: 400;\"> \u00e0 Saint-Leu.\u00a0\u00a0<\/span><\/li>\n<\/ul>\n<p>&nbsp;<\/p>\n<p><span style=\"font-weight: 400;\">Que c\u2019est bon de l\u00e9zarder sous le soleil !\u00a0<\/span><\/p>\n<p><span style=\"font-weight: 400;\">C\u2019est la fin de votre s\u00e9jour, vous en avez bien profit\u00e9 ! Vous <strong>retrouvez le propri\u00e9taire de la voiture \u00e0 l\u2019a\u00e9roport<\/strong>, quelques heures avant votre d\u00e9part, pratique non ?\u00a0<\/span><\/p>\n<p><span style=\"font-weight: 400;\">La voiture a assur\u00e9 ! Merci \u00e0 Mr Payet et \u201cson lauto\u201d comme on dit ici \u00e0 La R\u00e9union ! C\u2019est tellement plus sympa de louer des voitures \u00e0 des gens qu\u2019\u00e0 des agences, non ? Al\u00e9 di partout ! Comme on dit ici \u00e0 La R\u00e9union \ud83d\ude09<\/span><\/p>\n<hr \/>\n<p>&nbsp;<\/p>\n<p><span style=\"font-weight: 400;\">Pour d\u00e9couvrir tous nos bons plans pour organiser votre s\u00e9jour, visitez notre page d\u00e9di\u00e9e \u00e0 la <\/span><span style=\"color: #00be9c;\"><a style=\"color: #00be9c;\" href=\"https:\/\/zotcar.com\/location-voiture-reunion\"><b>location de voiture \u00e0 La R\u00e9union<\/b><\/a><\/span><span style=\"font-weight: 400;\">\u00a0et \u00e9conomisez plus de 30% sur votre prochaine location.<\/span><a href=\"https:\/\/zotcar.com\/location-voiture-reunion\"><img decoding=\"async\" loading=\"lazy\" class=\"aligncenter size-full wp-image-316\" src=\"https:\/\/zc-blog.s3.eu-west-1.amazonaws.com\/blog\/wp-content\/uploads\/2019\/07\/29115325\/guide-location-voiture-reunion.png\" alt=\"location-voiture-reunion\" width=\"770\" height=\"429\" srcset=\"https:\/\/zc-blog.s3.eu-west-1.amazonaws.com\/blog\/wp-content\/uploads\/2019\/07\/29115325\/guide-location-voiture-reunion.png 770w, https:\/\/zc-blog.s3.eu-west-1.amazonaws.com\/blog\/wp-content\/uploads\/2019\/07\/29115325\/guide-location-voiture-reunion-300x167.png 300w, https:\/\/zc-blog.s3.eu-west-1.amazonaws.com\/blog\/wp-content\/uploads\/2019\/07\/29115325\/guide-location-voiture-reunion-768x428.png 768w\" sizes=\"(max-width: 770px) 100vw, 770px\" \/><\/a><\/p>\n","protected":false},"excerpt":{"rendered":"<p>C\u2019est fait, vous avez lou\u00e9 votre 4X4 SUV sur Zotcar \u00e0 un r\u00e9unionnais super sympa qui vous a m\u00eame d\u00e9pos\u00e9 votre voiture \u00e0 l\u2019a\u00e9roport. Vous \u00eates \u00e0 La R\u00e9union pour une dizaine de jours ! Ce sont VOS vacances de l\u2019ann\u00e9e et vous comptez bien en profiter ! Vous avez envie de randonner, de profiter [&hellip;]<\/p>\n","protected":false},"author":1,"featured_media":3529,"comment_status":"open","ping_status":"open","sticky":false,"template":"","format":"standard","meta":{"footnotes":"","_wpscppro_dont_share_socialmedia":false,"_wpscppro_custom_social_share_image":0},"categories":[22,24],"tags":[],"acf":[],"yoast_head":"<!-- This site is optimized with the Yoast SEO plugin v21.5 - https:\/\/yoast.com\/wordpress\/plugins\/seo\/ -->\n<title>\ud83d\ude98 RoadTrip inoubliable sur 10 jours \u00e0 La R\u00e9union - Zotcar<\/title>\n<meta name=\"description\" content=\"D\u00e9couvrez un road trip inoubliable de 10 jours \u00e0 La R\u00e9union pour ne rien manquer et faire baver votre entourage rest\u00e9 au loin !\" \/>\n<meta name=\"robots\" content=\"index, follow, max-snippet:-1, max-image-preview:large, max-video-preview:-1\" \/>\n<link rel=\"canonical\" href=\"https:\/\/www.zotcar.com\/blog\/roadtrip-la-reunion\/\" \/>\n<meta property=\"og:locale\" content=\"fr_FR\" \/>\n<meta property=\"og:type\" content=\"article\" \/>\n<meta property=\"og:title\" content=\"\ud83d\ude98 RoadTrip inoubliable sur 10 jours \u00e0 La R\u00e9union - Zotcar\" \/>\n<meta property=\"og:description\" content=\"D\u00e9couvrez un road trip inoubliable de 10 jours \u00e0 La R\u00e9union pour ne rien manquer et faire baver votre entourage rest\u00e9 au loin !\" \/>\n<meta property=\"og:url\" content=\"https:\/\/www.zotcar.com\/blog\/roadtrip-la-reunion\/\" \/>\n<meta property=\"og:site_name\" content=\"Zotcar\" \/>\n<meta property=\"article:publisher\" content=\"https:\/\/www.facebook.com\/zotcar\/\" \/>\n<meta property=\"article:author\" content=\"https:\/\/www.facebook.com\/zotcar\/\" \/>\n<meta property=\"article:published_time\" content=\"2022-01-03T13:52:27+00:00\" \/>\n<meta property=\"article:modified_time\" content=\"2023-07-25T11:18:10+00:00\" \/>\n<meta property=\"og:image\" content=\"https:\/\/zc-blog.s3.eu-west-1.amazonaws.com\/blog\/wp-content\/uploads\/2020\/07\/24172229\/roadtrip-a%CC%80-la-reunion.jpg\" \/>\n\t<meta property=\"og:image:width\" content=\"1000\" \/>\n\t<meta property=\"og:image:height\" content=\"500\" \/>\n\t<meta property=\"og:image:type\" content=\"image\/jpeg\" \/>\n<meta name=\"author\" content=\"michel\" \/>\n<meta name=\"twitter:card\" content=\"summary_large_image\" \/>\n<meta name=\"twitter:creator\" content=\"@zotcar974\" \/>\n<meta name=\"twitter:site\" content=\"@zotcar974\" \/>\n<meta name=\"twitter:label1\" content=\"\u00c9crit par\" \/>\n\t<meta name=\"twitter:data1\" content=\"michel\" \/>\n\t<meta name=\"twitter:label2\" content=\"Dur\u00e9e de lecture estim\u00e9e\" \/>\n\t<meta name=\"twitter:data2\" content=\"8 minutes\" \/>\n<script type=\"application\/ld+json\" class=\"yoast-schema-graph\">{\"@context\":\"https:\/\/schema.org\",\"@graph\":[{\"@type\":\"WebPage\",\"@id\":\"https:\/\/www.zotcar.com\/blog\/roadtrip-la-reunion\/\",\"url\":\"https:\/\/www.zotcar.com\/blog\/roadtrip-la-reunion\/\",\"name\":\"\ud83d\ude98 RoadTrip inoubliable sur 10 jours \u00e0 La R\u00e9union - Zotcar\",\"isPartOf\":{\"@id\":\"https:\/\/www.zotcar.com\/blog\/#website\"},\"datePublished\":\"2022-01-03T13:52:27+00:00\",\"dateModified\":\"2023-07-25T11:18:10+00:00\",\"author\":{\"@id\":\"https:\/\/www.zotcar.com\/blog\/#\/schema\/person\/e605c8a3aa6efa4eb7967d86e8a6a657\"},\"description\":\"D\u00e9couvrez un road trip inoubliable de 10 jours \u00e0 La R\u00e9union pour ne rien manquer et faire baver votre entourage rest\u00e9 au loin !\",\"breadcrumb\":{\"@id\":\"https:\/\/www.zotcar.com\/blog\/roadtrip-la-reunion\/#breadcrumb\"},\"inLanguage\":\"fr-FR\",\"potentialAction\":[{\"@type\":\"ReadAction\",\"target\":[\"https:\/\/www.zotcar.com\/blog\/roadtrip-la-reunion\/\"]}]},{\"@type\":\"BreadcrumbList\",\"@id\":\"https:\/\/www.zotcar.com\/blog\/roadtrip-la-reunion\/#breadcrumb\",\"itemListElement\":[{\"@type\":\"ListItem\",\"position\":1,\"name\":\"Accueil\",\"item\":\"https:\/\/www.zotcar.com\/blog\/\"},{\"@type\":\"ListItem\",\"position\":2,\"name\":\"RoadTrip inoubliable sur 10 jours \u00e0 La R\u00e9union\"}]},{\"@type\":\"WebSite\",\"@id\":\"https:\/\/www.zotcar.com\/blog\/#website\",\"url\":\"https:\/\/www.zotcar.com\/blog\/\",\"name\":\"Zotcar\",\"description\":\"Blog de Zotcar - Location de voiture entre particuliers \u00e0 La R\u00e9union, en Martinique et en Guadeloupe\",\"potentialAction\":[{\"@type\":\"SearchAction\",\"target\":{\"@type\":\"EntryPoint\",\"urlTemplate\":\"https:\/\/www.zotcar.com\/blog\/?s={search_term_string}\"},\"query-input\":\"required name=search_term_string\"}],\"inLanguage\":\"fr-FR\"},{\"@type\":\"Person\",\"@id\":\"https:\/\/www.zotcar.com\/blog\/#\/schema\/person\/e605c8a3aa6efa4eb7967d86e8a6a657\",\"name\":\"michel\",\"image\":{\"@type\":\"ImageObject\",\"inLanguage\":\"fr-FR\",\"@id\":\"https:\/\/www.zotcar.com\/blog\/#\/schema\/person\/image\/\",\"url\":\"https:\/\/secure.gravatar.com\/avatar\/cfc7629b21c96d13c82cc526e7cf0ea4?s=96&d=mm&r=g\",\"contentUrl\":\"https:\/\/secure.gravatar.com\/avatar\/cfc7629b21c96d13c82cc526e7cf0ea4?s=96&d=mm&r=g\",\"caption\":\"michel\"},\"description\":\"Michel, fondateur de Zotcar, est un entrepreneur de nature. Ses exp\u00e9riences professionnelles dans les start-up parisiennes l\u2019ont conduit \u00e0 d\u00e9velopper Zotcar, leader de la location de voiture entre particuliers \u00e0 La R\u00e9union. Passionn\u00e9 de trail, il adore parcourir les sentiers de notre belle \u00eele !\",\"sameAs\":[\"https:\/\/www.zotcar.com\",\"https:\/\/www.facebook.com\/zotcar\/\",\"https:\/\/www.instagram.com\/zotcar\/\",\"https:\/\/www.linkedin.com\/company\/10668298\",\"https:\/\/twitter.com\/zotcar974\"],\"url\":\"https:\/\/www.zotcar.com\/blog\/author\/michel\/\"}]}<\/script>\n<!-- \/ Yoast SEO plugin. -->","yoast_head_json":{"title":"\ud83d\ude98 RoadTrip inoubliable sur 10 jours \u00e0 La R\u00e9union - Zotcar","description":"D\u00e9couvrez un road trip inoubliable de 10 jours \u00e0 La R\u00e9union pour ne rien manquer et faire baver votre entourage rest\u00e9 au loin !","robots":{"index":"index","follow":"follow","max-snippet":"max-snippet:-1","max-image-preview":"max-image-preview:large","max-video-preview":"max-video-preview:-1"},"canonical":"https:\/\/www.zotcar.com\/blog\/roadtrip-la-reunion\/","og_locale":"fr_FR","og_type":"article","og_title":"\ud83d\ude98 RoadTrip inoubliable sur 10 jours \u00e0 La R\u00e9union - Zotcar","og_description":"D\u00e9couvrez un road trip inoubliable de 10 jours \u00e0 La R\u00e9union pour ne rien manquer et faire baver votre entourage rest\u00e9 au loin !","og_url":"https:\/\/www.zotcar.com\/blog\/roadtrip-la-reunion\/","og_site_name":"Zotcar","article_publisher":"https:\/\/www.facebook.com\/zotcar\/","article_author":"https:\/\/www.facebook.com\/zotcar\/","article_published_time":"2022-01-03T13:52:27+00:00","article_modified_time":"2023-07-25T11:18:10+00:00","og_image":[{"width":1000,"height":500,"url":"https:\/\/zc-blog.s3.eu-west-1.amazonaws.com\/blog\/wp-content\/uploads\/2020\/07\/24172229\/roadtrip-a%CC%80-la-reunion.jpg","type":"image\/jpeg"}],"author":"michel","twitter_card":"summary_large_image","twitter_creator":"@zotcar974","twitter_site":"@zotcar974","twitter_misc":{"\u00c9crit par":"michel","Dur\u00e9e de lecture estim\u00e9e":"8 minutes"},"schema":{"@context":"https:\/\/schema.org","@graph":[{"@type":"WebPage","@id":"https:\/\/www.zotcar.com\/blog\/roadtrip-la-reunion\/","url":"https:\/\/www.zotcar.com\/blog\/roadtrip-la-reunion\/","name":"\ud83d\ude98 RoadTrip inoubliable sur 10 jours \u00e0 La R\u00e9union - Zotcar","isPartOf":{"@id":"https:\/\/www.zotcar.com\/blog\/#website"},"datePublished":"2022-01-03T13:52:27+00:00","dateModified":"2023-07-25T11:18:10+00:00","author":{"@id":"https:\/\/www.zotcar.com\/blog\/#\/schema\/person\/e605c8a3aa6efa4eb7967d86e8a6a657"},"description":"D\u00e9couvrez un road trip inoubliable de 10 jours \u00e0 La R\u00e9union pour ne rien manquer et faire baver votre entourage rest\u00e9 au loin !","breadcrumb":{"@id":"https:\/\/www.zotcar.com\/blog\/roadtrip-la-reunion\/#breadcrumb"},"inLanguage":"fr-FR","potentialAction":[{"@type":"ReadAction","target":["https:\/\/www.zotcar.com\/blog\/roadtrip-la-reunion\/"]}]},{"@type":"BreadcrumbList","@id":"https:\/\/www.zotcar.com\/blog\/roadtrip-la-reunion\/#breadcrumb","itemListElement":[{"@type":"ListItem","position":1,"name":"Accueil","item":"https:\/\/www.zotcar.com\/blog\/"},{"@type":"ListItem","position":2,"name":"RoadTrip inoubliable sur 10 jours \u00e0 La R\u00e9union"}]},{"@type":"WebSite","@id":"https:\/\/www.zotcar.com\/blog\/#website","url":"https:\/\/www.zotcar.com\/blog\/","name":"Zotcar","description":"Blog de Zotcar - Location de voiture entre particuliers \u00e0 La R\u00e9union, en Martinique et en Guadeloupe","potentialAction":[{"@type":"SearchAction","target":{"@type":"EntryPoint","urlTemplate":"https:\/\/www.zotcar.com\/blog\/?s={search_term_string}"},"query-input":"required name=search_term_string"}],"inLanguage":"fr-FR"},{"@type":"Person","@id":"https:\/\/www.zotcar.com\/blog\/#\/schema\/person\/e605c8a3aa6efa4eb7967d86e8a6a657","name":"michel","image":{"@type":"ImageObject","inLanguage":"fr-FR","@id":"https:\/\/www.zotcar.com\/blog\/#\/schema\/person\/image\/","url":"https:\/\/secure.gravatar.com\/avatar\/cfc7629b21c96d13c82cc526e7cf0ea4?s=96&d=mm&r=g","contentUrl":"https:\/\/secure.gravatar.com\/avatar\/cfc7629b21c96d13c82cc526e7cf0ea4?s=96&d=mm&r=g","caption":"michel"},"description":"Michel, fondateur de Zotcar, est un entrepreneur de nature. Ses exp\u00e9riences professionnelles dans les start-up parisiennes l\u2019ont conduit \u00e0 d\u00e9velopper Zotcar, leader de la location de voiture entre particuliers \u00e0 La R\u00e9union. Passionn\u00e9 de trail, il adore parcourir les sentiers de notre belle \u00eele !","sameAs":["https:\/\/www.zotcar.com","https:\/\/www.facebook.com\/zotcar\/","https:\/\/www.instagram.com\/zotcar\/","https:\/\/www.linkedin.com\/company\/10668298","https:\/\/twitter.com\/zotcar974"],"url":"https:\/\/www.zotcar.com\/blog\/author\/michel\/"}]}},"_links":{"self":[{"href":"https:\/\/www.zotcar.com\/blog\/wp-json\/wp\/v2\/posts\/574"}],"collection":[{"href":"https:\/\/www.zotcar.com\/blog\/wp-json\/wp\/v2\/posts"}],"about":[{"href":"https:\/\/www.zotcar.com\/blog\/wp-json\/wp\/v2\/types\/post"}],"author":[{"embeddable":true,"href":"https:\/\/www.zotcar.com\/blog\/wp-json\/wp\/v2\/users\/1"}],"replies":[{"embeddable":true,"href":"https:\/\/www.zotcar.com\/blog\/wp-json\/wp\/v2\/comments?post=574"}],"version-history":[{"count":17,"href":"https:\/\/www.zotcar.com\/blog\/wp-json\/wp\/v2\/posts\/574\/revisions"}],"predecessor-version":[{"id":1611,"href":"https:\/\/www.zotcar.com\/blog\/wp-json\/wp\/v2\/posts\/574\/revisions\/1611"}],"wp:featuredmedia":[{"embeddable":true,"href":"https:\/\/www.zotcar.com\/blog\/wp-json\/wp\/v2\/media\/3529"}],"wp:attachment":[{"href":"https:\/\/www.zotcar.com\/blog\/wp-json\/wp\/v2\/media?parent=574"}],"wp:term":[{"taxonomy":"category","embeddable":true,"href":"https:\/\/www.zotcar.com\/blog\/wp-json\/wp\/v2\/categories?post=574"},{"taxonomy":"post_tag","embeddable":true,"href":"https:\/\/www.zotcar.com\/blog\/wp-json\/wp\/v2\/tags?post=574"}],"curies":[{"name":"wp","href":"https:\/\/api.w.org\/{rel}","templated":true}]}}